{"id":17168,"date":"2025-07-31T21:22:10","date_gmt":"2025-07-31T21:22:10","guid":{"rendered":"https:\/\/www.europesays.com\/es\/17168\/"},"modified":"2025-07-31T21:22:10","modified_gmt":"2025-07-31T21:22:10","slug":"el-enviado-de-trump-ira-el-viernes-a-gaza-para-inspeccionar-la-distribucion-de-la-ayuda","status":"publish","type":"post","link":"https:\/\/www.europesays.com\/es\/17168\/","title":{"rendered":"El enviado de Trump ir\u00e1 el viernes a Gaza para inspeccionar la distribuci\u00f3n de la ayuda"},"content":{"rendered":"<p>    <img src=\"https:\/\/www.europesays.com\/es\/wp-content\/uploads\/2025\/07\/68fl6zq-item01-ipad-89767961.jpg\" width=\"1024\" height=\"682\" alt=\"\" loading=\"eager\" decoding=\"sync\" fetchpriority=\"high\"\/><\/p>\n<p>            afp_tickers        <\/p>\n<p>        Este contenido fue publicado en    <\/p>\n<p>        31 julio 2025 &#8211; 23:03\n<\/p>\n<p>El enviado del presidente estadounidense Donald Trump para Oriente Medio, Steve Witkoff, ir\u00e1 el viernes a Gaza para inspeccionar la distribuci\u00f3n de ayuda y reunirse con habitantes de ese territorio devastado por la guerra y amenazado por el hambre.<\/p>\n<p>Esta ser\u00e1 la segunda visita de Witkoff a Gaza anunciada p\u00fablicamente. Ya hab\u00eda estado all\u00ed en enero, cuando estaba en vigor un alto el fuego entre Israel y el movimiento islamista palestino Ham\u00e1s, antes de que se reanudara la ofensiva israel\u00ed el 18 de marzo.<\/p>\n<p>Seg\u00fan indic\u00f3 el jueves la portavoz de la Casa Blanca, Witkoff y el embajador estadounidense en Israel, Mike Huckabee, ir\u00e1n a Gaza para inspeccionar los sitios actuales de distribuci\u00f3n de ayuda y garantizar un plan para entregar m\u00e1s alimentos\u00bb a los habitantes del enclave.<\/p>\n<p>\u00abSe reunir\u00e1n con habitantes de Gaza para escuchar de primera mano c\u00f3mo describen esta terrible situaci\u00f3n\u00bb y posteriormente \u00abpresentar\u00e1n un informe al presidente (\u2026) con el fin de aprobar un plan definitivo para la distribuci\u00f3n de ayuda y alimentos\u00bb.<\/p>\n<p>El enviado especial de Estados Unidos a Oriente Medio se reuni\u00f3 el jueves con el primer ministro israel\u00ed Benjamin Netanyahu, en momentos en que su aliado est\u00e1 bajo creciente presi\u00f3n, con varios pa\u00edses prometiendo reconocer el Estado palestino.<\/p>\n<p>Witkoff particip\u00f3 en negociaciones indirectas entre Israel y la organizaci\u00f3n palestina Ham\u00e1s para alcanzar un acuerdo de alto el fuego.<\/p>\n<p>Pero esas conversaciones fracasaron la semana pasada cuando Israel y Estados Unidos retiraron a sus delegaciones de Doha.<\/p>\n<p>Sin soluci\u00f3n a la vista, los muertos por disparos y bombardeos israel\u00edes se cuentan por decenas cada d\u00eda en el asediado territorio, denuncian las fuentes palestinas.<\/p>\n<p>\u00ab\u00a1La manera m\u00e1s r\u00e1pida de poner fin a la crisis humanitaria en Gaza es que Ham\u00e1s CAPITULE Y LIBERE A LOS REHENES!!!\u00bb, escribi\u00f3 por la ma\u00f1ana el presidente Donald Trump.<\/p>\n<p>A principios de semana, en lo que parec\u00eda un distanciamiento de su aliado Netanyahu, expres\u00f3 su preocupaci\u00f3n por una \u00abverdadera hambruna\u00bb que azota Gaza.<\/p>\n<p>Este jueves, Estados Unidos impuso sanciones contra responsables de la Autoridad Palestina y de la Organizaci\u00f3n por la Liberaci\u00f3n de Palestina (OLP), a los que acusa de haber tomado medidas para \u00abinternacionalizar el conflicto con Israel\u00bb, anunci\u00f3 el Departamento de Estado.<\/p>\n<p>\u2013 \u00abCada vez m\u00e1s aislado\u00bb \u2013<\/p>\n<p>Poco antes de la llegada de Witkoff, madres y familiares de rehenes a\u00fan en manos de Ham\u00e1s se manifestaron frente a la oficina de Netanyahu para exigir un \u00abacuerdo global\u00bb que garantice la liberaci\u00f3n de los 49 rehenes a\u00fan retenidos en Gaza, de los cuales 27 han sido declarados muertos por el ej\u00e9rcito.<\/p>\n<p>La guerra fue desencadenada por un ataque sin precedentes llevado a cabo por Ham\u00e1s en Israel el 7 de octubre de 2023, que caus\u00f3 del lado israel\u00ed la muerte de 1.219 personas, en su mayor\u00eda civiles, seg\u00fan un recuento basado en datos oficiales.\u00a0<\/p>\n<p>Las represalias de Israel han causado al menos 60.249 muertes en Gaza, en su mayor\u00eda civiles, seg\u00fan datos del Ministerio de Salud de Ham\u00e1s considerados confiables por la ONU.<\/p>\n<p>La presi\u00f3n sobre Israel crece d\u00eda a d\u00eda, incluso por parte de aliados tradicionales.<\/p>\n<p>El ministro alem\u00e1n de Relaciones Exteriores, Johann Wadephul, lleg\u00f3 tambi\u00e9n a Tel Aviv, donde se reuni\u00f3 con su hom\u00f3logo israel\u00ed Gideon Saar.<\/p>\n<p>Antes de partir hacia Tel Aviv, dijo que Israel est\u00e1 cada vez m\u00e1s aislado diplom\u00e1ticamente ante el desastre humanitario en Gaza.<\/p>\n<p>El mi\u00e9rcoles, ante la \u00abincapacidad persistente\u00bb de Israel para evitar una cat\u00e1strofe humanitaria en Gaza, Canad\u00e1 anunci\u00f3 su intenci\u00f3n de reconocer al Estado de Palestina, como hicieron Francia y el Reino Unido.<\/p>\n<p>El gobierno israel\u00ed, que denuncia una \u00abcampa\u00f1a internacional de presi\u00f3n distorsionada\u00bb, anunci\u00f3 el domingo una pausa limitada en los combates para permitir la entrega de ayuda en el territorio, donde viven unos 2,4 millones de palestinos.<\/p>\n<p>La ONU consider\u00f3 que las condiciones para la distribuci\u00f3n de ayuda est\u00e1n \u00ablejos de ser suficientes\u00bb.<\/p>\n<p>\u2013 Retirada de una divisi\u00f3n \u2013<\/p>\n<p>El jueves por la ma\u00f1ana, varias decenas de cuerpos, alcanzados por balas y asesinados el d\u00eda anterior alrededor de camiones que transportaban ayuda seg\u00fan los familiares de las v\u00edctimas, yac\u00edan apilados en la morgue del hospital Al Shifa, en el norte de Gaza, constat\u00f3 un corresponsal de AFP.<\/p>\n<p>La Defensa Civil de Gaza cifr\u00f3 en 58 los muertos.<\/p>\n<p>El ej\u00e9rcito israel\u00ed confirm\u00f3 haber realizado \u00abdisparos de advertencia\u00bb mientras los habitantes de Gaza se reun\u00edan alrededor de camiones de ayuda.<\/p>\n<p>Seg\u00fan la Defensa Civil, otras 38 personas fueron asesinadas durante la noche en varias operaciones israel\u00edes. El ej\u00e9rcito israel\u00ed dijo estar investigando, pero insisti\u00f3 en la dificultad de verificar sin las coordenadas precisas de estos diversos incidentes.<\/p>\n<p>El ej\u00e9rcito tambi\u00e9n anunci\u00f3 el jueves la retirada del norte de Gaza de su 98\u00aa Divisi\u00f3n, compuesta por unidades de paracaidistas y comandos de \u00e9lite, que \u00abahora se prepara para nuevas misiones\u00bb.<\/p>\n<p>burs-dc\/jsa\/jm\/meb\/mb<\/p>\n","protected":false},"excerpt":{"rendered":"afp_tickers Este contenido fue publicado en 31 julio 2025 &#8211; 23:03 El enviado del presidente estadounidense Donald Trump&hellip;\n","protected":false},"author":2,"featured_media":17169,"comment_status":"","ping_status":"","sticky":false,"template":"","format":"standard","meta":{"footnotes":""},"categories":[42],"tags":[635,17,18,636,13,14,11,61,62,63,64,19,20,9,10,15,16,90,12,21,22,65,66,67],"class_list":{"0":"post-17168","1":"post","2":"type-post","3":"status-publish","4":"format-standard","5":"has-post-thumbnail","7":"category-internacional","8":"tag-armed-conflict","9":"tag-breaking-news","10":"tag-breakingnews","11":"tag-conflict","12":"tag-featured-news","13":"tag-featurednews","14":"tag-headlines","15":"tag-internacional","16":"tag-international","17":"tag-international-news","18":"tag-internationalnews","19":"tag-latest-news","20":"tag-latestnews","21":"tag-news","22":"tag-noticias","23":"tag-noticias-destacadas","24":"tag-noticiasdestacadas","25":"tag-ticker","26":"tag-titulares","27":"tag-ultimas-noticias","28":"tag-ultimasnoticias","29":"tag-world","30":"tag-world-news","31":"tag-worldnews"},"share_on_mastodon":{"url":"","error":""},"_links":{"self":[{"href":"https:\/\/www.europesays.com\/es\/wp-json\/wp\/v2\/posts\/17168","targetHints":{"allow":["GET"]}}],"collection":[{"href":"https:\/\/www.europesays.com\/es\/wp-json\/wp\/v2\/posts"}],"about":[{"href":"https:\/\/www.europesays.com\/es\/wp-json\/wp\/v2\/types\/post"}],"author":[{"embeddable":true,"href":"https:\/\/www.europesays.com\/es\/wp-json\/wp\/v2\/users\/2"}],"replies":[{"embeddable":true,"href":"https:\/\/www.europesays.com\/es\/wp-json\/wp\/v2\/comments?post=17168"}],"version-history":[{"count":0,"href":"https:\/\/www.europesays.com\/es\/wp-json\/wp\/v2\/posts\/17168\/revisions"}],"wp:featuredmedia":[{"embeddable":true,"href":"https:\/\/www.europesays.com\/es\/wp-json\/wp\/v2\/media\/17169"}],"wp:attachment":[{"href":"https:\/\/www.europesays.com\/es\/wp-json\/wp\/v2\/media?parent=17168"}],"wp:term":[{"taxonomy":"category","embeddable":true,"href":"https:\/\/www.europesays.com\/es\/wp-json\/wp\/v2\/categories?post=17168"},{"taxonomy":"post_tag","embeddable":true,"href":"https:\/\/www.europesays.com\/es\/wp-json\/wp\/v2\/tags?post=17168"}],"curies":[{"name":"wp","href":"https:\/\/api.w.org\/{rel}","templated":true}]}}