{"id":171703,"date":"2025-10-12T12:25:07","date_gmt":"2025-10-12T12:25:07","guid":{"rendered":"https:\/\/www.europesays.com\/es\/171703\/"},"modified":"2025-10-12T12:25:07","modified_gmt":"2025-10-12T12:25:07","slug":"he-visto-muchos-pilotos-en-mi-vida-y-carlos","status":"publish","type":"post","link":"https:\/\/www.europesays.com\/es\/171703\/","title":{"rendered":"He visto muchos pilotos en mi vida y Carlos&#8230;"},"content":{"rendered":"<p class=\"L6-news-detail__text\"><b><a title=\"Carlos Sainz\" href=\"https:\/\/www.lasexta.com\/noticias\/deportes\/motor\/formula1\/donde-puede-llegar-carlos-sainz-williams-ojo-sentencia-alguersuari-jugones_2025100968e7b99e9c028a4cad2d9803.html\" target=\"_blank\" rel=\"nofollow noopener\">Carlos Sainz<\/a><\/b> pasa por su mejor momento en <b><a title=\"Williams\" href=\"https:\/\/www.lasexta.com\/noticias\/deportes\/motor\/formula1\/jefe-williams-confia-tanto-motor-mercedes-sabemos-que-tiene-honda_2025100968e770350e3c6c50982d3f27.html\" target=\"_blank\" rel=\"nofollow noopener\">Williams<\/a><\/b> desde que viste de azul. El madrile\u00f1o firm\u00f3 un podio espectacular en Azerbaiy\u00e1n despu\u00e9s de varios grandes premios complicados. En la \u00faltima carrera, en Singapur, <b>Sainz<\/b> consigui\u00f3 puntuar despu\u00e9s de haber salido desde la \u00faltima posici\u00f3n.<\/p>\n<p class=\"L6-news-detail__text\">El ex de <b><a title=\"Ferrari\" href=\"https:\/\/www.lasexta.com\/noticias\/deportes\/motor\/formula1\/defensa-excompanero-hamilton-sus-problemas-ferrari-facil_2025101168ea87f7e81f41796944000a.html\" target=\"_blank\" rel=\"nofollow noopener\">Ferrari<\/a><\/b> ha encadenado sus dos mejores actuaciones con <b>Williams<\/b> aunque su implicaci\u00f3n en la escuder\u00eda siempre ha sido ejemplar. A pesar de los malos resultados, Carlos siempre ha dado la sensaci\u00f3n de intentar remar en la misma direcci\u00f3n que el equipo, algo dif\u00edcil cuando las <b>cosas no van bien<\/b>.<\/p>\n<p class=\"L6-news-detail__text\"><b>James Vowles<\/b>, jefe de Williams, ha revelado lo asombrado que ha quedado este a\u00f1o con el tremendo <b>trabajo de Sainz fuera de la pista<\/b>: \u00abTiene una forma de trabajar realmente buena, con comentarios muy claros y concisos que nos orientan en la direcci\u00f3n correcta. No tuve que pedirle que viniera a la f\u00e1brica. Un d\u00eda <b>lleg\u00f3 a las nueve de la ma\u00f1ana<\/b> y ya estaba sentado con el equipo de aerodin\u00e1mica, metido de lleno en conversaciones sobre detalles muy espec\u00edficos\u00bb.<\/p>\n<p class=\"L6-news-detail__text\">\u00abVimos c\u00f3mo un grupo de unas quince personas empezaba a <b>debatir y analizar aquello<\/b>. Y eso no fue porque yo le dijera \u2018Carlos, necesito que vengas a la f\u00e1brica un lunes a las nueve\u2019. Fue iniciativa suya, porque quiere que el equipo tenga \u00e9xito\u00bb, asegura Vowles.<\/p>\n<p class=\"L6-news-detail__text\">\u00abHe visto muchos<b> pilotos en mi vida, y es raro encontrar uno que<\/b>, primero, est\u00e9 despierto antes de las ocho de la ma\u00f1ana, y m\u00e1s a\u00fan, que quiera pasar su tiempo con el equipo de esa manera\u00bb, a\u00f1ade el directivo brit\u00e1nico en unas declaraciones recogidas por &#8216;Motorsport&#8217;.<\/p>\n<p class=\"L6-support-news-video__title\">\u00abDentro de lo malo ha salido barato\u00bb<\/p>\n<p>            <a href=\"https:\/\/www.lasexta.com\/noticias\/deportes\/motor\/explicacion-lesion-marc-marquez-escalon-grava-multiplico-impacto_2025100668e3d361e81f41796939dbd6.html\" class=\"L6-news__link\" rel=\"nofollow noopener\" target=\"_blank\"><br \/>\n                La explicaci\u00f3n de la lesi\u00f3n de Marc M\u00e1rquez: un escal\u00f3n en la grava multiplic\u00f3 el impacto<\/p>\n<p class=\"recirculation-video-desc\">El campe\u00f3n de MotoGP, tras ser embestido por Marco Bezzecchi, rebot\u00f3 contra un enorme escal\u00f3n entre el asfalto y la grava.<\/p>\n<p>            <\/a><\/p>\n","protected":false},"excerpt":{"rendered":"Carlos Sainz pasa por su mejor momento en Williams desde que viste de azul. El madrile\u00f1o firm\u00f3 un&hellip;\n","protected":false},"author":2,"featured_media":171704,"comment_status":"","ping_status":"","sticky":false,"template":"","format":"standard","meta":{"footnotes":""},"categories":[270],"tags":[168,25,24,306,271,272,23,167],"class_list":{"0":"post-171703","1":"post","2":"type-post","3":"status-publish","4":"format-standard","5":"has-post-thumbnail","7":"category-formula-1","8":"tag-deportes","9":"tag-es","10":"tag-espana","11":"tag-f1","12":"tag-formula-1","13":"tag-formula1","14":"tag-spain","15":"tag-sports"},"share_on_mastodon":{"url":"","error":""},"_links":{"self":[{"href":"https:\/\/www.europesays.com\/es\/wp-json\/wp\/v2\/posts\/171703","targetHints":{"allow":["GET"]}}],"collection":[{"href":"https:\/\/www.europesays.com\/es\/wp-json\/wp\/v2\/posts"}],"about":[{"href":"https:\/\/www.europesays.com\/es\/wp-json\/wp\/v2\/types\/post"}],"author":[{"embeddable":true,"href":"https:\/\/www.europesays.com\/es\/wp-json\/wp\/v2\/users\/2"}],"replies":[{"embeddable":true,"href":"https:\/\/www.europesays.com\/es\/wp-json\/wp\/v2\/comments?post=171703"}],"version-history":[{"count":0,"href":"https:\/\/www.europesays.com\/es\/wp-json\/wp\/v2\/posts\/171703\/revisions"}],"wp:featuredmedia":[{"embeddable":true,"href":"https:\/\/www.europesays.com\/es\/wp-json\/wp\/v2\/media\/171704"}],"wp:attachment":[{"href":"https:\/\/www.europesays.com\/es\/wp-json\/wp\/v2\/media?parent=171703"}],"wp:term":[{"taxonomy":"category","embeddable":true,"href":"https:\/\/www.europesays.com\/es\/wp-json\/wp\/v2\/categories?post=171703"},{"taxonomy":"post_tag","embeddable":true,"href":"https:\/\/www.europesays.com\/es\/wp-json\/wp\/v2\/tags?post=171703"}],"curies":[{"name":"wp","href":"https:\/\/api.w.org\/{rel}","templated":true}]}}