{"id":171713,"date":"2025-10-12T12:32:08","date_gmt":"2025-10-12T12:32:08","guid":{"rendered":"https:\/\/www.europesays.com\/es\/171713\/"},"modified":"2025-10-12T12:32:08","modified_gmt":"2025-10-12T12:32:08","slug":"karlus-en-ibiza-hay-una-escena-musical-alternativa-muy-interesante-pero-no-se-le-hace-caso","status":"publish","type":"post","link":"https:\/\/www.europesays.com\/es\/171713\/","title":{"rendered":"Karlus: \u201cEn Ibiza hay una escena musical alternativa muy interesante pero no se le hace caso\u201d"},"content":{"rendered":"<p>Carlos Ramis Palau (Ibiza, 1997), m\u00e1s conocido por el pseud\u00f3nimo art\u00edstico de \u2018Karlus\u2019, acaba de publicar su primer \u00e1lbum en solitario, \u2018Nova Ebusus\u2019 (Picap). Este disco contiene once canciones en las que este ingeniero inform\u00e1tico ibicenco despliega un imaginario sonoro y personal en el que no faltan brumas electr\u00f3nicas, sintetizadores, melod\u00edas y melancol\u00eda postmilenial.<\/p>\n<p>Despu\u00e9s de vivir unos a\u00f1os en Barcelona, Karlus ha regresado a la isla, y la publicaci\u00f3n del nuevo disco coincide tambi\u00e9n con el inicio de una nueva etapa profesional. Justo en el inicio del periplo promocional, que incluye varias entrevistas en medios nacionales y auton\u00f3micos, este joven vecino de Jes\u00fas nos atiende para hablar de m\u00fasica y de c\u00f3mo es la Ibiza que se ha encontrado a su regreso. Si se convierte en la nueva figura de la escena synthpop, siempre podr\u00e1n decir que su primera entrevista la leyeron en Noudiari.<\/p>\n<p><strong>-El disco se llama Nova Ebusus. Con este t\u00edtulo, supongo que hablar\u00e1s de temas de la isla, \u00bfno?<\/strong><br \/>-S\u00ed, pero no soy s\u00faper expl\u00edcito. Hago muchas referencias, se habla de un viaje, de volver a Ibiza e idealizarla y tambi\u00e9n de conocer a una persona e idealizar esta relaci\u00f3n. Y cuando se rompe la relaci\u00f3n es tambi\u00e9n como romper con esa visi\u00f3n ideal de la isla. No son las cosas f\u00e1ciles aqu\u00ed. Me ser\u00e1 m\u00e1s dif\u00edcil independizarme, encontrar un lugar donde tocar, pagar un alquiler\u2026 Y te dices que si nosotros no hacemos algo para cambiar esto, si queremos una Ibiza diferente a la que hemos conocido y a la que tenemos, algo habr\u00e1 que hacer. El disco termina con el mensaje de ponernos manos a la obra, que los que vivimos en la isla hagamos algo por ella. Pero no se dice expl\u00edcitamente en ning\u00fan momento. Mezclo mi vida con mis experiencias con la isla. Hablo de ella a trav\u00e9s del filtro de mi vida rom\u00e1ntica o de mi familia y mis amigos.<\/p>\n<p><strong>-Esto me hace pensar en el \u00faltimo disco que Bad Bunny, que para hablar de un desenga\u00f1o amoroso utiliza el s\u00edmil del turismo: pasaste como un turista por mi vida, viniste a divertirte unos d\u00edas y no te interesaste en conocerme ni en saber c\u00f3mo soy\u2026<\/strong><br \/>-S\u00ed, uno de los objetivos que me puse era que con las letras no supieras si le hablo a la isla o si hablo de una persona querida, y se juega mucho con esta dualidad.<\/p>\n<p><strong>-Eres ingeniero de software. \u00bfEsta formaci\u00f3n te ha ayudado para la creaci\u00f3n musical?<\/strong><br \/>-Estudi\u00e9 ingenier\u00eda de sistemas audiovisuales, y en esta materia trabajas tanto el procesamiento de audio como la imagen. Hice muchas asignaturas de arquitectura ac\u00fastica, producci\u00f3n sonora. Estudias los efectos que le pones a una foto o a un audio, el rever, por ejemplo. Es una carrera muy abierta, haces muchas cosas. He acabado dedic\u00e1ndome a ingeniero de software.<\/p>\n<p>\u2013<strong>\u00bfY la paleta de sonidos de una canci\u00f3n c\u00f3mo la enfocas?<\/strong><br \/>-Nace del juego. En plan, tengo este sonido y quiero hacerlo sonar as\u00ed. Con las herramientas que tengo, \u00bfc\u00f3mo puedo hacer para que suene como quiero? Vas probando, buscando lo que cuadra y desechando lo que no cuadra\u2026<\/p>\n<p><\/p>\n<p><strong>-Pero en qu\u00e9 piensas primero, \u00bfen la melod\u00eda o en la base r\u00edtmica?<\/strong><br \/>-Viene de lo que te dec\u00eda, del juego. Ir improvisando y cuando veo que algo funciona, me lo quedo. Por ejemplo, me aparece un estribillo que mola y de ah\u00ed intento construir una canci\u00f3n. O saco tres acordes y si veo que molan, empiezo a hacer versos. Yo no soy m\u00fasico, por tanto, a la hora de hacer acordes tiro de internet. Por ejemplo, quiero hacer una canci\u00f3n en sol menor, \u00bfcu\u00e1les son los acordes en sol menor? Los pruebo. Si veo que cuadran, tiro por all\u00e1. Tengo buen o\u00eddo, en plan, s\u00e9 identificar una melod\u00eda, cu\u00e1ndo los acordes suenan bien y cu\u00e1ndo suenan mal.<\/p>\n<p><strong>-\u00bfPor qu\u00e9 empezaste a hacer canciones?<\/strong><br \/>-La m\u00fasica es lo que m\u00e1s me gusta en el mundo. Un raz\u00f3n es esta, y la otra es que desde siempre he intentado expresarme de manera art\u00edstica. Antes siempre lo hac\u00eda a trav\u00e9s de fotos hasta que empec\u00e9 a jugar con programas de creaci\u00f3n musical. Primera era como un hobby y me sal\u00edan cosas horribles, pero con el tiempo he ido mejorando y aprendiendo. No puedo decir en qu\u00e9 momento exacto decid\u00ed hacer canciones.<\/p>\n<p><strong>-\u00bfQu\u00e9 referentes musicales ten\u00edas?<\/strong><br \/>-Mi m\u00e1ximo referente es Bring me Horizon, un grupo de metal del Reino Unido. Su cantante, Oliver Sykes, es una persona que me inspira mucho porque no es muy t\u00e9cnico en cantar ni en la m\u00fasica, pero ha logrado que su banda sea de los mejores grupos de metal ahora mismo. Me inspira mucho el hecho de que, aunque no lo hagas de una manera perfecta t\u00e9cnicamente, si lo que expresas es de verdad, llegar\u00e1s a mucha gente.<\/p>\n<p><strong>-Bueno, para cantar no hace falta una buena voz, pero son necesarias otras cosas. Bob Dylan no habr\u00eda pasado un casting de Operaci\u00f3n Triunfo, por ejemplo. Pero me sorprende que digas que tu referencia es un grupo de metal porque, escuch\u00e1ndote, lo que me ha venido a la cabeza es el vaporwave.<\/strong><br \/>-El vaporwave era una escena en la que no entr\u00e9 mucho en su momento pero s\u00ed, estaba s\u00faper. A ver, a cada uno le llega lo que le llega y cada canci\u00f3n es un mundo. Encuentras un vaporwave, una bachata, una cosa m\u00e1s rapeada, un tema de drum\u2019n\u2019bass. No me cierro a nada.<\/p>\n<p><strong>-\u00bfY ahora qu\u00e9 es lo que m\u00e1s escuchas?<\/strong><br \/>-De todo. A ver, de la escena espa\u00f1ola me encanta Rosal\u00eda, tambi\u00e9n Judeline. Hay un ingl\u00e9s que se llama Iglooghost que hace cosas s\u00faperguays. Tambi\u00e9n hay una chica coreana que se llama Effie que hace un trap muy loco. Para entrenar me pongo postmetal, por la ma\u00f1ana me pongo m\u00fasica cl\u00e1sica. Debo parecer el t\u00edpico que dice \u201cme gusta todo\u201d, pero es que es literal. Pero bueno, yo fundamentalmente soy metalero.<\/p>\n<p><img fetchpriority=\"high\" decoding=\"async\" width=\"1024\" height=\"576\" src=\"https:\/\/www.europesays.com\/es\/wp-content\/uploads\/2025\/10\/WhatsApp-Image-2025-10-10-at-17.09.49-1024x576.jpeg\" alt=\"\" class=\"wp-image-513766\"  \/>Un sonriente Karlus, con la bah\u00eda de Talamanca a sus espaldas. \/ D.V.<\/p>\n<p><strong>-Tema del autotune. Aqu\u00ed creo que es lo que m\u00e1s marca la brecha entre vuestra generaci\u00f3n y la m\u00eda. Vosotros ten\u00e9is completamente integrado el autotune como una herramienta musical, pero a los que tenemos algunos a\u00f1os m\u00e1s, nos parece estar escuchando a Alvin y las Ardillas.<\/strong><br \/>-A mi me gusta mucho jugar con el autotune para intentar hacer sonoridades, para acelerarlas\u2026 Hay canciones que tiran los agudos de manera incre\u00edble y, s\u00ed, a veces parece que es Alvin y las Ardillas, pero es algo buscado y que no nace para suplir las carencias vocales, musicales o t\u00e9cnicas. Y aunque tenga carencias, hago una cosa que solo puedo hacer yo. El autotune es un plug-in m\u00e1s que tengo en el ordenador, una herramienta.<\/p>\n<p><strong>-El punk del 77 lo hac\u00eda gente que no sab\u00eda tocar y tampoco sab\u00eda cantar, y consigui\u00f3 una m\u00fasica extraordinaria. Una carencia se puede convertir en una fortaleza.<\/strong><br \/>-S\u00ed, al 100%. Hay algo muy punk en todo lo que hago y es algo de la escena de ahora en Ibiza, en plan do it yourself. Y mola porque salen cosas \u00fanicas y originales.<\/p>\n<p><strong>-Cantas principalmente en eivissenc. \u00bfPor qu\u00e9 has escogido esta opci\u00f3n ling\u00fc\u00edstica?<\/strong><br \/>-La primera canci\u00f3n la hice en eivissenc, luego hice canciones de trap en castellano, pero despu\u00e9s hice el remix de \u2018Jo tinc una enamorada\u2019 que la cant\u00e9 en eivissenc y me dice, hostia, me siento s\u00faper c\u00f3modo, me salen los versos m\u00e1s f\u00e1ciles, saco melod\u00edas y sonoridades m\u00e1s guays. Ahora, cuando me escucho cantar en castellano, me digo que qu\u00e9 mal que suena. No tingo ning\u00fan problema con la m\u00fasica en castellano, por supuesto, pero canto as\u00ed.<\/p>\n<p><strong>-Ah\u00ed tienes a Mushkaa, Julieta o Maria Hein que triunfan cantando en catal\u00e1n. Mushkaa dijo en una entrevista que en cierta escena urban madrile\u00f1a el catal\u00e1n es visto como algo guay, bohemio, alternativo.<\/strong><br \/>-S\u00ed, a ver, que yo escucho m\u00fasica en coreano y no s\u00e9 lo que dicen. O a Rosal\u00eda no se le entiende cuando canta.<\/p>\n<p><strong>-Habla en \u2018rosaliesco\u2019. Como Nathy Peluso, que tiene un idioma propio.<\/strong><br \/>-Y te sirve para hacer sonoridades chulas con el lenguaje, que te sirva para disfrutar. Tengo claro que quiero cantar en mi lengua pero no hago desde un punto reivindicativo, en plan, \u00a1por la lengua! \u00a1por Eivissa!<\/p>\n<p><strong>-\u00a1Por las precarias! [Imitamos a Soy Una Pringada. Risas. La entrevista prosigue] Te han entrevistado en \u2018Generaci\u00f3n Ya\u2019 de Radio 3 y la semana que viene la tienes completa con entrevistas en medios de Catalunya y Mallorca, incluso en medios nacionales. Supongo que el siguiente paso ser\u00e1 meter la cabeza en el cartel de los festivales. \u00bfC\u00f3mo se logra eso?<\/strong><br \/>-Bueno, eso es la discogr\u00e1fica que est\u00e1 detr\u00e1s y ayuda. Se lo est\u00e1n currando mucho. La entrevista en Radio 3 fue incre\u00edble. Y lo de tocar\u2026 bueno, la verdad es que en Ibiza no me est\u00e1n haciendo mucho caso. Aqu\u00ed est\u00e1n sucediendo cosas muy interesantes pero se le hace poco caso. Yo estoy en otro proyecto paralelo, P\u00faniks, el grupo que tengo con Slim Samurai, que hacemos m\u00fasica urbana, y el Institut d\u2019estudis Eivissencs nos dio una menci\u00f3n\u2026 pero pr\u00e1cticamente no hemos tenido oportunidad de tocar. Y mira que lo he intentado \u00bfeh? Me he movido para hacerlo en alguna fiesta patronal pero es muy dif\u00edcil encontrar una oportunidad en Ibiza para tocar, hay muy pocas puertas abiertas. Lo pude hacer con el KestiKlab y poco m\u00e1s. En Mallorca, por ejemplo, hay una escena alternativa muy chula que creo que deber\u00edamos imitar. Bueno, ahora que ha salido el disco volver\u00e9 a hacer la ronda de llamar a todas las puertas y a ver si hay m\u00e1s suerte.<\/p>\n","protected":false},"excerpt":{"rendered":"Carlos Ramis Palau (Ibiza, 1997), m\u00e1s conocido por el pseud\u00f3nimo art\u00edstico de \u2018Karlus\u2019, acaba de publicar su primer&hellip;\n","protected":false},"author":2,"featured_media":171714,"comment_status":"","ping_status":"","sticky":false,"template":"","format":"standard","meta":{"footnotes":""},"categories":[170],"tags":[209,146,147,3141,25,24,6079,184,185,23],"class_list":{"0":"post-171713","1":"post","2":"type-post","3":"status-publish","4":"format-standard","5":"has-post-thumbnail","7":"category-musica","8":"tag-cultura","9":"tag-entertainment","10":"tag-entretenimiento","11":"tag-entrevista","12":"tag-es","13":"tag-espana","14":"tag-ibiza","15":"tag-music","16":"tag-musica","17":"tag-spain"},"share_on_mastodon":{"url":"","error":""},"_links":{"self":[{"href":"https:\/\/www.europesays.com\/es\/wp-json\/wp\/v2\/posts\/171713","targetHints":{"allow":["GET"]}}],"collection":[{"href":"https:\/\/www.europesays.com\/es\/wp-json\/wp\/v2\/posts"}],"about":[{"href":"https:\/\/www.europesays.com\/es\/wp-json\/wp\/v2\/types\/post"}],"author":[{"embeddable":true,"href":"https:\/\/www.europesays.com\/es\/wp-json\/wp\/v2\/users\/2"}],"replies":[{"embeddable":true,"href":"https:\/\/www.europesays.com\/es\/wp-json\/wp\/v2\/comments?post=171713"}],"version-history":[{"count":0,"href":"https:\/\/www.europesays.com\/es\/wp-json\/wp\/v2\/posts\/171713\/revisions"}],"wp:featuredmedia":[{"embeddable":true,"href":"https:\/\/www.europesays.com\/es\/wp-json\/wp\/v2\/media\/171714"}],"wp:attachment":[{"href":"https:\/\/www.europesays.com\/es\/wp-json\/wp\/v2\/media?parent=171713"}],"wp:term":[{"taxonomy":"category","embeddable":true,"href":"https:\/\/www.europesays.com\/es\/wp-json\/wp\/v2\/categories?post=171713"},{"taxonomy":"post_tag","embeddable":true,"href":"https:\/\/www.europesays.com\/es\/wp-json\/wp\/v2\/tags?post=171713"}],"curies":[{"name":"wp","href":"https:\/\/api.w.org\/{rel}","templated":true}]}}