{"id":171719,"date":"2025-10-12T12:35:09","date_gmt":"2025-10-12T12:35:09","guid":{"rendered":"https:\/\/www.europesays.com\/es\/171719\/"},"modified":"2025-10-12T12:35:09","modified_gmt":"2025-10-12T12:35:09","slug":"la-braquiterapia-contra-el-cancer-de-prostata-una-decision-a-tomar","status":"publish","type":"post","link":"https:\/\/www.europesays.com\/es\/171719\/","title":{"rendered":"LA BRAQUITERAPIA CONTRA EL C\u00c1NCER DE PR\u00d3STATA (una decisi\u00f3n a tomar)"},"content":{"rendered":"<p><img loading=\"lazy\" decoding=\"async\" width=\"1312\" height=\"1968\" src=\"https:\/\/www.europesays.com\/es\/wp-content\/uploads\/2025\/10\/El-poeta-escritor-y-dramaturgo-Juan-Camacho.jpg\" alt=\"\" class=\"wp-image-288350\"  \/><\/p>\n<p><strong>Me llamo Juan Camacho, y hace m\u00e1s de diez a\u00f1os me somet\u00ed al primer control de PSA mediante una anal\u00edtica rutinaria. Los valores no eran preocupantes: se mov\u00edan entre 1,5 y 2. Confiado en aquella normalidad, segu\u00ed con mi rutina diaria hasta que, tres a\u00f1os despu\u00e9s, el PSA pas\u00f3 de 2 a 4. El m\u00e9dico consider\u00f3 que segu\u00eda dentro de una zona segura, aunque el ascenso qued\u00f3 anotado. Pas\u00f3 el tiempo y, hace dos a\u00f1os, el valor se situ\u00f3 en 7. Fue entonces cuando me derivaron al hospital para valorar opciones quir\u00fargicas: una intervenci\u00f3n abierta o una laparoscopia.<\/strong><\/p>\n<p>Confieso que me sent\u00ed confundido y abrumado. Me costaba creer que aquello me estuviera ocurriendo, m\u00e1xime cuando llevaba a\u00f1os controlando el PSA con regularidad. La palabra c\u00e1ncer me golpe\u00f3 con la fuerza de algo que, aunque ajeno, de repente se vuelve propio. Es una sensaci\u00f3n de soledad absoluta, un enigma que desconoces y que parece apartarte del mundo.<\/p>\n<p>He de reconocer que sent\u00ed un gran temor al pensar que quiz\u00e1s tendr\u00eda que someterme a radioterapia externa o a quimioterapia. Ten\u00eda muy presente el recuerdo de un familiar directo, ya fallecido, que sufri\u00f3 las consecuencias de esos tratamientos. Esa experiencia me acompa\u00f1\u00f3 desde el primer momento, haci\u00e9ndome valorar cada opci\u00f3n no solo desde el punto de vista m\u00e9dico, sino tambi\u00e9n desde el emocional. Fue, en buena medida, lo que me llev\u00f3 a buscar alternativas menos agresivas.<\/p>\n<p>Buscando informaci\u00f3n en Internet, descubr\u00ed la existencia de una tecnolog\u00eda llamada robot Da Vinci, un sistema quir\u00fargico m\u00ednimamente invasivo que permite realizar la prostatectom\u00eda con gran precisi\u00f3n y una recuperaci\u00f3n m\u00e1s r\u00e1pida. Sin embargo, este robot no est\u00e1 disponible en todos los hospitales, y tampoco en el que me correspond\u00eda a m\u00ed. Es inevitable entonces plantearse ciertas cuestiones: despu\u00e9s de toda una vida cotizando a la Seguridad Social, \u00bfc\u00f3mo es posible no tener acceso a una tecnolog\u00eda que podr\u00eda reducir riesgos y secuelas? Nadie te informa de ello directamente; tienes que buscarlo por tu cuenta. Es una l\u00e1stima, porque en momentos de vulnerabilidad la informaci\u00f3n clara deber\u00eda ser un derecho, no una conquista.<\/p>\n<p>Finalmente, tras valorar todas las opciones y consultar en Quir\u00f3n e IMQ, me decid\u00ed por la braquiterapia, una t\u00e9cnica menos invasiva, con menos riesgos y una recuperaci\u00f3n m\u00e1s r\u00e1pida. Tambi\u00e9n me anim\u00f3 saber que el ingreso ser\u00eda breve: unas nueve horas en total.<\/p>\n<p>El procedimiento se realiz\u00f3 con anestesia epidural, por lo que no sent\u00ed nada. El doctor que llev\u00f3 a cabo la intervenci\u00f3n era un profesional experimentado y seguro, lo que me transmiti\u00f3 una confianza que, en ese momento, fue esencial. En total, me implantaron cincuenta y cuatro inyecciones radiactivas, distribuidas por toda la pr\u00f3stata. Durante un a\u00f1o y dos meses conviv\u00ed con esa irradiaci\u00f3n interna, sin incidentes ni complicaciones.<\/p>\n<p>Hoy, dos a\u00f1os despu\u00e9s, puedo decir que no he tenido p\u00e9rdidas de orina, inflamaciones ni molestias en la vejiga o el recto. Mis valores de PSA se mantienen estables, entre 0,2 y 0,4, lo que confirma que el tratamiento fue un \u00e9xito.<\/p>\n<p>Durante estos dos \u00faltimos a\u00f1os he tenido revisiones semestrales. Quiero recalcar este aspecto porque demuestra el seguimiento y la atenci\u00f3n constantes de los profesionales m\u00e9dicos. No te dejan solo: est\u00e1n ah\u00ed, vigilando tu evoluci\u00f3n, atentos a cada detalle.<\/p>\n<p>Otro aspecto que considero fundamental es hablar con los hijos. El c\u00e1ncer de pr\u00f3stata tiene un componente hereditario importante: los descendientes directos pueden tener hasta un 45 % de posibilidades de padecerlo. Compartir esta informaci\u00f3n no es alarmar, sino prevenir. Saberlo a tiempo les permitir\u00e1 realizar controles de PSA de manera temprana y responsable. En familia tambi\u00e9n se puede cuidar la salud.<\/p>\n<p>Asumir la palabra c\u00e1ncer fue, sin duda, lo m\u00e1s dif\u00edcil. No por miedo a la enfermedad en s\u00ed, sino por lo que representa. Sin embargo, con el tiempo comprend\u00ed que el conocimiento, la confianza y la serenidad interior son tambi\u00e9n parte del tratamiento.<\/p>\n<p>Por eso me gustar\u00eda insistir en algo fundamental: hacerse el control de PSA es vital. A partir de los 45 a\u00f1os, todo hombre deber\u00eda incluir esta anal\u00edtica en sus revisiones m\u00e9dicas. Es un gesto sencillo, pero puede evitar muchas sorpresas desagradables. En cuestiones de salud, la prevenci\u00f3n siempre ser\u00e1 el mejor tratamiento.<\/p>\n<p>Este texto naci\u00f3 a ra\u00edz de la invitaci\u00f3n de un buen amigo que hoy lucha contra el c\u00e1ncer de pr\u00f3stata. Es, adem\u00e1s, el responsable del Grupo Oretania, en Castilla-La Mancha, donde un grupo de poetas nos hemos unido para apoyar esta valiente y necesaria iniciativa suya. Escribir sobre mi experiencia no busca otra cosa que sumar una voz m\u00e1s a la prevenci\u00f3n, la esperanza y el compromiso con la vida.<\/p>\n<p><strong>Nota:<\/strong> Juan Camacho es poeta, escritor y dramaturgo, vasco de origen valdepe\u00f1ero, coordinador en Euskadi del Grupo Oretania.<\/p>\n","protected":false},"excerpt":{"rendered":"Me llamo Juan Camacho, y hace m\u00e1s de diez a\u00f1os me somet\u00ed al primer control de PSA mediante&hellip;\n","protected":false},"author":2,"featured_media":171720,"comment_status":"","ping_status":"","sticky":false,"template":"","format":"standard","meta":{"footnotes":""},"categories":[92],"tags":[24713,1940,49711,25,24,165,30259,166,23,3022,43622],"class_list":{"0":"post-171719","1":"post","2":"type-post","3":"status-publish","4":"format-standard","5":"has-post-thumbnail","7":"category-salud","8":"tag-alcazar","9":"tag-ciudad-real","10":"tag-de-san-juan","11":"tag-es","12":"tag-espana","13":"tag-health","14":"tag-puertollano","15":"tag-salud","16":"tag-spain","17":"tag-tomelloso","18":"tag-valdepenas"},"share_on_mastodon":{"url":"","error":""},"_links":{"self":[{"href":"https:\/\/www.europesays.com\/es\/wp-json\/wp\/v2\/posts\/171719","targetHints":{"allow":["GET"]}}],"collection":[{"href":"https:\/\/www.europesays.com\/es\/wp-json\/wp\/v2\/posts"}],"about":[{"href":"https:\/\/www.europesays.com\/es\/wp-json\/wp\/v2\/types\/post"}],"author":[{"embeddable":true,"href":"https:\/\/www.europesays.com\/es\/wp-json\/wp\/v2\/users\/2"}],"replies":[{"embeddable":true,"href":"https:\/\/www.europesays.com\/es\/wp-json\/wp\/v2\/comments?post=171719"}],"version-history":[{"count":0,"href":"https:\/\/www.europesays.com\/es\/wp-json\/wp\/v2\/posts\/171719\/revisions"}],"wp:featuredmedia":[{"embeddable":true,"href":"https:\/\/www.europesays.com\/es\/wp-json\/wp\/v2\/media\/171720"}],"wp:attachment":[{"href":"https:\/\/www.europesays.com\/es\/wp-json\/wp\/v2\/media?parent=171719"}],"wp:term":[{"taxonomy":"category","embeddable":true,"href":"https:\/\/www.europesays.com\/es\/wp-json\/wp\/v2\/categories?post=171719"},{"taxonomy":"post_tag","embeddable":true,"href":"https:\/\/www.europesays.com\/es\/wp-json\/wp\/v2\/tags?post=171719"}],"curies":[{"name":"wp","href":"https:\/\/api.w.org\/{rel}","templated":true}]}}