{"id":171725,"date":"2025-10-12T12:38:08","date_gmt":"2025-10-12T12:38:08","guid":{"rendered":"https:\/\/www.europesays.com\/es\/171725\/"},"modified":"2025-10-12T12:38:08","modified_gmt":"2025-10-12T12:38:08","slug":"la-ruta-a-nueva-york-beneficiara-a-25-400-emigrantes-gallegos-y-medio-millon-de-turistas","status":"publish","type":"post","link":"https:\/\/www.europesays.com\/es\/171725\/","title":{"rendered":"La ruta a Nueva York beneficiar\u00e1 a 25.400 emigrantes gallegos y medio mill\u00f3n de turistas"},"content":{"rendered":"<p class=\"ft-text\">La nueva ruta entre Santiago de Compostela y Nueva York, concretamente al aeropuerto de Newark, que operar\u00e1 desde el pr\u00f3ximo 28 de mayo United Airlines en Lavacolla, supondr\u00e1 un beneficio para la numerosa comunidad gallega que vive en esta regi\u00f3n de Estados Unidos y que habitualmente viene de vacaciones a Galicia. Tambi\u00e9n mejorar\u00e1 la conectividad para los m\u00e1s de 400.000 turistas norteamericanos que visitan nuestra comunidad cada a\u00f1o. Seg\u00fan datos facilitados por el Consulado General de Espa\u00f1a, un total de 25.457 gallegos residen en EE UU, de los que 5.810 est\u00e1n afincados en el \u00e1rea metropolitana de Nueva York, a la que pertenece Newark y Nueva Jersey, dos puntos de referencia para la emigraci\u00f3n gallega.<\/p>\n<p class=\"ft-text\">Pero la conexi\u00f3n directa entre el Rosal\u00eda de Castro y Newark no solo mejorar\u00e1 el desplazamiento de emigrantes entre Galicia y Estados Unidos, sino que tambi\u00e9n supondr\u00e1 una gran oportunidad para el turismo. Hay que tener en cuenta que, seg\u00fan datos de la Xunta, en 2024 visitaron Galicia en torno a 400.000 estadounidenses. La mayor\u00eda lo tuvieron que hacer a trav\u00e9s de enlaces con escalas en alg\u00fan aeropuerto europeo, antes de llegar a alguna de las terminales gallegas; o bien a trav\u00e9s de Oporto, donde varias aerol\u00edneas operan vuelos directamente a Estados Unidos.<\/p>\n<p class=\"ft-text\">No cabe duda de que el tir\u00f3n tur\u00edstico y sobre todo del Camino de Santiago en EE UU ha sido uno de los motivos que ha animado a United Airlines a impulsar la ruta entre Santiago y Nueva York, que estar\u00e1n conectadas con tres vuelos semanales el pr\u00f3ximo verano.<\/p>\n<p class=\"ft-text\">Hay que tener en cuenta que los estadounidenses son los peregrinos extranjeros con mayor presencia en el Camino de Santiago. El a\u00f1o pasado llegaron a la Catedral y sellaron la compostela 39.850 personas procedentes de EE UU, una cifra que, teniendo en cuenta las estad\u00edsticas, ser\u00e1 ampliamente superada en 2025, puesto que hasta ayer se hab\u00edan entregado 38.478 compostelas a norteamericanos, seg\u00fan datos de la Catedral.<\/p>\n<p class=\"ft-text\">Lo cierto es que esta no ser\u00e1 la primera vez que Santiago y Nueva York est\u00e9n conectadas directamente. De la hemeroteca se desprende que la ruta entre la capital gallega y la ciudad de los rascacielos se inaugur\u00f3 en los a\u00f1os ochenta, operada, precisamente, por el recordado Boeing 747, conocido popularmente como Jumbo, y enfocada a la emigraci\u00f3n gallega. La aeronave elegida por United Airlines, el Boeing 737 Max, ser\u00e1 considerablemente m\u00e1s peque\u00f1a que el Jumbo.<\/p>\n<p class=\"ft-text\"><strong>Valoraci\u00f3n positiva de las <\/strong><\/p>\n<p class=\"ft-text\">El vicepresidente de la Xunta, Diego Calvo, celebr\u00f3 ayer el nuevo vuelo directo entre Santiago y Nueva York, ya que \u00abpodr\u00e1n ir muchos gallegos a Nueva York y, sobre todo, muchos americanos venir a Galicia\u00bb. \u00abY esto viene un poco a mostrar que la promoci\u00f3n que hace Galicia en el exterior funciona\u00bb, dijo. \u00abEstamos promocionando Galicia en muchos pa\u00edses para que vengan esos turistas a Galicia\u00bb, remarc\u00f3.<\/p>\n<p class=\"ft-text\">Se\u00f1al\u00f3 que la prueba est\u00e1 en que \u00abel pa\u00eds que m\u00e1s peregrinos aporta de fuera de Espa\u00f1a es Estados Unidos\u00bb, puesto que \u00abla mayor parte de peregrinos extranjeros que vienen\u00bb lo hacen desde Estados Unidos, \u00aby eso es fundamentalmente por la promoci\u00f3n que hace Galicia de su destino en tierras americanas\u00bb.<\/p>\n<p class=\"ft-text\">\u00abEs una buena noticia y esto nos anima a seguir trabajando, y tambi\u00e9n es una muestra de que se puede conseguir que vengan aerol\u00edneas a Galicia\u00bb, a\u00f1adi\u00f3 Calvo. \u00abY le pedimos a Aena, y tambi\u00e9n al Gobierno de Espa\u00f1a, que act\u00faen\u00bb para que \u00absigan viniendo distintas aerol\u00edneas a los aeropuertos de Galicia\u00bb.<\/p>\n<p class=\"ft-text\">Por su parte, el delegado del Gobierno, Pedro Blanco, se\u00f1al\u00f3 que \u00abes una noticia excelente\u00bb, a la vez que apunt\u00f3 que es \u00abfruto de un trabajo conjunto\u00bb. El representante del gabinete de Pedro S\u00e1nchez incidi\u00f3 en que \u00abel Gobierno de Espa\u00f1a ha apostado con claridad por la internacionalizaci\u00f3n y la movilidad sostenible\u00bb. Adem\u00e1s, quiso remarcar que el Gobierno va a \u00abseguir trabajando para traer nuevas rutas y m\u00e1s oportunidades\u00bb a Galicia.<\/p>\n<p class=\"ft-text\">La portavoz del gobierno municipal de Santiago, M\u00edriam Louzao, calific\u00f3 la puesta en marcha de un vuelo directo entre Santiago y Estados Unidos como una \u00abmuy buena noticia\u00bb para toda Galicia, ya que \u00abmejora la conectividad\u00bb para toda la comunidad. Destac\u00f3 que, adem\u00e1s, la nueva ruta supone una conexi\u00f3n directa \u00abcon nuestro principal mercado emisor\u00bb, que es el americano. En esta l\u00ednea, comprometi\u00f3 el trabajo del gobierno para conseguir que \u00abnuevas rutas y nuevas compa\u00f1\u00edas\u00bb se sigan sumando al aeropuerto de la capital gallega.<\/p>\n<p class=\"ft-text\">El Foro C\u00edvico de Santiago manifest\u00f3 que la nueva ruta \u00abest\u00e1 muy bien para traer turismo\u00bb, pero \u00abno resuelve el problema de conectividad que tenemos provocado por la falta de coordinaci\u00f3n y la sobredimensi\u00f3n de tres aeropuertos\u00bb.<\/p>\n","protected":false},"excerpt":{"rendered":"La nueva ruta entre Santiago de Compostela y Nueva York, concretamente al aeropuerto de Newark, que operar\u00e1 desde&hellip;\n","protected":false},"author":2,"featured_media":122381,"comment_status":"","ping_status":"","sticky":false,"template":"","format":"standard","meta":{"footnotes":""},"categories":[80],"tags":[4495,49712,82,95,94,25,24,629,816,795,896,2236,2450,23,5867],"class_list":{"0":"post-171725","1":"post","2":"type-post","3":"status-publish","4":"format-standard","5":"has-post-thumbnail","7":"category-economia","8":"tag-4495","9":"tag-beneficiara","10":"tag-business","11":"tag-economia","12":"tag-economy","13":"tag-es","14":"tag-espana","15":"tag-estados-unidos","16":"tag-galicia","17":"tag-nueva","18":"tag-nueva-york","19":"tag-ruta","20":"tag-santiago","21":"tag-spain","22":"tag-york"},"share_on_mastodon":{"url":"","error":""},"_links":{"self":[{"href":"https:\/\/www.europesays.com\/es\/wp-json\/wp\/v2\/posts\/171725","targetHints":{"allow":["GET"]}}],"collection":[{"href":"https:\/\/www.europesays.com\/es\/wp-json\/wp\/v2\/posts"}],"about":[{"href":"https:\/\/www.europesays.com\/es\/wp-json\/wp\/v2\/types\/post"}],"author":[{"embeddable":true,"href":"https:\/\/www.europesays.com\/es\/wp-json\/wp\/v2\/users\/2"}],"replies":[{"embeddable":true,"href":"https:\/\/www.europesays.com\/es\/wp-json\/wp\/v2\/comments?post=171725"}],"version-history":[{"count":0,"href":"https:\/\/www.europesays.com\/es\/wp-json\/wp\/v2\/posts\/171725\/revisions"}],"wp:featuredmedia":[{"embeddable":true,"href":"https:\/\/www.europesays.com\/es\/wp-json\/wp\/v2\/media\/122381"}],"wp:attachment":[{"href":"https:\/\/www.europesays.com\/es\/wp-json\/wp\/v2\/media?parent=171725"}],"wp:term":[{"taxonomy":"category","embeddable":true,"href":"https:\/\/www.europesays.com\/es\/wp-json\/wp\/v2\/categories?post=171725"},{"taxonomy":"post_tag","embeddable":true,"href":"https:\/\/www.europesays.com\/es\/wp-json\/wp\/v2\/tags?post=171725"}],"curies":[{"name":"wp","href":"https:\/\/api.w.org\/{rel}","templated":true}]}}