{"id":171731,"date":"2025-10-12T12:42:16","date_gmt":"2025-10-12T12:42:16","guid":{"rendered":"https:\/\/www.europesays.com\/es\/171731\/"},"modified":"2025-10-12T12:42:16","modified_gmt":"2025-10-12T12:42:16","slug":"el-irundarra-unai-barreto-al-mundial-sub-17-de-marruecos","status":"publish","type":"post","link":"https:\/\/www.europesays.com\/es\/171731\/","title":{"rendered":"El irundarra Unai Barreto, al mundial sub-17 de Marruecos"},"content":{"rendered":"<p>\n        El jugador del <a href=\"https:\/\/www.noticiasdegipuzkoa.eus\/tags\/cd-bidasoa\/\" title=\"CD Bidasoa\" target=\"_blank\" class=\"link copy\" rel=\"nofollow noopener\">CD Bidasoa<\/a> <strong>Unai Barreto<\/strong> (<a href=\"https:\/\/www.noticiasdegipuzkoa.eus\/bidasoa-txingudi\/irun\/\" title=\"Irun\" target=\"_blank\" class=\"link copy\" rel=\"nofollow noopener\">Irun<\/a>, 2008) <strong>ha sido convocado por la selecci\u00f3n espa\u00f1ola sub-17 para disputar el Mundial<\/strong> de la categor\u00eda en Marruecos. Ser\u00e1 la primera ocasi\u00f3n que se dispute esta competici\u00f3n en esta categor\u00eda, y se celebrar\u00e1 del 24 de octubre al 1 de noviembre.\n<\/p>\n<p class=\"article-body__text \">\n        La RFEBM ha dado a conocer este s\u00e1bado la convocatoria del seleccionador, <strong>Ra\u00fal Entrerr\u00edos, que ha citado a Barreto<\/strong>, que a\u00fan se desarrolla entre las posiciones de central y<strong> extremo izquierdo<\/strong>, para esta \u00faltima posici\u00f3n junto a Marc Villarreal (Bar\u00e7a).\n<\/p>\n<p class=\"article-body__text \">\n        El irundarra, que ya ha debutado con el Irudek Bidasoa Irun tanto en Liga como <a href=\"https:\/\/www.noticiasdegipuzkoa.eus\/balonmano\/2025\/03\/04\/european-league-baby-bidasoa-brilla-benfica-lisboa-9355252.html\" title=\"en Europa ante el Benfica en Lisboa\" target=\"_blank\" class=\"link copy\" rel=\"nofollow noopener\">en Europa ante el Benfica en Lisboa<\/a>, y con el que <a href=\"https:\/\/www.noticiasdegipuzkoa.eus\/balonmano\/2025\/01\/30\/bidasoa-renueva-unai-barreto-2030-9218746.html\" title=\"ha renovado hasta 2030\" target=\"_blank\" class=\"link copy\" rel=\"nofollow noopener\">ha renovado hasta 2030<\/a>, form\u00f3 parte de la selecci\u00f3n sub-19 que <a href=\"https:\/\/www.noticiasdegipuzkoa.eus\/balonmano\/2025\/08\/17\/bidasotarras-unai-barreto-david-failde-subcampeones-mundo-9988463.html\" title=\"se proclam\u00f3 subcampeona del mundo en Egipto en verano\" target=\"_blank\" class=\"link copy\" rel=\"nofollow noopener\">se proclam\u00f3 subcampeona del mundo en Egipto en verano<\/a>.\n<\/p>\n<p class=\"article-photo__footer\">\n            Unai Barreto, con el 21, tras el partido del Irudek Bidasoa Irun en Lisboa            CD Bidasoa        <\/p>\n<p class=\"article-body__text \">\n        Con otros tres efectivos adem\u00e1s del citado Villarreal, el club catal\u00e1n es el conjunto con m\u00e1s representantes en la convocatoria, en la que como \u00fanico lateral derecho se halla <strong>Jorge Mart\u00ednez<\/strong>, hijo del mismo nombre del exportero y preparador de guardametas del Bidasoa, el Bera Bera y la selecci\u00f3n espa\u00f1ola.\n<\/p>\n<p>  La convocatoria de la selecci\u00f3n sub-17<\/p>\n<ul>\n<li><strong>Porter\u00eda:<\/strong> Albert Quesada (FC Barcelona), Rub\u00e9n Carde\u00f1osa (AD Prado Marianistas)<\/li>\n<li><strong>Central:<\/strong> Marcos Garc\u00eda (BM San Sebasti\u00e1n de los Reyes), Julio Fis (BM Alarcos Ciudad Real), \u00c1lvaro Luis D\u00edaz (CD Grubagal)<\/li>\n<li><strong>Lateral<\/strong>\u00a0<strong>izquierdo:<\/strong> Xoel Lago (Cisne BM), Pablo S\u00e1nchez (C\u00f3rdoba de BM), Joel Casas (BM Granollers)<\/li>\n<li><strong>Lateral derecho:<\/strong> Jorge Mart\u00ednez (Real Grupo Cultura Covadonga)<\/li>\n<li><strong>Extremo izquierdo:<\/strong> Marc Villarreal (FC Barcelona), <strong>Unai Barreto<\/strong> (CD Bidasoa)<\/li>\n<li><strong>Extremo derecho:<\/strong> Adri\u00e1n Glar\u00eda (Anaitasuna), Ian Viladiu (FC Barcelona)<\/li>\n<li><strong>Pivote:<\/strong> William Thompson (Luceros), Diego Cristian Lita (BM Alcobendas), Eric Anselmo Guinau (FC Barcelona)<\/li>\n<\/ul>\n<p>  Calendario<\/p>\n<p class=\"article-body__text \">\n        La competici\u00f3n de la selecci\u00f3n espa\u00f1ola comenzar\u00e1 el d\u00eda 24 contra <strong>Corea del Sur<\/strong>, dos d\u00edas despu\u00e9s el rival ser\u00e1 <strong>Catar <\/strong>y para cerrar la fase de grupos, el combinado de <strong>T\u00fanez <\/strong>el 28 de octubre.\n<\/p>\n<p class=\"article-body__text \">\n        Los campeones de los tres grupos y el mejor segundo <strong>disputar\u00e1n las semifinales el jueves 30 de octubre<\/strong>, mientras que el 1 de noviembre se resolver\u00e1 el campeonato con los choques para todo el escalaf\u00f3n: 9\u00ba-12\u00ba, 5\u00ba-8\u00ba, y el podio.\n<\/p>\n<p class=\"article-body__text \">\n        En declaraciones recogidas por la web de la RFEBM, Entrerr\u00edos explica que \u00abdespu\u00e9s de los dos partidos en Egipto, que nos sirvieron como antesala y preparaci\u00f3n para este Campeonato, <strong>lanzamos una nueva convocatoria con 16 jugadores, formando un grupo que combina experiencia en categor\u00eda promesas con otros jugadores que han participado en jornadas de tecnificaci\u00f3n<\/strong> y que ahora comienzan su camino con la selecci\u00f3n espa\u00f1ola\u00bb.\n<\/p>\n<p class=\"article-body__text \">\n        El que fuera campe\u00f3n del mundo y bicampe\u00f3n de Europa, as\u00ed como jugador del Ademar, Valladolid y Bar\u00e7a, reconoce que \u00abtodos los jugadores van a tener <strong>much\u00edsimas ganas de disfrutar del torneo y de dar el m\u00e1ximo entre todos<\/strong>. Vamos con ilusi\u00f3n, compromiso y el deseo de representar a Espa\u00f1a del mejor modo posible\u00bb.<\/p>\n","protected":false},"excerpt":{"rendered":"El jugador del CD Bidasoa Unai Barreto (Irun, 2008) ha sido convocado por la selecci\u00f3n espa\u00f1ola sub-17 para&hellip;\n","protected":false},"author":2,"featured_media":171732,"comment_status":"","ping_status":"","sticky":false,"template":"","format":"standard","meta":{"footnotes":""},"categories":[278],"tags":[10178,376,49714,168,25,24,375,49713,4485,1070,23,167,4039,15267],"class_list":{"0":"post-171731","1":"post","2":"type-post","3":"status-publish","4":"format-standard","5":"has-post-thumbnail","7":"category-balonmano","8":"tag-10178","9":"tag-balonmano","10":"tag-barreto","11":"tag-deportes","12":"tag-es","13":"tag-espana","14":"tag-handball","15":"tag-irundarra","16":"tag-marruecos","17":"tag-mundial","18":"tag-spain","19":"tag-sports","20":"tag-sub","21":"tag-unai"},"share_on_mastodon":{"url":"","error":""},"_links":{"self":[{"href":"https:\/\/www.europesays.com\/es\/wp-json\/wp\/v2\/posts\/171731","targetHints":{"allow":["GET"]}}],"collection":[{"href":"https:\/\/www.europesays.com\/es\/wp-json\/wp\/v2\/posts"}],"about":[{"href":"https:\/\/www.europesays.com\/es\/wp-json\/wp\/v2\/types\/post"}],"author":[{"embeddable":true,"href":"https:\/\/www.europesays.com\/es\/wp-json\/wp\/v2\/users\/2"}],"replies":[{"embeddable":true,"href":"https:\/\/www.europesays.com\/es\/wp-json\/wp\/v2\/comments?post=171731"}],"version-history":[{"count":0,"href":"https:\/\/www.europesays.com\/es\/wp-json\/wp\/v2\/posts\/171731\/revisions"}],"wp:featuredmedia":[{"embeddable":true,"href":"https:\/\/www.europesays.com\/es\/wp-json\/wp\/v2\/media\/171732"}],"wp:attachment":[{"href":"https:\/\/www.europesays.com\/es\/wp-json\/wp\/v2\/media?parent=171731"}],"wp:term":[{"taxonomy":"category","embeddable":true,"href":"https:\/\/www.europesays.com\/es\/wp-json\/wp\/v2\/categories?post=171731"},{"taxonomy":"post_tag","embeddable":true,"href":"https:\/\/www.europesays.com\/es\/wp-json\/wp\/v2\/tags?post=171731"}],"curies":[{"name":"wp","href":"https:\/\/api.w.org\/{rel}","templated":true}]}}