{"id":171733,"date":"2025-10-12T12:44:08","date_gmt":"2025-10-12T12:44:08","guid":{"rendered":"https:\/\/www.europesays.com\/es\/171733\/"},"modified":"2025-10-12T12:44:08","modified_gmt":"2025-10-12T12:44:08","slug":"charles-oliveira-gana-en-ufc-rio-de-janeiro","status":"publish","type":"post","link":"https:\/\/www.europesays.com\/es\/171733\/","title":{"rendered":"Charles Oliveira gana en UFC R\u00edo de Janeiro"},"content":{"rendered":"<p>Tras las victorias de <strong><a href=\"https:\/\/www.vavel.com\/es\/masdeportes\/2025\/06\/23\/1226281-manuel-del-valle-mouzid-las-subidas-y-bajadas-son-bonitas-asi-es-la-vida-que-tu-carrera-profesional-sea-similar-lo-hace-mas-divertido.html\" rel=\"nofollow noopener\" target=\"_blank\">Joel \u00c1lvarez,<\/a><\/strong> y <strong><a href=\"https:\/\/www.vavel.com\/es\/masdeportes\/2024\/11\/01\/1202606-la-ultima-oportunidad-de-brandon-moreno.html\" rel=\"nofollow noopener\" target=\"_blank\">Deiveson Figueiredo,<\/a><\/strong> <strong><a href=\"https:\/\/www.vavel.com\/es\/masdeportes\/2025\/10\/10\/1237129-previa-ufc-fight-night-oliveira-quiere-resurgir-gamrot-ante-la-oportunidad-de-su-vida-y-el-debut-de-joel-alvarez-en-el-welter.html\" rel=\"nofollow noopener\" target=\"_blank\">Charles Oliveira<\/a><\/strong> se med\u00eda a Mateusz Gamrot en el evento principal de UFC R\u00edo. Un \u00abDu Bronx\u00bb que viene de perder el cintur\u00f3n de peso ligero ante <b><a href=\"https:\/\/www.vavel.com\/es\/data\/ilia-topuria\" rel=\"nofollow noopener\" target=\"_blank\">Ilia Topuria,<\/a><\/b> pero que no se rinde, y quiere volver a optar al campeonato en un futuro.<\/p>\n<p>Por su parte, Gamrot es el nuevo rival del brasile\u00f1o. La lesi\u00f3n de Fiziev permiti\u00f3 al polaco poder compartir oct\u00f3gono con la leyenda brasile\u00f1a de la UFC, que recordemos, es el peleador con m\u00e1s sumisiones de la historia de la franquicia. El Farmasi Arena ser\u00eda testigo del evento estelar de la cartelera principal.<\/p>\n<p><img decoding=\"async\" src=\"https:\/\/www.europesays.com\/es\/wp-content\/uploads\/2025\/10\/gettyimages-2240500572-612x612.jpg\"\/><br \/>\nCharles Oliveira en su caminata al oct\u00f3gono \/ GETTY<\/p>\n<p>Primer asalto<\/p>\n<p>El combate empez\u00f3 con un <strong><a href=\"https:\/\/www.vavel.com\/es\/masdeportes\/2025\/07\/03\/1227012-arman-tsarukyan-avisa-a-ilia-topurialo-derribare-lo-sujetare-y-lo-destrozare.html\" rel=\"nofollow noopener\" target=\"_blank\">Charles Oliveira<\/a><\/strong> que empez\u00f3 con suma efusividad. Conect\u00f3 pronto golpes al polaco, que r\u00e1pido busc\u00f3 la pelea en el suelo para frenar al brasile\u00f1o. Ya en grappling, Oliveira le dio caza a Gamrot con su marcado BJJ. El artista de las sumisiones, el tipo con m\u00e1s finalizaciones de la historia de la UFC quer\u00eda defender esta noche lo que era suyo.<\/p>\n<p>Charles tiene muy buena posici\u00f3n para el matale\u00f3n, pero el peleador polaco ha mantenido bien la compostura de forma moment\u00e1nea. El primer asalto es para un &#8216;Du Bronx&#8217; que ha aceptado con humildad la lucha de suelo y ha rendido como un aut\u00e9ntico campe\u00f3n en este asalto.<\/p>\n<p><img decoding=\"async\" src=\"https:\/\/www.europesays.com\/es\/wp-content\/uploads\/2025\/10\/gettyimages-2240501292-612x612.jpg\"\/><br \/>\nCharles someti\u00f3 a su rival en el primer asalto \/ GETTY<\/p>\n<p>Segundo asalto<\/p>\n<p>Oliveira volvi\u00f3 a llevarse la pelea al suelo ante un Gamrot que intenta defenderse de las internadas del brasile\u00f1o, pero &#8216;Du Bronx&#8217;, una vez m\u00e1s, gan\u00f3 el combate por sumisi\u00f3n.<\/p>\n<p><img decoding=\"async\" src=\"https:\/\/www.europesays.com\/es\/wp-content\/uploads\/2025\/10\/gettyimages-2240501287-612x612.jpg\"\/><br \/>\nCharles somete a Gamrot \/ GETTY<\/p>\n<p>Charles siempre se repone, y aunque haya pensado en retirarse, la derrota ante <strong><a href=\"https:\/\/www.vavel.com\/es\/masdeportes\/2025\/09\/14\/1233713-enoc-solves-arrasa-con-darwin-rodriguez-y-se-convierte-en-el-nuevo-campeon-del-peso-semipesado-en-wow-22.html\" rel=\"nofollow noopener\" target=\"_blank\">Ilia Topuria<\/a><\/strong> no fue m\u00e1s que un espejismo del que es una leyenda de la franquicia UFC. Con esta victoria, Charles vuelve a ganar en Brasil y eleva su historial a 36V &#8211; 11D.<\/p>\n","protected":false},"excerpt":{"rendered":"Tras las victorias de Joel \u00c1lvarez, y Deiveson Figueiredo, Charles Oliveira se med\u00eda a Mateusz Gamrot en el&hellip;\n","protected":false},"author":2,"featured_media":171734,"comment_status":"","ping_status":"","sticky":false,"template":"","format":"standard","meta":{"footnotes":""},"categories":[276],"tags":[6054,168,25,24,49169,23,167,343,49715],"class_list":{"0":"post-171733","1":"post","2":"type-post","3":"status-publish","4":"format-standard","5":"has-post-thumbnail","7":"category-ufc","8":"tag-charles-oliveira","9":"tag-deportes","10":"tag-es","11":"tag-espana","12":"tag-mateusz-gamrot","13":"tag-spain","14":"tag-sports","15":"tag-ufc","16":"tag-ufc-rio-de-janeiro"},"share_on_mastodon":{"url":"","error":""},"_links":{"self":[{"href":"https:\/\/www.europesays.com\/es\/wp-json\/wp\/v2\/posts\/171733","targetHints":{"allow":["GET"]}}],"collection":[{"href":"https:\/\/www.europesays.com\/es\/wp-json\/wp\/v2\/posts"}],"about":[{"href":"https:\/\/www.europesays.com\/es\/wp-json\/wp\/v2\/types\/post"}],"author":[{"embeddable":true,"href":"https:\/\/www.europesays.com\/es\/wp-json\/wp\/v2\/users\/2"}],"replies":[{"embeddable":true,"href":"https:\/\/www.europesays.com\/es\/wp-json\/wp\/v2\/comments?post=171733"}],"version-history":[{"count":0,"href":"https:\/\/www.europesays.com\/es\/wp-json\/wp\/v2\/posts\/171733\/revisions"}],"wp:featuredmedia":[{"embeddable":true,"href":"https:\/\/www.europesays.com\/es\/wp-json\/wp\/v2\/media\/171734"}],"wp:attachment":[{"href":"https:\/\/www.europesays.com\/es\/wp-json\/wp\/v2\/media?parent=171733"}],"wp:term":[{"taxonomy":"category","embeddable":true,"href":"https:\/\/www.europesays.com\/es\/wp-json\/wp\/v2\/categories?post=171733"},{"taxonomy":"post_tag","embeddable":true,"href":"https:\/\/www.europesays.com\/es\/wp-json\/wp\/v2\/tags?post=171733"}],"curies":[{"name":"wp","href":"https:\/\/api.w.org\/{rel}","templated":true}]}}