{"id":171743,"date":"2025-10-12T12:51:17","date_gmt":"2025-10-12T12:51:17","guid":{"rendered":"https:\/\/www.europesays.com\/es\/171743\/"},"modified":"2025-10-12T12:51:17","modified_gmt":"2025-10-12T12:51:17","slug":"ha-vuelto-a-ser-su-apuesta-estilistica-en-el-desfile-por-el-12-de-octubre","status":"publish","type":"post","link":"https:\/\/www.europesays.com\/es\/171743\/","title":{"rendered":"ha vuelto a ser su apuesta estil\u00edstica en el desfile por el 12 de octubre"},"content":{"rendered":"<p>El regreso de la infanta Sof\u00eda y su estreno en la recepci\u00f3n palaciega ha sido la gran novedad de la familia real en la jornada de celebraci\u00f3n del 12 de octubre. La hija menor de los reyes, que cursa su primer a\u00f1o de universidad en la sede de Lisboa del Forward College, en esta ocasi\u00f3n s\u00ed ha podido acompa\u00f1ar a sus padres y su hermana despu\u00e9s de dos a\u00f1os de ausencia porque el calendario escolar del UWC Atlantic de Gales, donde estudi\u00f3 el bachillerato, se lo imped\u00eda.<\/p>\n<p>Sof\u00eda, que ha llegado en el coche con su hermana, detr\u00e1s de sus padres, no ha vuelto a dejar a nadie indiferente con el estilismo elegido al bajarse del Rolls Royce con un abrigo capa negro largo con el que hac\u00eda frente al &#8216;fresquito&#8217; con el que ha amanecido el d\u00eda en Madrid. Debajo, llevaba un vestido negro de lunares blancos de Carolina Herrera.<\/p>\n<p><img decoding=\"async\" loading=\"lazy\" src=\"https:\/\/img2.huffingtonpost.es\/files\/image_720\/uploads\/2025\/10\/12\/sofia-con-un-abrigo-capa-largo-en-el-desfile-del-12-de-octubre.jpeg\" width=\"720\" height=\"0\"  data-full-src=\"https:\/\/www.europesays.com\/es\/wp-content\/uploads\/2025\/10\/sofia-con-un-abrigo-capa-largo-en-el-desfile-del-12-de-octubre.jpeg\" \/><\/p>\n<p>            \u00a0<\/p>\n<p>        Sof\u00eda, con un abrigo capa largo en el desfile del 12 de octubre.Getty Images<\/p>\n<p>La elecci\u00f3n ha sido muy comentada, pero lo cierto es que esta no es la primera vez que la infanta elige esta prenda en actos oficiales.<\/p>\n<p>Hace ahora dos a\u00f1os, el 31 de octubre de 2023, el d\u00eda que Leonor jur\u00f3 la Constituci\u00f3n, Sof\u00eda luci\u00f3 un vestido de gasa en tonos celestes, con mangas en capa, de la firma\u00a0Erdem, alquilado para la ocasi\u00f3n. Para protegerse del fr\u00edo de aquel d\u00eda se puso una capa corta de color negro.<\/p>\n<p><img decoding=\"async\" loading=\"lazy\" src=\"https:\/\/img2.huffingtonpost.es\/files\/image_1200_800\/uploads\/2025\/10\/12\/la-reina-letizia-y-la-infanta-sofia-en-la-ceremonia-en-la-que-leonor-juro-la-constitucion.jpeg\" width=\"1200\" height=\"800\"  data-full-src=\"https:\/\/www.europesays.com\/es\/wp-content\/uploads\/2025\/10\/la-reina-letizia-y-la-infanta-sofia-en-la-ceremonia-en-la-que-leonor-juro-la-constitucion.jpeg\" \/><\/p>\n<p>        La reina Letizia y la infanta Sof\u00eda en la ceremonia en la que Leonor jur\u00f3 la Constituci\u00f3n.JUAN NAHARRO<\/p>\n<p>Un top capa tambi\u00e9n eligi\u00f3 para los premios Princesa Girona el pasado mes de julio.\u00a0El dise\u00f1o era de la firma espa\u00f1ola The Are confeccionado en gasa.<\/p>\n<p><img decoding=\"async\" loading=\"lazy\" src=\"https:\/\/img2.huffingtonpost.es\/files\/image_1200_800\/uploads\/2025\/10\/12\/la-infanta-sofia-en-la-esquina-derecha-en-los-premios-princesa-girona-2025.jpeg\" width=\"1200\" height=\"800\"  data-full-src=\"https:\/\/www.europesays.com\/es\/wp-content\/uploads\/2025\/10\/la-infanta-sofia-en-la-esquina-derecha-en-los-premios-princesa-girona-2025.jpeg\" \/><\/p>\n<p>        La infanta Sof\u00eda, en la esquina derecha, en los Premios Princesa Girona 2025.Getty Images<\/p>\n<p>Su predilecci\u00f3n por las capas puede que tenga mucho que ver con su madre, pues para la reina es uno de sus must en el armario de invierno, y Leonor y Sof\u00eda tambi\u00e9n las lucieron cuando eran ni\u00f1as.<\/p>\n<p><img decoding=\"async\" loading=\"lazy\" src=\"https:\/\/img2.huffingtonpost.es\/files\/image_720\/uploads\/2025\/10\/12\/leonor-y-sofia-en-la-celebracion-de-los-40-anos-de-democracia-en-espana-el-6-de-diciembre-de-2018.jpeg\" width=\"720\" height=\"0\"  data-full-src=\"https:\/\/www.europesays.com\/es\/wp-content\/uploads\/2025\/10\/leonor-y-sofia-en-la-celebracion-de-los-40-anos-de-democracia-en-espana-el-6-de-diciembre-de-2018.jp.jpeg\" \/><\/p>\n<p>            \u00a0<\/p>\n<p>        Leonor y Sof\u00eda en la celebraci\u00f3n de los 40 a\u00f1os de democracia en Espa\u00f1a el 6 de diciembre de 2018.NurPhoto via Getty Images<\/p>\n<p>Con la elecci\u00f3n de esta prenda en las m\u00e1s especiales ocasiones, la infanta Sof\u00eda vuelve a confirmar su personal y caracter\u00edstico estilo con el que se aleja de los looks protocolarios y solemnes de su hermana, la princesa de Asturias.<\/p>\n","protected":false},"excerpt":{"rendered":"El regreso de la infanta Sof\u00eda y su estreno en la recepci\u00f3n palaciega ha sido la gran novedad&hellip;\n","protected":false},"author":2,"featured_media":171744,"comment_status":"","ping_status":"","sticky":false,"template":"","format":"standard","meta":{"footnotes":""},"categories":[174],"tags":[49716,21958,255,146,147,25,24,256,18599,14465,11647,23],"class_list":{"0":"post-171743","1":"post","2":"type-post","3":"status-publish","4":"format-standard","5":"has-post-thumbnail","7":"category-famosos","8":"tag-abrigos","9":"tag-capa","10":"tag-celebrities","11":"tag-entertainment","12":"tag-entretenimiento","13":"tag-es","14":"tag-espana","15":"tag-famosos","16":"tag-gusto","17":"tag-infanta","18":"tag-sofia","19":"tag-spain"},"share_on_mastodon":{"url":"","error":""},"_links":{"self":[{"href":"https:\/\/www.europesays.com\/es\/wp-json\/wp\/v2\/posts\/171743","targetHints":{"allow":["GET"]}}],"collection":[{"href":"https:\/\/www.europesays.com\/es\/wp-json\/wp\/v2\/posts"}],"about":[{"href":"https:\/\/www.europesays.com\/es\/wp-json\/wp\/v2\/types\/post"}],"author":[{"embeddable":true,"href":"https:\/\/www.europesays.com\/es\/wp-json\/wp\/v2\/users\/2"}],"replies":[{"embeddable":true,"href":"https:\/\/www.europesays.com\/es\/wp-json\/wp\/v2\/comments?post=171743"}],"version-history":[{"count":0,"href":"https:\/\/www.europesays.com\/es\/wp-json\/wp\/v2\/posts\/171743\/revisions"}],"wp:featuredmedia":[{"embeddable":true,"href":"https:\/\/www.europesays.com\/es\/wp-json\/wp\/v2\/media\/171744"}],"wp:attachment":[{"href":"https:\/\/www.europesays.com\/es\/wp-json\/wp\/v2\/media?parent=171743"}],"wp:term":[{"taxonomy":"category","embeddable":true,"href":"https:\/\/www.europesays.com\/es\/wp-json\/wp\/v2\/categories?post=171743"},{"taxonomy":"post_tag","embeddable":true,"href":"https:\/\/www.europesays.com\/es\/wp-json\/wp\/v2\/tags?post=171743"}],"curies":[{"name":"wp","href":"https:\/\/api.w.org\/{rel}","templated":true}]}}