{"id":171747,"date":"2025-10-12T12:53:12","date_gmt":"2025-10-12T12:53:12","guid":{"rendered":"https:\/\/www.europesays.com\/es\/171747\/"},"modified":"2025-10-12T12:53:12","modified_gmt":"2025-10-12T12:53:12","slug":"feria-internacional-del-libro-de-lawrence-rendira-homenaje-a-escritor-penquista-esteban-escalona","status":"publish","type":"post","link":"https:\/\/www.europesays.com\/es\/171747\/","title":{"rendered":"Feria Internacional del Libro de Lawrence rendir\u00e1 homenaje a escritor penquista Esteban Escalona"},"content":{"rendered":"<p>Por <strong>Roc\u00edo Avenda\u00f1o \/ Mauricio Maldonado\u00a0<\/strong><\/p>\n<p>Entre el <strong>17 y 19 de octubre pr\u00f3xim<\/strong>o se realizar\u00e1 en Estados Unidos la <strong>Feria Internacional del Libro de Lawrence<\/strong>, uno de los encuentros literarios m\u00e1s importantes de la comunidad hispana en <strong>Massachusetts<\/strong>. Este evento cultural y educativo es de gran relevancia, ya que re\u00fane a escritores, acad\u00e9micos, artistas y lectores de todo el mundo con el fin de celebrar la literatura, el arte y la diversidad cultural.<br \/>Teniendo un enfoque en la inclusi\u00f3n de las ra\u00edces latinoamericanas e internacionales, cada nueva edici\u00f3n de este evento literario internacional pretende fomentar el di\u00e1logo intercultural creando un espacio de encuentro entre comunidades. Con presentaciones de libros, conferencias y exhibiciones art\u00edsticas, este a\u00f1o la iniciativa ha decidido dedicar su edici\u00f3n a Chile y su literatura, por lo cual se han escogido a dos escritores chilenos que han tenido una presencia notoria en los Estados Unidos para recibir un reconocimiento.<\/p>\n<p>Los seleccionados para este gran honor fueron el<strong> escritor y editor penquista Esteban Escalona<\/strong>, por su destacada trayectoria y aporte a la difusi\u00f3n de la literatura hispana, y la poeta chileno-ecuatoriana Daisy Nova V\u00e1squez. Escalona public\u00f3 su primer libro <strong>\u201cCiudad Capital\u201d<\/strong> en Chile, con el cual fue premiado por el Ministerio de Educaci\u00f3n y recomendando como lectura complementaria en las instituciones escolares. Actualmente reside en Nueva York y a la fecha ha lanzado dos t\u00edtulos biling\u00fces: <strong>\u201cTal vez Manhattan\/Maybe Manhattan\u201d<\/strong> y \u201cProhibido Hanguear Aqu\u00ed\u201d.<\/p>\n<p>As\u00ed su obra literaria ha sido reconocida por visibilizar la experiencia migrante en la Gran Manzana, tal como lo expres\u00f3 el autor en conversaci\u00f3n con Diario Concepci\u00f3n. \u201cEs literatura de la memoria, del extranjero que llega a otro lugar y de la aventura urbana de los que llegaron a Nueva York buscando una vida mejor y descubrieron que migrar no es un proceso que empieza al llegar a otro pa\u00eds, sino que es un proceso que tiene que vivir uno mismo\u201d.<\/p>\n<p>Por este motivo, la Feria Internacional del Libro de Lawrence realizar\u00e1 un homenaje en su jornada inaugural al representante de las letras penquista, donde se reconocer\u00e1 su trabajo literario, premios y libros publicados hasta la fecha. Adem\u00e1s, el escritor de nuestra Regi\u00f3n participar\u00e1 en diversos paneles de conversaci\u00f3n, incluyendo uno exclusivamente para \u00e9l, y tendr\u00e1 distintos encuentros durante lel transcurso de la feria con j\u00f3venes escritores de las secundarias de Massachusetts.<\/p>\n<p>Nuevo trabajo literario y m\u00e1s<\/p>\n<p>El autor de \u201cTal vez Manhattan\u201d reflexion\u00f3 sobre lo que significa para \u00e9l el ser reconocido de esta manera en una tierra lejana a su patria. \u201cUn reconocimiento a un trabajo literario honesto, porque est\u00e1 construido desde la experiencia migrante.<strong> Es un premio a la simpleza, a quienes tuvieron que reinventarse para sobrevivir<\/strong>, a quienes llegan con deseos y siguen luchando por ellos\u201d. Tambi\u00e9n agreg\u00f3 que esto llega en un momento importante de su carrera pues,\u201d Creo que estoy en una etapa de mucha creaci\u00f3n y este premio me ayuda a difundir m\u00ed trabajo para que m\u00e1s lectores que lean lo que estoy escribiendo, que son historias que busca el dialogo m\u00e1s all\u00e1 de la barrera del idioma\u201d.<\/p>\n<p>En cuanto a sus proyecciones para lo que queda del a\u00f1o y el 2026, pr\u00f3ximamente el escritor tiene planeado lanzar su nueva novela, que ya se encuentra finalizada y editada. \u201cEst\u00e1 en proceso de traducci\u00f3n al ingl\u00e9s mi \u00faltimo libro \u201cProhibido hanguear aqu\u00ed\u201d, disponible en espa\u00f1ol y que ya present\u00e9 hace unos semanas aqu\u00ed en Nueva York y Queens. La idea es que dicha traducci\u00f3n est\u00e9 lista en noviembre, me han pedido que sea as\u00ed, ya que les gust\u00f3 mucho al p\u00fablico de ac\u00e1 mi primer trabajo y quieren otros t\u00edtulos m\u00edos, y tambi\u00e9n se vendr\u00eda la publicaci\u00f3n de mi novela, que tambi\u00e9n est\u00e1 basada en Nueva York. Libro en que juego bastante con la fantas\u00eda e imaginaci\u00f3n, bastante divertida, pero muy profunda respecto a lo que es llegar a otra ciudad\u201d, explic\u00f3 Escalona.<\/p>\n<p>A la par, espera comenzar a trabajar, en el mediano y corto plazo, en talleres de creaci\u00f3n literaria, los cuales le encantar\u00eda impartir y compartir con chilenos a trav\u00e9s de la plataforma Zoom. \u201cMe han pedido mucho el hacer talleres de creaci\u00f3n literaria, me gustar\u00eda el generar este tipo de instancias con gente de Chile, de diferentes ciudades incluyendo a Concepci\u00f3n, por medio de Zoom. <strong>Estoy ideando una instancia as\u00ed para el pr\u00f3ximo a\u00f1o en torno al sustento y creaci\u00f3n literaria<\/strong>\u201d, concluy\u00f3.<\/p>\n","protected":false},"excerpt":{"rendered":"Por Roc\u00edo Avenda\u00f1o \/ Mauricio Maldonado\u00a0 Entre el 17 y 19 de octubre pr\u00f3ximo se realizar\u00e1 en Estados&hellip;\n","protected":false},"author":2,"featured_media":171748,"comment_status":"","ping_status":"","sticky":false,"template":"","format":"standard","meta":{"footnotes":""},"categories":[172],"tags":[224,146,147,25,49718,24,49719,49720,49721,225,8308,23,49722],"class_list":{"0":"post-171747","1":"post","2":"type-post","3":"status-publish","4":"format-standard","5":"has-post-thumbnail","7":"category-libros","8":"tag-books","9":"tag-entertainment","10":"tag-entretenimiento","11":"tag-es","12":"tag-escritor-penquista","13":"tag-espana","14":"tag-esteban-escalona","15":"tag-feria-internacional-del-libro-de-lawrence","16":"tag-importante-homenaje","17":"tag-libros","18":"tag-massachusetts","19":"tag-spain","20":"tag-tal-vez-manhattan"},"share_on_mastodon":{"url":"","error":""},"_links":{"self":[{"href":"https:\/\/www.europesays.com\/es\/wp-json\/wp\/v2\/posts\/171747","targetHints":{"allow":["GET"]}}],"collection":[{"href":"https:\/\/www.europesays.com\/es\/wp-json\/wp\/v2\/posts"}],"about":[{"href":"https:\/\/www.europesays.com\/es\/wp-json\/wp\/v2\/types\/post"}],"author":[{"embeddable":true,"href":"https:\/\/www.europesays.com\/es\/wp-json\/wp\/v2\/users\/2"}],"replies":[{"embeddable":true,"href":"https:\/\/www.europesays.com\/es\/wp-json\/wp\/v2\/comments?post=171747"}],"version-history":[{"count":0,"href":"https:\/\/www.europesays.com\/es\/wp-json\/wp\/v2\/posts\/171747\/revisions"}],"wp:featuredmedia":[{"embeddable":true,"href":"https:\/\/www.europesays.com\/es\/wp-json\/wp\/v2\/media\/171748"}],"wp:attachment":[{"href":"https:\/\/www.europesays.com\/es\/wp-json\/wp\/v2\/media?parent=171747"}],"wp:term":[{"taxonomy":"category","embeddable":true,"href":"https:\/\/www.europesays.com\/es\/wp-json\/wp\/v2\/categories?post=171747"},{"taxonomy":"post_tag","embeddable":true,"href":"https:\/\/www.europesays.com\/es\/wp-json\/wp\/v2\/tags?post=171747"}],"curies":[{"name":"wp","href":"https:\/\/api.w.org\/{rel}","templated":true}]}}