{"id":171749,"date":"2025-10-12T12:54:08","date_gmt":"2025-10-12T12:54:08","guid":{"rendered":"https:\/\/www.europesays.com\/es\/171749\/"},"modified":"2025-10-12T12:54:08","modified_gmt":"2025-10-12T12:54:08","slug":"lo-que-ha-logrado-david-broncano-con-uno-de-sus-ultimos-invitados-a-la-revuelta-es-un-autentico-hito","status":"publish","type":"post","link":"https:\/\/www.europesays.com\/es\/171749\/","title":{"rendered":"Lo que ha logrado David Broncano con uno de sus \u00faltimos invitados a &#8216;La Revuelta&#8217; es un aut\u00e9ntico hito"},"content":{"rendered":"<p><a href=\"https:\/\/www.huffingtonpost.es\/virales\/broncano-marca-objetivo-rufian-politico-acepta-la-revuelta-firma-tuit-da-hablar.html\" rel=\"nofollow noopener\" target=\"_blank\">David Broncano<\/a> y <a href=\"https:\/\/www.huffingtonpost.es\/virales\/marilo-montero-recuerda-polemica-broncano-habla-asi-presentador.html\" rel=\"nofollow noopener\" target=\"_blank\">La Revuelta<\/a> siempre tienen un espacio reservado para la sorpresa. El programa de TVE suele utilizar algunas de sus entrevistas para destacar el trabajo que desempe\u00f1an sus protagonistas.<\/p>\n<p>Pero lo que hizo el pasado jueves va a ser muy recordado en el tiempo. Para muchos de sus seguidores, ha sido el mejor <a href=\"https:\/\/www.huffingtonpost.es\/virales\/broncano-le-pregunta-raul-cimas-sobre-lio-el-hormiguero-el-podia-responder-asi.html\" rel=\"nofollow noopener\" target=\"_blank\">programa de la temporada<\/a> y <b>uno de los mejores desde que aterrizaron en la cadena p\u00fablica<\/b>.<\/p>\n<p>El pasado 15 de septiembre, hubo uno de los espectadores,\u00a0Custodio Jos\u00e9 P\u00e9rez,  que acudi\u00f3 de forma presencial a ver La Revuelta\u00a0que le lanz\u00f3 una propuesta a Broncano: \u00ab<b>Te voy a regalar mi primer libro Granada oscura. Si quieres este libro, me tienes que entrevistar<\/b>\u00ab.<\/p>\n<p>El presentador lejos de descartar su propuesta, le dijo que le tendr\u00eda en cuenta como invitado de emergencia, en el caso de que hubiese una baja de \u00faltima hora. \u00ab<b>S\u00ed, pero avisadme con tiempo<\/b>\u00ab, pidi\u00f3 el protagonista.<\/p>\n<p>Pues casi un mes despu\u00e9s, el pasado jueves, fall\u00f3 uno de los invitados previstos y Broncano se acord\u00f3 de Custodio Jos\u00e9 P\u00e9rez. Le llamaron, se hizo 5 horas de coche y no pudo contener la emoci\u00f3n al inicio del programa.<\/p>\n<p>Lo que muy pocos se esperaban es que, al entrar en detalle en las varias novelas que ha escrito, estaba dando, para algunos, una de las mejores entrevistas que recuerdan en La Revuelta.<\/p>\n<p>Custodio Jos\u00e9 P\u00e9rez cay\u00f3 tan bien que al cabo de unos d\u00edas ha logrado un aut\u00e9ntico hito tras aparecer en la cadena p\u00fablica. Su primer libro se ha convertido en el n\u00famero 1 de Amazon, superando a escritores como Dan Brown o Ken Follet. \u00ab<b>El escritor m\u00e1s vendido es espa\u00f1ol y se llama Custodio<\/b>. Custodio P\u00e9rez sent\u00e1ndose a la mesa con Dan Brown y Ken Follet\u00bb, han se\u00f1alado desde el programa. \u00abGracias a todos por vuestro apoyo\u00bb, ha contestado \u00e9l en la red social X.<\/p>\n","protected":false},"excerpt":{"rendered":"David Broncano y La Revuelta siempre tienen un espacio reservado para la sorpresa. El programa de TVE suele&hellip;\n","protected":false},"author":2,"featured_media":171750,"comment_status":"","ping_status":"","sticky":false,"template":"","format":"standard","meta":{"footnotes":""},"categories":[171],"tags":[9029,146,147,25,24,29956,23,214],"class_list":{"0":"post-171749","1":"post","2":"type-post","3":"status-publish","4":"format-standard","5":"has-post-thumbnail","7":"category-tv","8":"tag-david-broncano","9":"tag-entertainment","10":"tag-entretenimiento","11":"tag-es","12":"tag-espana","13":"tag-la-revuelta","14":"tag-spain","15":"tag-tv"},"share_on_mastodon":{"url":"","error":""},"_links":{"self":[{"href":"https:\/\/www.europesays.com\/es\/wp-json\/wp\/v2\/posts\/171749","targetHints":{"allow":["GET"]}}],"collection":[{"href":"https:\/\/www.europesays.com\/es\/wp-json\/wp\/v2\/posts"}],"about":[{"href":"https:\/\/www.europesays.com\/es\/wp-json\/wp\/v2\/types\/post"}],"author":[{"embeddable":true,"href":"https:\/\/www.europesays.com\/es\/wp-json\/wp\/v2\/users\/2"}],"replies":[{"embeddable":true,"href":"https:\/\/www.europesays.com\/es\/wp-json\/wp\/v2\/comments?post=171749"}],"version-history":[{"count":0,"href":"https:\/\/www.europesays.com\/es\/wp-json\/wp\/v2\/posts\/171749\/revisions"}],"wp:featuredmedia":[{"embeddable":true,"href":"https:\/\/www.europesays.com\/es\/wp-json\/wp\/v2\/media\/171750"}],"wp:attachment":[{"href":"https:\/\/www.europesays.com\/es\/wp-json\/wp\/v2\/media?parent=171749"}],"wp:term":[{"taxonomy":"category","embeddable":true,"href":"https:\/\/www.europesays.com\/es\/wp-json\/wp\/v2\/categories?post=171749"},{"taxonomy":"post_tag","embeddable":true,"href":"https:\/\/www.europesays.com\/es\/wp-json\/wp\/v2\/tags?post=171749"}],"curies":[{"name":"wp","href":"https:\/\/api.w.org\/{rel}","templated":true}]}}