{"id":171751,"date":"2025-10-12T12:55:08","date_gmt":"2025-10-12T12:55:08","guid":{"rendered":"https:\/\/www.europesays.com\/es\/171751\/"},"modified":"2025-10-12T12:55:08","modified_gmt":"2025-10-12T12:55:08","slug":"en-mis-discos-como-en-los-de-mis-favoritos-hay-errores-porque-soy-humano-y-toco-para-humanos","status":"publish","type":"post","link":"https:\/\/www.europesays.com\/es\/171751\/","title":{"rendered":"\u201cEn mis discos, como en los de mis favoritos, hay errores porque soy humano y toco para humanos\u201d"},"content":{"rendered":"<p>\n        Lejos de las multitudes y el fervor popular logrado por <a href=\"https:\/\/www.deia.eus\/tags\/leiva\/\" title=\"Leiva\" class=\"link copy\" rel=\"nofollow noopener\" target=\"_blank\">Leiva<\/a>, su excompa\u00f1ero en Pereza, <strong>Rub\u00e9n Pozo<\/strong> es ejemplo de rockero sincero y honesto, un<strong> m\u00fasico de garito y fiel a la m\u00fasica que le pinza el coraz\u00f3n<\/strong>. Acaba de cumplir medio siglo de vida y, por ello, ha titulado 50town (Altafonte) su quinto disco en solitario, publicado este viernes y que presentar\u00e1 en vivo en la Crazy Horse de Bilao el 25 de octubre. \u201cEl pop y el rock va de emociones, coraz\u00f3n y sangre caliente\u201d, explica el madrile\u00f1o en una larga conversaci\u00f3n trufada de referencias a Lou Reed, Rosendo, Les Paul, Antonio Vega, los Zeppelin y los Stones.\n<\/p>\n<p class=\"article-body__text question-answers__question\">Es su quinto disco en solitario ya.<\/p>\n<p class=\"article-body__text question-answers__answer\">Me podr\u00eda remontar a mis 13 a\u00f1os, cuando empec\u00e9 con la guitarra&#8230; y que con 50 a\u00f1os saque este quinto yo solo tras pasar por Buenas Noches Rose y Pereza, rompe mis expectativas y me hace estar muy ilusionado. No hay quinto malo, se dice.<\/p>\n<p class=\"article-body__text question-answers__question\">\u00bfTodav\u00eda hay nervios cuando se estrena un disco?<\/p>\n<p class=\"article-body__text question-answers__answer\">Siempre, pero con este estoy m\u00e1s tranquilo. No s\u00e9\u2026 igual es por habitar en 50town (risas). Hay mucho trabajo y vericuetos en su creaci\u00f3n y grabaci\u00f3n, muchas alegr\u00edas y frustraciones. Es como las movidas de hacer una pel\u00edcula, y este ha sido como una s\u00faper producci\u00f3n de Hollywood. Contarlas dar\u00eda para tres libros, pero queda la segunda parte, la de tocar. Ver el vinilo hace dos semanas en casa\u2026 no me lo cre\u00eda. Resumiendo, m\u00e1s que nervios tengo ilusi\u00f3n. Es como un orgasmito. <\/p>\n<p class=\"article-body__text question-answers__question\">\u00bfQu\u00e9 ser\u00eda lo mejor y lo peor de su creaci\u00f3n?<\/p>\n<p class=\"article-body__text question-answers__answer\">Me quedo con lo bueno, a valorar lo que tengo, no lo que me falta. Con la gente involucrada, con los m\u00fasicos, la grabaci\u00f3n con Ricky Faulkner en enero, en Casa Murada, en apenas seis d\u00edas\u2026 <\/p>\n<p class=\"article-body__text question-answers__question\">Quique Gonz\u00e1lez, Ferreiro y Luz Casal han grabado all\u00ed. <\/p>\n<p class=\"article-body__text question-answers__answer\">Es un estudio que est\u00e1 lejos de todo, de distracciones, en Banyeres del Pened\u00e8s (Tarragona). Adem\u00e1s, tiene habitaciones y cocina, as\u00ed que comes y duermes all\u00ed. Al terminar las sesiones, Ricky, que dirigi\u00f3 la grabaci\u00f3n y toc\u00f3 el bajo, se ocupaba de las cenas y pon\u00eda m\u00fasica, las copas\u2026 No solo en lo musical, en lo que es un genio, \u00e9l ha sido el gur\u00fa en lo humano tambi\u00e9n. Le falt\u00f3 solo arroparnos en la cama y darnos un beso de despedida. Trabaj\u00f3 tan bien que dice que soy el \u00fanico m\u00fasico con el que ha trabajado que no ha hecho una correcci\u00f3n en las mezclas del disco. <\/p>\n<p class=\"article-body__text question-answers__question\">Tiene ese sonido envolvente del directo.<\/p>\n<p class=\"article-body__text question-answers__answer\">Las bases de bater\u00eda y bajo con guitarras y teclados se grababan en tomas completas, tocando todos a la vez. Hac\u00edamos varias tomas y se eleg\u00eda la buena. Luego, a\u00f1adimos la voz y alguna percusi\u00f3n o teclado. Me gusta ese rollo directo; oigo la sala, la pecera del estudio. Aun as\u00ed, hay errores, no garrafales, porque no soy un robot; soy un humano que toca con humanos y para humanos. En mis discos favoritos tambi\u00e9n los hay. <\/p>\n<p class=\"article-body__text question-answers__question\">\u00bfC\u00f3mo le han ca\u00eddo los 50?<\/p>\n<p class=\"article-body__text question-answers__answer\">Muy bien. La crisis me lleg\u00f3 a los 48 al pensar que me convert\u00eda en poco en un cincuent\u00f3n. La palabra me dio mal rollo y surgi\u00f3 lo de 50town. Llegaba a la ciudad de los cincuentones, as\u00ed surgi\u00f3 la canci\u00f3n hom\u00f3nima. Sali\u00f3 del tir\u00f3n y es optimista, pero tambi\u00e9n habla de p\u00e9rdidas. Me quit\u00e9 de esa crisis tirando de humor. El disco no es conceptual, pero esa canci\u00f3n s\u00ed espole\u00f3 al resto del disco.<\/p>\n<p class=\"article-body__text question-answers__question\">Habla de \u201cla mitad de la partida\u201d, se la tira larga.<\/p>\n<p class=\"article-body__text question-answers__answer\">(Risas). Eso es optimista que te cagas. Se supone que he pasado de la mitad, pero mi abuela se muri\u00f3 con 103 a\u00f1os. <\/p>\n<p class=\"article-body__text question-answers__question\">A los 50 cuesta m\u00e1s ir a los conciertos. \u00bfLo est\u00e1n notando, eso se contrapesa con nuevos y m\u00e1s j\u00f3venes oyentes?<\/p>\n<p class=\"article-body__text question-answers__answer\">De lo que poco que he actuado este a\u00f1o, ya he tocado esa canci\u00f3n y a la gente talludita se le ilumina la cara y funciona bien. No he pensado en la gente m\u00e1s joven, la verdad. Igual me dicen que esto no es para m\u00ed. Una chica le dijo a Borges que le gustaban sus libros, pero no uno en concreto; \u00e9l respondi\u00f3 que ese no estaba escrito para ella, que ten\u00eda que esperar unos a\u00f1os. Pienso lo mismo, ya hablaremos dentro de unos a\u00f1os, con otra edad. Por ejemplo, tengo Spotify, pero sigo acumulando mogoll\u00f3n de vinilos, que desempolvo y con los que me hago mis sesiones. Es un vicio, sobre todo comprar en tiendas de segunda mano; algunos est\u00e1n dedicados, como el que tengo yo de Lou Reed. Este disco sale en vinilo tambi\u00e9n. <\/p>\n<p class=\"article-body__text question-answers__question\">Loquillo ha cogido el t\u00edtulo de su \u00faltimo disco del \u2018Legendary Hearts\u2019 de Reed. En ese disco colaboran usted y Leiva, juntos de nuevo.<\/p>\n<p class=\"article-body__text question-answers__answer\">Ha sido muy bonito porque El Loco es uno de los top. Con 14 a\u00f1os me cay\u00f3 en las manos su disco A por ellos que somos pocos y cobardes, y me dije que c\u00f3mo molaba el rock\u00b4n\u00b4roll. <\/p>\n<p class=\"article-body__text question-answers__question\">Comparten los tres \u2018Rock and Roll Star\u2019. Jugando con otro t\u00edtulo suyo actual, en ella hay mucho \u2018puto amo\u2019.<\/p>\n<p class=\"article-body__text question-answers__answer\">(Risas). En esa canci\u00f3n m\u00eda quise jugar con el rollo de los raperos, lo de ser el puto amo, me la vas a comer porque no me llegas a la suela del zapato\u2026 Pero es tambi\u00e9n s\u00faper rockera. Me glorifico a m\u00ed mismo en poco m\u00e1s de dos minutos y luego vuelvo a ser yo, un tipo t\u00edmido y apocado. <\/p>\n<p class=\"article-body__text question-answers__question\">Ese deje vacil\u00f3n casi rapeado lo ten\u00eda Reed.<\/p>\n<p class=\"article-body__text question-answers__answer\">Totalmente, m\u00e1s que rapear, era declamar bas\u00e1ndose en una m\u00e9trica. Una vez se quej\u00f3 de no ser la portada de las revistas de rap; yo, dec\u00eda, que no he cantado una puta nota en mi vida. <\/p>\n<p class=\"article-body__text question-answers__question\">Ha vuelto a hace un disco de rock cl\u00e1sico.<\/p>\n<p class=\"article-body__text question-answers__answer\">Hago lo que me sale, aunque s\u00ed hay alg\u00fan sintetizador novedoso, como en Disp\u00e1rame. Es cuesti\u00f3n de abrir la mente, alternar electricidad con intimismo&#8230;<\/p>\n<p class=\"article-body__text question-answers__question\">\u2018Garabato\u2019 es el ejemplo de intimidad.<\/p>\n<p class=\"article-body__text question-answers__answer\">Es una rueda de cuatro acordes y sin estribillo (de ah\u00ed el t\u00edtulo) que escrib\u00ed para mi chica. No se puede corear en un concierto y no me importa que no guste; solo buscaba que le gustara a ella. En tema me pregunto qu\u00e9 hace con alguien como yo (risas). !Qu\u00e9 suerte tengo!<\/p>\n<p class=\"article-body__text question-answers__question\">Hay mucho optimismo en las letras.<\/p>\n<p class=\"article-body__text question-answers__answer\">S\u00ed, gana la luz, ha salido as\u00ed. Escrib\u00ed como 40 canciones, no terminadas todas, y luego eleg\u00ed con Ricky. Deb\u00eda estar compensado y tener de todo: baladas, rock duro, pop\u2026 Es fruto de la casualidad, lo que me encanta, ya que en el arte no todo debe estar trazado o bocetado\u2026 me gusta que pasen cosas en el proceso e ir reaccionando a lo inesperado.<\/p>\n<p class=\"article-body__text question-answers__question\">\u201cHay cosas que las haces sin pensar y si las das muchas vueltas ya no salen\u201d, canta.<\/p>\n<p class=\"article-body__text question-answers__answer\">Tal cual, t\u00edo. Como ves, est\u00e1 en el disco tambi\u00e9n (risas). <\/p>\n<p class=\"article-body__text question-answers__question\">En el tema \u2018Disp\u00e1rame\u2019 parece que todo le rebota ya. \u00bfLa madurez?<\/p>\n<p class=\"article-body__text question-answers__answer\">No s\u00e9\u2026 no voy a decir que este es mi disco m\u00e1s maduro porque me llamar\u00e1n rancio. Espero ser siempre un inmaduro. Antes era m\u00e1s serio y concienzudo, le daba vueltas a todo y tardaba en hacer una canci\u00f3n un porr\u00f3n de tiempo; ahora salen r\u00e1pido, m\u00fasica y letra, y no me gusta pensar ni que estoy componiendo, solo que me apetece tocar la guitarra e ir haciendo frases. Y me gusta que el boceto salga en una tarde, no m\u00e1s. <\/p>\n<p class=\"article-body__text question-answers__question\">En un plis plas.<\/p>\n<p class=\"article-body__text question-answers__answer\">En el pop y el rock debe trabajarse r\u00e1pido, no son Las cuatro estaciones de Vivaldi, sino m\u00fasica popular. Si tardas y lo piensas mucho, olvidas de lo que est\u00e1s hablando. Lennon le dijo a Harrison que cuando empezara una canci\u00f3n y tuviera estrofa y estribillo, siguiera, que no lo dejara para el d\u00eda siguiente. Hay que esforzarse, en ese momento est\u00e1 ah\u00ed ese sentimiento. Un d\u00eda despu\u00e9s solo ser\u00e1 el recuerdo de esa sensaci\u00f3n. Creo en eso.<\/p>\n<p class=\"article-body__text question-answers__question\">Esa fijaci\u00f3n por la excelencia la ten\u00eda Springsteen en su juventud y hay un tema en el disco, \u2018Vamos como queremos\u2019, que es pura The E Street Band.<\/p>\n<p class=\"article-body__text question-answers__answer\">El piano suena como el de Roy Bittan, como el Bruce de los 70. Surgi\u00f3 al tocar juntos, lo toc\u00f3 Sergio Valdehita y me apasion\u00f3. Has dado en el clavo, s\u00ed. \u00bfCopia o tributo? Me da igual, lo que quer\u00e1is.<\/p>\n<p class=\"article-body__text question-answers__question\">Queda la parte del directo. \u00bfGanas?<\/p>\n<p class=\"article-body__text question-answers__answer\">S\u00ed, estoy a tope. Componer y grabar se hace en habitaciones, solo o con poca gente. Ahora llega que el trabajo reconcentrado y hacia dentro salga. Tengo una banda que me encanta, Los Chicos de la Curva, y estoy como loco de carretera para ver las caras de la gente. Voy con Loza a la bater\u00eda, Charly a la guitarra y \u00c1ngel Herranz, el bajista, el m\u00e1s joven. <\/p>\n<p class=\"article-body__text question-answers__question\">Sin teclados.<\/p>\n<p class=\"article-body__text question-answers__answer\">En este tramo de la gira, de garitos, no, pero los quiero incluir. Es que hay solos de teclado en alguna canci\u00f3n del disco. De momento, formato de banda de rock al uso.<\/p>\n<p class=\"article-body__text question-answers__question\">\u00bfHay que tenerles miedo debido al nombre de la banda?<\/p>\n<p class=\"article-body__text question-answers__answer\">(Risas). Es buena gente, no. Viene de mi canci\u00f3n La chica de la curva.<\/p>\n<p class=\"article-body__text question-answers__question\">Ya no le mosquea que le saquen a colaci\u00f3n a Pereza.<\/p>\n<p class=\"article-body__text question-answers__answer\">No, t\u00edo, no. Me lo pas\u00e9 muy guay con Leiva. Tuvimos un tiempo muy bonito. Muchos crean bandas de j\u00f3venes y que una de ellas tenga esa magnitud es menos habitual. Tambi\u00e9n estuve en Buenas Noches Rose con los colegas del instituto, surgi\u00f3 en Malasa\u00f1a, cuando hab\u00eda que ficharte y pagarte la grabaci\u00f3n. Ahora, todos los medios para grabar los tienen los chavales en casa, incluso en el m\u00f3vil. Tambi\u00e9n lo pasamos muy bien. He tenido mucha suerte.<\/p>\n<p class=\"article-body__text question-answers__question\">En aquel grupo ten\u00edan un casta como cantante.<\/p>\n<p class=\"article-body__text question-answers__answer\">Jordi Skywalker, aprend\u00ed mucho con \u00e9l. \u00c9l quer\u00eda hacer algo especial y viv\u00eda cada concierto como si fuera el \u00faltimo. Quiz\u00e1s por ello abandon\u00f3, no quer\u00eda que el grupo fuera un funcionarado y algo mec\u00e1nico. Era como un cham\u00e1n, ten\u00eda sus flipes y nos hizo da\u00f1o su decisi\u00f3n, pero con el tiempo valoro lo que hizo. Esto va de emociones, coraz\u00f3n y sangre caliente. <\/p>\n<p class=\"article-body__text question-answers__question\">\u00bfQu\u00e9 ve en futuro? \u201cCantar, cantar y nada m\u00e1s\u201d, se oye en el disco. Y con una guitarra al lado.<\/p>\n<p class=\"article-body__text question-answers__answer\">S\u00ed, en Los que ya no est\u00e1n, dedicada a los m\u00fasicos de mi juventud, a quienes sigo escuchando hoy aunque algunos est\u00e9n muertos. Ojal\u00e1 cuando yo no est\u00e9, alguien me escuche y le d\u00e9 la punzada de hacer m\u00fasica. Y la guitarra es mi instrumento, con ella hago las canciones. Y no es solo algo profesional, es casi dependencia. Me encuentro mal, me pongo mustio, si en dos d\u00edas no he podido tocarla. Cuando le preguntaron al inventor Les Paul sobre el instrumento no habl\u00f3 de madera, bobinas y cuerdas de acero, dijo que la guitarra es una amiga, alguien que te escucha, un barman al cerrar el bar y te pone la \u00faltima copa. Me encant\u00f3. Y la guitarra existir\u00e1 siempre, da igual la tecnolog\u00eda y la IA. El humano quiere que les cuente las cosas otro humano, lo que es hermoso. Al tocar un instrumento se juntan cuerpo, mente y coraz\u00f3n. Ah\u00ed est\u00e1 la magia.<\/p>\n<p class=\"article-body__text question-answers__question\">\u2018Maneras de vivir\u2019, que dir\u00eda Le\u00f1o, a quien reivindica en el disco.<\/p>\n<p class=\"article-body__text question-answers__answer\">En mis discos siempre meto una frase de Rosendo. Antes, al hablar de influencias me pon\u00eda estupendo y hablaba de Keith Richards, Jimmy Page, pero quienes m\u00e1s me ha influenciado han sido Rosendo, el guitar hero de los barrios, y Antonio Vega. Al mismo nivel que los citados. Esto va de comunicar, no de t\u00e9cnica.<\/p>\n","protected":false},"excerpt":{"rendered":"Lejos de las multitudes y el fervor popular logrado por Leiva, su excompa\u00f1ero en Pereza, Rub\u00e9n Pozo es&hellip;\n","protected":false},"author":2,"featured_media":171752,"comment_status":"","ping_status":"","sticky":false,"template":"","format":"standard","meta":{"footnotes":""},"categories":[170],"tags":[17541,146,147,4697,25,24,12014,1634,184,185,49723,36211,1361,23],"class_list":{"0":"post-171751","1":"post","2":"type-post","3":"status-publish","4":"format-standard","5":"has-post-thumbnail","7":"category-musica","8":"tag-discos","9":"tag-entertainment","10":"tag-entretenimiento","11":"tag-errores","12":"tag-es","13":"tag-espana","14":"tag-favoritos","15":"tag-hay","16":"tag-music","17":"tag-musica","18":"tag-pereza","19":"tag-pozo","20":"tag-ruben","21":"tag-spain"},"share_on_mastodon":{"url":"","error":""},"_links":{"self":[{"href":"https:\/\/www.europesays.com\/es\/wp-json\/wp\/v2\/posts\/171751","targetHints":{"allow":["GET"]}}],"collection":[{"href":"https:\/\/www.europesays.com\/es\/wp-json\/wp\/v2\/posts"}],"about":[{"href":"https:\/\/www.europesays.com\/es\/wp-json\/wp\/v2\/types\/post"}],"author":[{"embeddable":true,"href":"https:\/\/www.europesays.com\/es\/wp-json\/wp\/v2\/users\/2"}],"replies":[{"embeddable":true,"href":"https:\/\/www.europesays.com\/es\/wp-json\/wp\/v2\/comments?post=171751"}],"version-history":[{"count":0,"href":"https:\/\/www.europesays.com\/es\/wp-json\/wp\/v2\/posts\/171751\/revisions"}],"wp:featuredmedia":[{"embeddable":true,"href":"https:\/\/www.europesays.com\/es\/wp-json\/wp\/v2\/media\/171752"}],"wp:attachment":[{"href":"https:\/\/www.europesays.com\/es\/wp-json\/wp\/v2\/media?parent=171751"}],"wp:term":[{"taxonomy":"category","embeddable":true,"href":"https:\/\/www.europesays.com\/es\/wp-json\/wp\/v2\/categories?post=171751"},{"taxonomy":"post_tag","embeddable":true,"href":"https:\/\/www.europesays.com\/es\/wp-json\/wp\/v2\/tags?post=171751"}],"curies":[{"name":"wp","href":"https:\/\/api.w.org\/{rel}","templated":true}]}}