{"id":171753,"date":"2025-10-12T12:56:10","date_gmt":"2025-10-12T12:56:10","guid":{"rendered":"https:\/\/www.europesays.com\/es\/171753\/"},"modified":"2025-10-12T12:56:10","modified_gmt":"2025-10-12T12:56:10","slug":"la-presion-estetica-produce-monstruos","status":"publish","type":"post","link":"https:\/\/www.europesays.com\/es\/171753\/","title":{"rendered":"la presi\u00f3n est\u00e9tica produce monstruos"},"content":{"rendered":"<p class=\"ft-text ft-helper-closenews\">Iba a llamarse simplemente &#8216;La hermanastra&#8217;, pero acab\u00f3 siendo <strong>&#8216;La hermanastra fea&#8217; <\/strong>(Oficial Fant\u00e0stic Competici\u00f3; en salas comerciales desde el viernes, d\u00eda 17), \u00abporque por desgracia as\u00ed es como la ve la sociedad\u00bb, comenta la actriz <strong>Lea Myren<\/strong>, revelaci\u00f3n del a\u00f1o en los \u00faltimos premios Amanda, los Oscar noruegos. En su aplaudido primer largo, <strong>Emilie Blichfeldt<\/strong> se inspira en el cuento popular de la Cenicienta para elaborar una <strong>comedia de \u00e9poca negra, negr\u00edsima, &#8216;gore&#8217; y truculenta, sobre el impacto de los est\u00e1ndares de belleza en las mujeres j\u00f3venes o no tan j\u00f3venes<\/strong>.\u00a0<\/p>\n<p class=\"ft-text\">Revelada con <a class=\"ft-link ft-link--decoration\" href=\"https:\/\/www.elperiodico.com\/es\/tele\/series\/20230717\/kids-in-crime-serie-filmin-entrevista-director-kenneth-karlstad-89984653\" target=\"_blank\" rel=\"nofollow noopener\">la desenfrenada serie &#8216;Kids in crime&#8217;<\/a>, Myren debuta en el cine y sigue entreg\u00e1ndose a su oficio con pasi\u00f3n como la torturada (sobre todo, por los dem\u00e1s) Elvira, quien compite con su hermanastra Agnes (<strong>Thea Sofie Loch N\u00e6ss<\/strong>, de series como &#8216;The last kingdom&#8217;, &#8216;La Palma&#8217; o <a class=\"ft-link ft-link--decoration\" href=\"https:\/\/www.elperiodico.com\/es\/ocio-y-cultura\/20250210\/so-long-marianne-serie-leonard-cohen-movistar-114157572\" target=\"_blank\" rel=\"nofollow noopener\">&#8216;So long, Marianne&#8217;<\/a>) por capturar la atenci\u00f3n del pr\u00edncipe Julian (<strong>Isac Calmroth<\/strong>), energ\u00fameno que va de poeta sensible. \u00abYo misma siento a veces, como actriz, esa presi\u00f3n est\u00e9tica, pero trato de evitarla\u00bb, nos dice Myren. \u00abEs algo que puede amargarte. Y <strong>no puedes interpretar a alguien de forma aut\u00e9ntica si solo est\u00e1s preocupada por tu imagen<\/strong>\u00ab.<\/p>\n<p class=\"ft-text\">A ella no le ha importado, en esta ocasi\u00f3n, ser sometida a las desagradables necesidades del <strong>subg\u00e9nero del terror corporal<\/strong>. La madre de Elvira, Rebekka (<strong>Ane Dahl Torp<\/strong>, la entrenadora de f\u00fatbol masculino de &#8216;Home ground&#8217;), tambi\u00e9n sue\u00f1a con que el pr\u00edncipe se fije en la mayor de sus hijas, aunque tan solo por motivos financieros. Y para conseguirlo hace pasar a la joven por <strong>procesos de cirug\u00eda est\u00e9tica bastante primitivos<\/strong>. La propia Elvira decide perder peso trag\u00e1ndose un huevo de tenia. En busca de una cierta inconsciencia, Myren encontr\u00f3 inspiraci\u00f3n, afirma, en su yo m\u00e1s joven, \u00aben la ingenuidad y en un lenguaje corporal menos desarrollado\u00bb.\u00a0<\/p>\n<p class=\"ft-text\">Para Loch N\u00e6ss, la Cenicienta de todo esto, el desaf\u00edo era sobre todo interno: \u00abTodo el mundo cree saber qui\u00e9n es mi personaje, pero quer\u00edamos romper prejuicios y convertirla en una persona de carne y hueso, con sus defectos y tambi\u00e9n con mucha fuerza. La vemos tratar de tomar el control de su propia vida. Es una persona segura de s\u00ed misma. De modo que tuve que aparcar las inseguridades de Thea para mostrar la seguridad de Agnes\u00bb.\u00a0<\/p>\n<p>Problemas con la imagen corporal<\/p>\n<p class=\"ft-text\">La directora encontr\u00f3 su primera inspiraci\u00f3n en <strong>la versi\u00f3n del cuento publicada a principios del siglo XIX por los hermanos Grimm<\/strong>, en la que las hermanastras de la hero\u00edna son capaces, animadas por su propia madre, de <strong>cortarse dedos o un trozo de tal\u00f3n para que el zapato encaje<\/strong>. \u00abMe pod\u00eda identificar, curiosamente, con algo as\u00ed\u00bb, explica Blichfeldt. \u00abUso el n\u00famero 42 de calzado y en Noruega no hay muchas zapater\u00edas de mujeres que lo vendan, aunque muchas mujeres lo usen. Es decir, tambi\u00e9n he lidiado con eso de hacer encajar un zapato. Pod\u00eda identificarme con el anhelo de encajar en el ideal est\u00e9tico y la voluntad de hacer casi cualquier cosa para conseguirlo\u00bb.\u00a0<\/p>\n<p class=\"ft-text\">Igual que el sue\u00f1o de la raz\u00f3n, la presi\u00f3n est\u00e9tica produce monstruos. \u00abContamos a nuestras hijas el cuento de la Cenicienta y crecen queriendo parecerse a ella. Pero en esa b\u00fasqueda, es posible que acaben siendo como nuestra hermanastra, que traten de cambiarse a s\u00ed mismas para encajar en el canon de belleza. <strong>Esta clase de objetificaci\u00f3n de una misma no te hace una persona bonita. Cuando te obsesionas contigo misma, al encontrarte con otros, solo ves tu propio reflejo en sus ojos. <\/strong>Si te encuentras con una mujer, solo la ves como competencia o te comparas con ella. Por eso la hermanastra se convierte en un monstruo, tanto para los otros como para ella misma\u00bb.\u00a0<\/p>\n<p>Reivindicando a Borowczyk<\/p>\n<p class=\"ft-text\">Blichtfeld tuvo una revelaci\u00f3n cuando, con poco m\u00e1s de 20 a\u00f1os, vio <strong>&#8216;Crash&#8217;, de David Cronenberg<\/strong>. As\u00ed entr\u00f3 en una espiral de fascinaci\u00f3n por el terror corporal que la llev\u00f3 a explorar a fondo la obra del maestro canadiense o, m\u00e1s tarde, <strong>Lucio Fulci<\/strong> y <strong>Dario Argento<\/strong>; todos ellos presentes en &#8216;La hermanastra fea&#8217;, incluso con citas visuales directas. Pero todav\u00eda m\u00e1s se nota el influjo del menos jaleado <strong>Walerian Borowczyk<\/strong>, animador y cineasta surrealista que acab\u00f3 cultivando un transgresor erotismo de \u00e9poca. \u00abA mucha gente le puede resultar curioso que un director como \u00e9l haya inspirado esta pel\u00edcula\u00bb, dice Blichtfeld en referencia al autor de &#8216;Cuentos inmorales&#8217; o el estudio de la teratofilia (o atracci\u00f3n por los monstruos) &#8216;La bestia&#8217;. \u00abPero creo que el modo en que observa los cuerpos destila una gran humanidad. Se fija en cuerpos normales y sabe mostrar su belleza. Me dije a m\u00ed misma que si estaba haciendo una pel\u00edcula sobre los cuerpos y sobre c\u00f3mo se transforman, no pod\u00eda dejar de mirarlos ni de buscar la belleza en ellos\u00bb.<\/p>\n<p data-close=\"closedContent\" class=\"subscribeHideForDisplay\">Suscr\u00edbete para seguir leyendo<\/p>\n","protected":false},"excerpt":{"rendered":"Iba a llamarse simplemente &#8216;La hermanastra&#8217;, pero acab\u00f3 siendo &#8216;La hermanastra fea&#8217; (Oficial Fant\u00e0stic Competici\u00f3; en salas comerciales&hellip;\n","protected":false},"author":2,"featured_media":171754,"comment_status":"","ping_status":"","sticky":false,"template":"","format":"standard","meta":{"footnotes":""},"categories":[169],"tags":[1015,177,8365,146,147,3141,25,24,49725,176,49724,175,31941,23],"class_list":{"0":"post-171753","1":"post","2":"type-post","3":"status-publish","4":"format-standard","5":"has-post-thumbnail","7":"category-cine","8":"tag-actrices","9":"tag-cine","10":"tag-directora","11":"tag-entertainment","12":"tag-entretenimiento","13":"tag-entrevista","14":"tag-es","15":"tag-espana","16":"tag-festivales-de-cine","17":"tag-film","18":"tag-la-hermanastra-fea","19":"tag-movies","20":"tag-sitges","21":"tag-spain"},"share_on_mastodon":{"url":"","error":""},"_links":{"self":[{"href":"https:\/\/www.europesays.com\/es\/wp-json\/wp\/v2\/posts\/171753","targetHints":{"allow":["GET"]}}],"collection":[{"href":"https:\/\/www.europesays.com\/es\/wp-json\/wp\/v2\/posts"}],"about":[{"href":"https:\/\/www.europesays.com\/es\/wp-json\/wp\/v2\/types\/post"}],"author":[{"embeddable":true,"href":"https:\/\/www.europesays.com\/es\/wp-json\/wp\/v2\/users\/2"}],"replies":[{"embeddable":true,"href":"https:\/\/www.europesays.com\/es\/wp-json\/wp\/v2\/comments?post=171753"}],"version-history":[{"count":0,"href":"https:\/\/www.europesays.com\/es\/wp-json\/wp\/v2\/posts\/171753\/revisions"}],"wp:featuredmedia":[{"embeddable":true,"href":"https:\/\/www.europesays.com\/es\/wp-json\/wp\/v2\/media\/171754"}],"wp:attachment":[{"href":"https:\/\/www.europesays.com\/es\/wp-json\/wp\/v2\/media?parent=171753"}],"wp:term":[{"taxonomy":"category","embeddable":true,"href":"https:\/\/www.europesays.com\/es\/wp-json\/wp\/v2\/categories?post=171753"},{"taxonomy":"post_tag","embeddable":true,"href":"https:\/\/www.europesays.com\/es\/wp-json\/wp\/v2\/tags?post=171753"}],"curies":[{"name":"wp","href":"https:\/\/api.w.org\/{rel}","templated":true}]}}