{"id":171757,"date":"2025-10-12T12:58:11","date_gmt":"2025-10-12T12:58:11","guid":{"rendered":"https:\/\/www.europesays.com\/es\/171757\/"},"modified":"2025-10-12T12:58:11","modified_gmt":"2025-10-12T12:58:11","slug":"las-consultas-de-salud-mental-de-los-jovenes-continuan-en-aumento-en-soria","status":"publish","type":"post","link":"https:\/\/www.europesays.com\/es\/171757\/","title":{"rendered":"Las consultas de salud mental de los j\u00f3venes contin\u00faan en aumento en Soria"},"content":{"rendered":"<p class=\"paragraph\">La pandemia de covid hace apenas unos a\u00f1os supuso un punto de inflexi\u00f3n en la <b>salud mental de los j\u00f3venes<\/b> con un incremento muy significativo que ha conseguido moderarse pero ni mucho menos corregirse. Cada mes llegan a las consultas <b>una veintena nuevos pacientes<\/b>, ni\u00f1os y adolescentes, porque los problemas psiqui\u00e1tricos y psicol\u00f3gicos siguen en aumento.<\/p>\n<p class=\"paragraph\"><b>Ansiedad, depresi\u00f3n, trastornos afectivos y de la conducta<\/b>, tambi\u00e9n alimentarios a edades m\u00e1s tempranas cada vez. El cuadro que expone la<b> jefa del servicio de Psiquiatr\u00eda del Complejo Hospitalario de Soria, Patricia Blanco<\/b>, no difiere en absoluto de lo que ocurre a nivel global, \u00abhay un incremento de la demanda en la consulta infanto juvenil\u00bb. Una situaci\u00f3n con la que tiene que lidiar un equipo escaso de profesionales, que tensiona el servicio.<\/p>\n<p class=\"paragraph\">Las <b>nuevas tecnolog\u00edas<\/b> tienen mucho que ver en el estado mental de los j\u00f3venes y tambi\u00e9n el propio <b>contexto sociopol\u00edtico<\/b> en un momento de crisis con varios conflictos b\u00e9licos abiertos. \u00abNo podemos aislarnos, esas crisis pol\u00edticas, ambientales, producen situaciones de incertidumbre\u00bb, explica atendiendo al mundo en el que vive una <b>generaci\u00f3n Z<\/b> sobre la que los \u00faltimos estudios ha determinado que \u00abes la que m\u00e1s trastornos, ansiedades y depresi\u00f3n ha tenido de la historia, incluso m\u00e1s que otras generaciones con condiciones m\u00e1s duras como una postguerra\u00bb, se\u00f1ala Blanco.<\/p>\n<p class=\"paragraph\">Las investigaciones apuntan a un origen, el cambio en la manera de socializar, directamente influido por las nuevas tecnolog\u00edas y sobre todo por las redes sociales. \u00abLa era digital ha cambiado la manera de relacionarnos\u00bb, comenta la jefa del servicio, quien a\u00f1ade que uno de los problemas que ven en la consulta es el <b>exceso de ansiedad por las redes sociales<\/b>, \u00abporque todo el tiempo tienen que estar reportando\u00bb. En ese sentido, se\u00f1ala que existe una hiperconexi\u00f3n que facilita la tecnolog\u00eda, \u00abpero no hay una socializaci\u00f3n de calidad\u00bb, y ah\u00ed surgen los problemas afectivos, la inestabilidad emocional. Unido a todo ello, los trastornos  de conducta, imposibilidad de gestionar lo que les ocurre, lo que puede derivar en un aumento de la violencia.<\/p>\n<p>            <a href=\"#\" title=\"\"><\/p>\n<p>                    <img loading=\"lazy\" decoding=\"async\" data-index=\"\" width=\"140\" height=\"140\" alt=\"El servicio de psiquiatr\u00eda est\u00e1 ubicado en el Hospital Virgen del Mir\u00f3n.\" data-full=\"[object Object]\" data-original=\"[object Object]\" src=\"https:\/\/imagenes.heraldodiariodesoria.es\/files\/related_image\/uploads\/2024\/10\/12\/670ac2c40de2c.jpeg\" data-full-src=\"https:\/\/www.europesays.com\/es\/wp-content\/uploads\/2025\/10\/670ac2c40de2c.jpeg\"\/><\/p>\n<p>            <\/a><\/p>\n<p class=\"paragraph\">Un ejemplo claro es el \u00abaumento llamativo\u00bb de los casos de <b>TDAH<\/b>, trastorno por d\u00e9ficit de atenci\u00f3n con hiperactividad, que comprende una combinaci\u00f3n de problemas persistentes, como dificultad para prestar atenci\u00f3n, hiperactividad y conducta impulsiva. El TDAH evidencia s\u00edntomas que comienzan en la primera infancia y contin\u00faan en la edad adulta. Lo que los profesionales de salud mental est\u00e1n detectando es que \u00abla sobreexposici\u00f3n a las pantallas interfiere en las capacidades cognitivas, de concentraci\u00f3n, memoria&#8230;\u00bb, y hoy en d\u00eda es muy dif\u00edcil combatir con el fen\u00f3meno tecnol\u00f3gico que no siempre recibe un buen uso.<\/p>\n<p class=\"paragraph\">A todo ello se a\u00f1ade adem\u00e1s un <b>sesgo de g\u00e9nero<\/b>, porque las redes sociales pueden causar m\u00e1s afectaci\u00f3n en mujeres que en hombres por la supuesta imagen ideal de belleza que proyectan y que lleva a un trastorno de la conducta alimentaria, predominantemente en las chicas, como la anorexia. \u00abSiempre est\u00e1 ah\u00ed pero lo que vemos es que la edad de inicio es cada vez m\u00e1s temprana\u00bb, constata Blanco.<\/p>\n<p class=\"paragraph\">Las consultas de <b>salud mental infanto juvenil<\/b> atienden a pacientes de entre tres y 17 a\u00f1os. Lo habitual no es que haya ni\u00f1os muy peque\u00f1os, pero tambi\u00e9n hay casos por comportamiento irritable u otras circunstancias. Los j\u00f3venes que llegan al especialista lo hacen a trav\u00e9s de Atenci\u00f3n Primaria, a veces por la detecci\u00f3n de los propios padres, a veces por los centros escolares, o los servicios sociales. Salud mental gira unas 200 consultas al mes de este tipo de pacientes, entre los nuevos que debutan y las revisiones.<\/p>\n<p class=\"paragraph\">Blanco destaca que una parte fundamental del trabajo se realiza a nivel familiar, orientando y pautando conductas, y lo fundamental es el seguimiento que se realiza. Evidentemente cada caso es diferente y var\u00eda mucho la respuesta, \u00abhay casos que pueden durar tres semanas y otros en los que hay que hacer seguimiento durante a\u00f1os\u00bb, apunta.<\/p>\n<p class=\"paragraph\">Por eso es igualmente determinante la coordinaci\u00f3n con otros estamentos. \u00abLa atenci\u00f3n asistencial en infanto juvenil es fundamental la coordinaci\u00f3n con servicios sociales, protecci\u00f3n a la infancia, colegios&#8230;\u00bb, toda una red para el bienestar del menor.<\/p>\n<p class=\"paragraph\">En determinadas situaciones se llega al ingreso de los pacientes, si bien la hospitalizaci\u00f3n breve infanto juvenil es de \u00e1mbito regional, se encuentra ubicada en Valladolid y no existe esa opci\u00f3n en Soria. \u00abHay que normalizar el ingreso porque todav\u00eda hay mucho estigma, es un dispositivo m\u00e1s\u00bb, expone Blanco, que a\u00f1ade que las unidades suponen un entorno seguro para el paciente, cuando la situaci\u00f3n lo requiere, por ejemplo porque \u00abellos mismos se hacen da\u00f1o o porque se encuentran en entornos familiares no adecuados\u00bb.<\/p>\n<p class=\"paragraph\">Blanco se\u00f1ala que, afortunadamente, es gratificante ver los resultados del trabajo de salud mental con estos pacientes j\u00f3venes \u00abporque se adaptan muy bien a los cambios y responden a las intervenciones terap\u00e9uticas\u00bb. \u00abS\u00ed que se sale, pero queda mucho por hacer\u00bb, recalca la jefa del servicio.<\/p>\n","protected":false},"excerpt":{"rendered":"La pandemia de covid hace apenas unos a\u00f1os supuso un punto de inflexi\u00f3n en la salud mental de&hellip;\n","protected":false},"author":2,"featured_media":171758,"comment_status":"","ping_status":"","sticky":false,"template":"","format":"standard","meta":{"footnotes":""},"categories":[92],"tags":[2378,25,24,165,166,4474,246,23,120],"class_list":{"0":"post-171757","1":"post","2":"type-post","3":"status-publish","4":"format-standard","5":"has-post-thumbnail","7":"category-salud","8":"tag-depresion","9":"tag-es","10":"tag-espana","11":"tag-health","12":"tag-salud","13":"tag-salud-mental","14":"tag-soria","15":"tag-spain","16":"tag-tecnologia"},"share_on_mastodon":{"url":"","error":""},"_links":{"self":[{"href":"https:\/\/www.europesays.com\/es\/wp-json\/wp\/v2\/posts\/171757","targetHints":{"allow":["GET"]}}],"collection":[{"href":"https:\/\/www.europesays.com\/es\/wp-json\/wp\/v2\/posts"}],"about":[{"href":"https:\/\/www.europesays.com\/es\/wp-json\/wp\/v2\/types\/post"}],"author":[{"embeddable":true,"href":"https:\/\/www.europesays.com\/es\/wp-json\/wp\/v2\/users\/2"}],"replies":[{"embeddable":true,"href":"https:\/\/www.europesays.com\/es\/wp-json\/wp\/v2\/comments?post=171757"}],"version-history":[{"count":0,"href":"https:\/\/www.europesays.com\/es\/wp-json\/wp\/v2\/posts\/171757\/revisions"}],"wp:featuredmedia":[{"embeddable":true,"href":"https:\/\/www.europesays.com\/es\/wp-json\/wp\/v2\/media\/171758"}],"wp:attachment":[{"href":"https:\/\/www.europesays.com\/es\/wp-json\/wp\/v2\/media?parent=171757"}],"wp:term":[{"taxonomy":"category","embeddable":true,"href":"https:\/\/www.europesays.com\/es\/wp-json\/wp\/v2\/categories?post=171757"},{"taxonomy":"post_tag","embeddable":true,"href":"https:\/\/www.europesays.com\/es\/wp-json\/wp\/v2\/tags?post=171757"}],"curies":[{"name":"wp","href":"https:\/\/api.w.org\/{rel}","templated":true}]}}