{"id":171759,"date":"2025-10-12T12:59:10","date_gmt":"2025-10-12T12:59:10","guid":{"rendered":"https:\/\/www.europesays.com\/es\/171759\/"},"modified":"2025-10-12T12:59:10","modified_gmt":"2025-10-12T12:59:10","slug":"letizia-impecable-de-verde-en-una-de-sus-grandes-citas-oficiales-que-ha-vuelto-a-reunir-a-la-princesa-leonor-y-la-infanta-sofia","status":"publish","type":"post","link":"https:\/\/www.europesays.com\/es\/171759\/","title":{"rendered":"Letizia impecable de verde en una de sus grandes citas oficiales que ha vuelto a reunir a la princesa Leonor y la infanta Sof\u00eda"},"content":{"rendered":"<p>Este domingo 12 de octubre los reyes han vuelto a presidir el tradicional desfile de las fuerzas armadas que ha discurrido entre la glorieta del Emperador Carlos V, el paseo del Prado, la plaza de Cibeles, el paseo de Recoletos y la plaza de Col\u00f3n de Madrid.<\/p>\n<p>A las 11 de la ma\u00f1ana, como dictaba el programa, los reyes han llegado para ocupar su lugar en la tribuna de honor situada en la plaza de C\u00e1novas del Castillo. Lo han hecho acompa\u00f1ados de sus hijas que, como dictan las normas de seguridad de la familia real, viajaban en otro Rolls Royce que llegaba detr\u00e1s.<\/p>\n<p>Uno de los grandes asuntos de este evento sigue siendo la elecci\u00f3n estil\u00edstica de la reina que en a\u00f1os sucesivos ha servido para mostrar el estilo y el gusto de Letizia hasta convertirla en una de las royal mejor vestidas.\u00a0<\/p>\n<p>Y este a\u00f1o lo ha vuelto a hacer con una apuesta sencilla que ha recordado a la princesa de Gales, en parte por que es uno de los colores imprescindibles en el armario de Kate Middleton: un vestido de tweed verde bosque de falda evas\u00e9 y cintura marcada con cintur\u00f3n negro. Zapatos de medio tac\u00f3n y bolso negro de Carolina Herrera completaban el estilismo.\u00a0<\/p>\n<p><img decoding=\"async\" loading=\"lazy\" src=\"https:\/\/img2.huffingtonpost.es\/files\/image_720\/uploads\/2025\/10\/12\/la-reina-letizia-ha-sacado-del-joyero-los-pendientes-largos-de-esmeraldas-que-le-regalo-la-firma-tous.jpeg\" width=\"720\" height=\"0\"  data-full-src=\"https:\/\/www.europesays.com\/es\/wp-content\/uploads\/2025\/10\/la-reina-letizia-ha-sacado-del-joyero-los-pendientes-largos-de-esmeraldas-que-le-regalo-la-firma-tou.jpeg\" \/><\/p>\n<p>            \u00a0<\/p>\n<p>        La reina Letizia ha sacado del joyero los pendientes largos de esmeraldas que le regal\u00f3 la firma Tous.GTRES<\/p>\n<p>Llamaban especialmente la atenci\u00f3n sus pendientes, largos de esmeraldas de Tous, que estren\u00f3 en la entrega de los premios Retina Eco 2023 y que fueron un regalo de la firma de joyer\u00eda catalana.<\/p>\n<p>Como siempre, Letizia ha estado muy atenta a todo, pendiente en todo momento de lo que suced\u00eda frente a ella y comentando con sus hijas y su marido cualquier an\u00e9docta.<\/p>\n","protected":false},"excerpt":{"rendered":"Este domingo 12 de octubre los reyes han vuelto a presidir el tradicional desfile de las fuerzas armadas&hellip;\n","protected":false},"author":2,"featured_media":171760,"comment_status":"","ping_status":"","sticky":false,"template":"","format":"standard","meta":{"footnotes":""},"categories":[91],"tags":[146,147,25,24,11644,23],"class_list":{"0":"post-171759","1":"post","2":"type-post","3":"status-publish","4":"format-standard","5":"has-post-thumbnail","7":"category-entretenimiento","8":"tag-entertainment","9":"tag-entretenimiento","10":"tag-es","11":"tag-espana","12":"tag-letizia","13":"tag-spain"},"share_on_mastodon":{"url":"","error":""},"_links":{"self":[{"href":"https:\/\/www.europesays.com\/es\/wp-json\/wp\/v2\/posts\/171759","targetHints":{"allow":["GET"]}}],"collection":[{"href":"https:\/\/www.europesays.com\/es\/wp-json\/wp\/v2\/posts"}],"about":[{"href":"https:\/\/www.europesays.com\/es\/wp-json\/wp\/v2\/types\/post"}],"author":[{"embeddable":true,"href":"https:\/\/www.europesays.com\/es\/wp-json\/wp\/v2\/users\/2"}],"replies":[{"embeddable":true,"href":"https:\/\/www.europesays.com\/es\/wp-json\/wp\/v2\/comments?post=171759"}],"version-history":[{"count":0,"href":"https:\/\/www.europesays.com\/es\/wp-json\/wp\/v2\/posts\/171759\/revisions"}],"wp:featuredmedia":[{"embeddable":true,"href":"https:\/\/www.europesays.com\/es\/wp-json\/wp\/v2\/media\/171760"}],"wp:attachment":[{"href":"https:\/\/www.europesays.com\/es\/wp-json\/wp\/v2\/media?parent=171759"}],"wp:term":[{"taxonomy":"category","embeddable":true,"href":"https:\/\/www.europesays.com\/es\/wp-json\/wp\/v2\/categories?post=171759"},{"taxonomy":"post_tag","embeddable":true,"href":"https:\/\/www.europesays.com\/es\/wp-json\/wp\/v2\/tags?post=171759"}],"curies":[{"name":"wp","href":"https:\/\/api.w.org\/{rel}","templated":true}]}}