{"id":171767,"date":"2025-10-12T13:03:08","date_gmt":"2025-10-12T13:03:08","guid":{"rendered":"https:\/\/www.europesays.com\/es\/171767\/"},"modified":"2025-10-12T13:03:08","modified_gmt":"2025-10-12T13:03:08","slug":"la-recepcion-de-los-reyes-por-la-fiesta-nacional-del-12-o-en-imagenes","status":"publish","type":"post","link":"https:\/\/www.europesays.com\/es\/171767\/","title":{"rendered":"La recepci\u00f3n de los Reyes por la Fiesta Nacional del 12-O, en im\u00e1genes"},"content":{"rendered":"<p>          12\/10\/2025<br \/>\n          <br \/><strong><br \/>\n                  Actualizado a las 14:59h.<br \/>\n              <\/strong><\/p>\n<p class=\"voc-p\" style=\"\">El Palacio Real ha sido, como cada 12 de octubre, el epicentro de la segunda parte de los actos institucionales con motivo del D\u00eda de la Hispanidad. All\u00ed, los Reyes han ofrecido la <strong>tradicional recepci\u00f3n a las m\u00e1s altas instancias del Estado<\/strong> as\u00ed como representantes auton\u00f3micos y una nutrida representaci\u00f3n de empresarios y personalidades del mundo de la cultura y la ciencia.<\/p>\n<p class=\"voc-p\" style=\"\">All\u00ed ha vuelto a ser protagonista la <strong>Infanta Sof\u00eda<\/strong>, puesto que es la primera vez que acud\u00eda al acto por haber alcanzado ya la mayor\u00eda de edad el pasado abril. La <strong>Princesa Leonor<\/strong>, por su parte, ha estado por tercera vez en la cita y tanto ella como su hermana han <a href=\"https:\/\/www.abc.es\/espana\/casa-real\/princesa-leonor-estrena-uniforme-gris-aviacion-desfile-20251012110302-nt.html\" target=\"_self\" data-voc-vtm-id=\"in-text-traffic\" title=\"copado buena parte de las miradas\" data-mrf-link=\"www.abc.es\" rel=\"nofollow noopener\">copado buena parte de las miradas<\/a> durante el besamanos a los mil invitados, que como siempre ha tenido descansos entre medias.<\/p>\n","protected":false},"excerpt":{"rendered":"12\/10\/2025 Actualizado a las 14:59h. El Palacio Real ha sido, como cada 12 de octubre, el epicentro de&hellip;\n","protected":false},"author":2,"featured_media":171768,"comment_status":"","ping_status":"","sticky":false,"template":"","format":"standard","meta":{"footnotes":""},"categories":[8],"tags":[49377,17,18,25,24,13,14,2328,11,1641,19,20,813,9,10,15,16,14466,3051,23,12,21,22],"class_list":{"0":"post-171767","1":"post","2":"type-post","3":"status-publish","4":"format-standard","5":"has-post-thumbnail","7":"category-espana","8":"tag-12o","9":"tag-breaking-news","10":"tag-breakingnews","11":"tag-es","12":"tag-espana","13":"tag-featured-news","14":"tag-featurednews","15":"tag-fiesta","16":"tag-headlines","17":"tag-imagenes","18":"tag-latest-news","19":"tag-latestnews","20":"tag-nacional","21":"tag-news","22":"tag-noticias","23":"tag-noticias-destacadas","24":"tag-noticiasdestacadas","25":"tag-recepcion","26":"tag-reyes","27":"tag-spain","28":"tag-titulares","29":"tag-ultimas-noticias","30":"tag-ultimasnoticias"},"share_on_mastodon":{"url":"","error":""},"_links":{"self":[{"href":"https:\/\/www.europesays.com\/es\/wp-json\/wp\/v2\/posts\/171767","targetHints":{"allow":["GET"]}}],"collection":[{"href":"https:\/\/www.europesays.com\/es\/wp-json\/wp\/v2\/posts"}],"about":[{"href":"https:\/\/www.europesays.com\/es\/wp-json\/wp\/v2\/types\/post"}],"author":[{"embeddable":true,"href":"https:\/\/www.europesays.com\/es\/wp-json\/wp\/v2\/users\/2"}],"replies":[{"embeddable":true,"href":"https:\/\/www.europesays.com\/es\/wp-json\/wp\/v2\/comments?post=171767"}],"version-history":[{"count":0,"href":"https:\/\/www.europesays.com\/es\/wp-json\/wp\/v2\/posts\/171767\/revisions"}],"wp:featuredmedia":[{"embeddable":true,"href":"https:\/\/www.europesays.com\/es\/wp-json\/wp\/v2\/media\/171768"}],"wp:attachment":[{"href":"https:\/\/www.europesays.com\/es\/wp-json\/wp\/v2\/media?parent=171767"}],"wp:term":[{"taxonomy":"category","embeddable":true,"href":"https:\/\/www.europesays.com\/es\/wp-json\/wp\/v2\/categories?post=171767"},{"taxonomy":"post_tag","embeddable":true,"href":"https:\/\/www.europesays.com\/es\/wp-json\/wp\/v2\/tags?post=171767"}],"curies":[{"name":"wp","href":"https:\/\/api.w.org\/{rel}","templated":true}]}}