{"id":171769,"date":"2025-10-12T13:05:01","date_gmt":"2025-10-12T13:05:01","guid":{"rendered":"https:\/\/www.europesays.com\/es\/171769\/"},"modified":"2025-10-12T13:05:01","modified_gmt":"2025-10-12T13:05:01","slug":"a-buen-ritmo-los-trabajos-para-dotar-al-castillo-de-iluminacion-ornamental-interior-por-primera-vez-en-la-historia","status":"publish","type":"post","link":"https:\/\/www.europesays.com\/es\/171769\/","title":{"rendered":"A buen ritmo los trabajos para dotar al Castillo de iluminaci\u00f3n ornamental interior por primera vez en la historia"},"content":{"rendered":"<p>El Castillo de Alcal\u00e1 de Guada\u00edra contar\u00e1 con iluminaci\u00f3n monumental y art\u00edstica en su interior por primera vez en la historia. Los trabajos para dotar a la fortaleza de un sistema lum\u00ednico avanzan a buen ritmo y permitir\u00e1n realzar torres, murallas y patios de las Alcazabas Occidentales para que vecinos y visitantes aprecien la grandeza de una fortificaci\u00f3n \u00fanica en Andaluc\u00eda.\n <\/p>\n<p>El delegado municipal de Cultura, Patrimonio y Museos, Christopher Rivas, junto con el delegado de H\u00e1bitat Urbano, David Delgado, han realizado una visita al Castillo para comprobar el avance de las obras, realizadas en colaboraci\u00f3n entre ambas delegaciones, dentro del convenio con la Red El\u00e9ctrica de Espa\u00f1a y que han contado con la aprobaci\u00f3n  de la Comisi\u00f3n Provincial de Patrimonio. Los trabajos se iniciaron el pasado mes de junio con un presupuesto de m\u00e1s de 132.000 euros.<\/p>\n<p>David Delgado ha explicado que \u201cel sistema de iluminaci\u00f3n, completamente de tecnolog\u00eda Led que permite mayor potencia lum\u00ednica con menor consumo energ\u00e9tico, cuenta con proyectores en distintas ubicaciones que realzar\u00e1n desde las murallas, a los patios de los Silos y de la Sima, y el interior de las ocho torres\u201d. Adem\u00e1s, es \u201cde intensidad regulable y programable para adaptarse a la programaci\u00f3n cultural y tur\u00edstica del espacio\u201d, ha concluido.    <\/p>\n<p>Por su parte, Christopher Rivas, ha manifestado \u201cque esta iniciativa permitir\u00e1 visitar el Castillo como nunca antes se hab\u00eda realizado con una iluminaci\u00f3n nocturna art\u00edstica\u201d. Una medida que supone un impulso para la recuperaci\u00f3n y la puesta en valor del patrimonio hist\u00f3rico. Unos trabajos que se suman a una serie de iniciativas que poco a poco mejoran y ayudan a poner en funcionamiento todo el entorno del Castillo, como es en los pr\u00f3ximos meses la  intervenci\u00f3n de restauraci\u00f3n de la Torre Mocha, el estudio arqueol\u00f3gico de la muralla sur ya finalizado, o el estudio arqueol\u00f3gico de la Torre del Homenaje.<\/p>\n<p>Ambos delegados han destacado que todos estos trabajos de iluminaci\u00f3n y las pr\u00f3ximas intervenciones en el recinto, permitir\u00e1n proyectar el Castillo m\u00e1s all\u00e1, abriendo el espacio en un horario distinto. En definitiva, un conjunto de acciones  encaminadas  a potenciar el patrimonio y se\u00f1as identitarias de la ciudad.\n <\/p>\n<p>El Castillo de Alcal\u00e1 tiene una larga historia. Es el resultado de cerca de 4.500 a\u00f1os de historia humana sobre el Cerro del Castillo, aunque todo lo que podemos ver en la actualidad es posterior al siglo XII, cuando el califato almohade construy\u00f3 una primera fortaleza en el extremo oeste, en torno al Patio de los Silos. Despu\u00e9s se ampliar\u00eda por la zona del Patio de la Sima, incluyendo un ba\u00f1o (hammam), produci\u00e9ndose su evoluci\u00f3n entre los siglos XII y XVII, con ocho torres ochavadas. Su paisaje de murallas y almenas marca la imagen m\u00e1s conocida del Castillo de Alcal\u00e1, emblema de la historia y el patrimonio de la ciudad.   <\/p>\n","protected":false},"excerpt":{"rendered":"El Castillo de Alcal\u00e1 de Guada\u00edra contar\u00e1 con iluminaci\u00f3n monumental y art\u00edstica en su interior por primera vez&hellip;\n","protected":false},"author":2,"featured_media":171770,"comment_status":"","ping_status":"","sticky":false,"template":"","format":"standard","meta":{"footnotes":""},"categories":[5],"tags":[24471,24470,24478,24469,1250,17,18,777,209,24474,168,24489,2026,24491,24480,25,24,13,14,24488,24487,24490,24492,24473,11,2178,3624,15235,891,6850,19,20,6688,24483,24054,24497,4044,24493,9,10,15,16,24477,24482,24415,24472,12365,24496,1922,24485,24481,24479,24475,24484,19497,24486,1171,23,24494,12,24476,4664,21,22,24495],"class_list":{"0":"post-171769","1":"post","2":"type-post","3":"status-publish","4":"format-standard","5":"has-post-thumbnail","7":"category-titulares","8":"tag-accesibilidad","9":"tag-administracion-electronica","10":"tag-agenda-de-actividades","11":"tag-alcala-de-guadaira","12":"tag-ayuntamiento","13":"tag-breaking-news","14":"tag-breakingnews","15":"tag-ciudad","16":"tag-cultura","17":"tag-datos-abiertos","18":"tag-deportes","19":"tag-desarrollo-economico","20":"tag-educacion","21":"tag-edusi","22":"tag-equipamientos","23":"tag-es","24":"tag-espana","25":"tag-featured-news","26":"tag-featurednews","27":"tag-feria-de-alcala","28":"tag-fiestas-mayores","29":"tag-formacion-y-empleo","30":"tag-gestion-tributaria","31":"tag-gobierno-abierto","32":"tag-headlines","33":"tag-igualdad","34":"tag-infancia","35":"tag-infraestructura","36":"tag-inmigrantes","37":"tag-juventud","38":"tag-latest-news","39":"tag-latestnews","40":"tag-medio-ambiente","41":"tag-molinos","42":"tag-movilidad-urbana","43":"tag-movilidad-y-transporte","44":"tag-mujeres","45":"tag-museo-de-alcala","46":"tag-news","47":"tag-noticias","48":"tag-noticias-destacadas","49":"tag-noticiasdestacadas","50":"tag-oferta-de-empleo","51":"tag-oromana","52":"tag-participacion-ciudadana","53":"tag-personas-con-discapacidad","54":"tag-personas-mayores","55":"tag-punto-limpio","56":"tag-redes-sociales","57":"tag-secretaria","58":"tag-sede-electronica","59":"tag-servicio-de-quejas-y-sugerencias","60":"tag-servicios-destacados","61":"tag-servicios-municipales","62":"tag-servicios-sociales","63":"tag-servicios-urbanos","64":"tag-sevilla","65":"tag-spain","66":"tag-teatro-auditorio-riberas-del-guadaira","67":"tag-titulares","68":"tag-tramites-y-servicios","69":"tag-turismo","70":"tag-ultimas-noticias","71":"tag-ultimasnoticias","72":"tag-universidad-popular"},"share_on_mastodon":{"url":"","error":""},"_links":{"self":[{"href":"https:\/\/www.europesays.com\/es\/wp-json\/wp\/v2\/posts\/171769","targetHints":{"allow":["GET"]}}],"collection":[{"href":"https:\/\/www.europesays.com\/es\/wp-json\/wp\/v2\/posts"}],"about":[{"href":"https:\/\/www.europesays.com\/es\/wp-json\/wp\/v2\/types\/post"}],"author":[{"embeddable":true,"href":"https:\/\/www.europesays.com\/es\/wp-json\/wp\/v2\/users\/2"}],"replies":[{"embeddable":true,"href":"https:\/\/www.europesays.com\/es\/wp-json\/wp\/v2\/comments?post=171769"}],"version-history":[{"count":0,"href":"https:\/\/www.europesays.com\/es\/wp-json\/wp\/v2\/posts\/171769\/revisions"}],"wp:featuredmedia":[{"embeddable":true,"href":"https:\/\/www.europesays.com\/es\/wp-json\/wp\/v2\/media\/171770"}],"wp:attachment":[{"href":"https:\/\/www.europesays.com\/es\/wp-json\/wp\/v2\/media?parent=171769"}],"wp:term":[{"taxonomy":"category","embeddable":true,"href":"https:\/\/www.europesays.com\/es\/wp-json\/wp\/v2\/categories?post=171769"},{"taxonomy":"post_tag","embeddable":true,"href":"https:\/\/www.europesays.com\/es\/wp-json\/wp\/v2\/tags?post=171769"}],"curies":[{"name":"wp","href":"https:\/\/api.w.org\/{rel}","templated":true}]}}