{"id":171777,"date":"2025-10-12T13:14:07","date_gmt":"2025-10-12T13:14:07","guid":{"rendered":"https:\/\/www.europesays.com\/es\/171777\/"},"modified":"2025-10-12T13:14:07","modified_gmt":"2025-10-12T13:14:07","slug":"el-torremolinos-humilla-a-una-ud-ibiza-en-caida-libre","status":"publish","type":"post","link":"https:\/\/www.europesays.com\/es\/171777\/","title":{"rendered":"El Torremolinos humilla a una UD Ibiza en ca\u00edda libre"},"content":{"rendered":"<p class=\"ft-text\">La UD Ibiza es la viva imagen de la desesperaci\u00f3n. El equipo ibicenco, perdido y desnortado, ha salido humillado este domingo del estadio El Pozuelo tras recibir un severo correctivo por parte del reci\u00e9n ascendido Juventud Torremolinos (3-0), un equipo que est\u00e1 sabiendo sobreponerse a los problemas econ\u00f3micos del club con casta y con honor. Y con goles, lo que le falta al conjunto de Paco J\u00e9mez, que adem\u00e1s de encadenar tres derrotas consecutivas contin\u00faa sin ver porter\u00eda a pesar de su aclamado potencial ofensivo. La UD Ibiza ha cuajado una de las peore spriemras partes que se le recuerdan y ha vuelto a ser incapaz de reaccionar a los tempraneros goles de su rival. Y el abismo del descenso est\u00e1 hoy mucho m\u00e1s cerca que la pelea por el ascenso a Segunda Divisi\u00f3n.<\/p>\n<p class=\"ft-text\">La ausencia de \u00faltima hora de Sofiane dio al fin la alternativa en el once titular al aclamado Davo, quien estuvo escoltado en ataque por Beb\u00e9, Ernesto y Fede Vico ante la baja por molestias de \u00c1lex Gallar. En la medular salt\u00f3 de inicio el debutante David Garc\u00eda junto a Del Pozo, mientras que Sergio D\u00edez le gan\u00f3 la partida en el lateral diestro a Una Medina. Sin embargo, el guion del encuentro fue id\u00e9ntico al de jornadas precedentes, sin importar la alineaci\u00f3n, y la UD Ibiza se vio sobrepasada en defensa a las primeras de cambio. Y eso que en los primeros minutos de juego tuvo dos buenas aproximaciones el cuadro ibicenco, pero ni Davo ni Ernesto acertaron a definir sendas acciones ofensivas entre los tres palos.<\/p>\n<p class=\"ft-text\">Todo se trunc\u00f3 muy poco despu\u00e9s, en una maniobra que el colegiado anul\u00f3 por fuera de juego de Peque Polo tras recibir la asistencia de M\u00e9rida, a la espalda de la defensa, y batir a un Ram\u00f3n Juan desacertado en la salida. La revisi\u00f3n en el v\u00eddeo asistente contradijo la decisi\u00f3n y el colegiado decret\u00f3 el 1-0 cumplido el minuto 6 de partido.<\/p>\n<p class=\"ft-text\">Los de Paco J\u00e9mez perdieron la concentraci\u00f3n y, desubicados en el campo, sufrieron el acoso local; en este escenario, Ram\u00f3n Juan evit\u00f3 el segundo al rechazar un disparo a bocajarro de Fran Gallego. Pero las cosas no pintaban nada bien para la UD Ibiza. Los malague\u00f1os llevaban una marcha m\u00e1s y ganaban todas las segundas jugadas, como en el minuto 12 cuando la zaga celeste fue incapaz de alejar el peligro y permiti\u00f3 que Alset, libre de marca en la frontal del \u00e1rea, enviara el cuero a la escuadra lejos del alcance del cancerbero celeste (2-0). Los de J\u00e9mez no levantaban cabeza. Estaban totalmente desbordados y perdidos sobre el terreno de juego. Al filo del 20&#8242;, Iago Indias evit\u00f3 el tercero sobre la l\u00ednea de gol tras una buena llegada de Pito Camacho por el perfil zurdo, pero tras el saque de banda Iban Ribeiro, ex del Formentera, sentenci\u00f3 a la UD Ibiza anticip\u00e1ndose con \u00edmpetu al propio Indias en el \u00e1rea chica. Despu\u00e9s se sucedieron nuevas llegadas del equipo de Antonio Calder\u00f3n, que mantuvo arrodillado con suma autoridad a todo un candidato al ascenso.<\/p>\n<p class=\"ft-text\">Paco J\u00e9mez quiso frenar la hemorragia y a la media hora de partido quit\u00f3 a Nacho y a David Garc\u00eda para reforzar el ataque con Del Olmo y Santi M\u00fcller. Las fuerzas poco a poco se equilibraron y los isle\u00f1os se activaron en ataque, pero fueron incapaces de recortar diferencias antes del descanso. Incluso en el descuento pudo lograr el cuarto a la contra el Juventud Torremolinos, pero Jos\u00e9 Albert despej\u00f3 a c\u00f3rner in extremis.<\/p>\n<p>Segunda parte<\/p>\n<p class=\"ft-text\">Las cosas no mejoraron para la UD Ibiza tras el paso por vestuarios cuando M\u00fcller vio la roja directa a los 51 minutos por una agresi\u00f3n que cotej\u00f3 el colegiado en el v\u00eddeo asistente. Con 3-0 en el marcador y un futbolista menos, lo mejor para el conjunto pitiuso era que pasase cuanto antes el calvario para no socavar a\u00fan m\u00e1s su imagen frente a un reci\u00e9n ascendido. Un disparo potente de Beb\u00e9 en el minuto 61 pudo maquillar el resultado y meter a los de J\u00e9mez en el encuentro. Las circunstancias dieron para asistir al estreno del brasile\u00f1o Joao Gabriel por el extremo diestro. Parad\u00f3jicamente, la UD Ibiza movi\u00f3 mejor el bal\u00f3n y alej\u00f3 con m\u00e1s contundencia el peligro rival con 10 sobre el c\u00e9sped. No obstante, con intenci\u00f3n y voluntad tampoco bast\u00f3, y por tercer encuentro consecutivo se qued\u00f3 sin anotar el &#8216;ultraofensivo&#8217; equipo de Paco J\u00e9mez. S\u00ed estuvo a punto de marcar el verdiblanco Crist\u00f3bal desde el medio campo al ver adelantado a Ram\u00f3n Juan, y en el minuto 85 Josep Se\u00f1\u00e9 fall\u00f3 un mano a mano frente a Cuenca. La UD Ibiza hinc\u00f3 la rodilla por tercer encuentro consecutivo ofreciendo una imagen de fragilidad y frustraci\u00f3n que ni puede ni debe prolongarse en el tiempo.<\/p>\n","protected":false},"excerpt":{"rendered":"La UD Ibiza es la viva imagen de la desesperaci\u00f3n. El equipo ibicenco, perdido y desnortado, ha salido&hellip;\n","protected":false},"author":2,"featured_media":171778,"comment_status":"","ping_status":"","sticky":false,"template":"","format":"standard","meta":{"footnotes":""},"categories":[268],"tags":[4357,168,25,24,280,282,49729,6079,1157,6850,49731,281,23,167,42886,4407,49730],"class_list":{"0":"post-171777","1":"post","2":"type-post","3":"status-publish","4":"format-standard","5":"has-post-thumbnail","7":"category-futbol","8":"tag-caida","9":"tag-deportes","10":"tag-es","11":"tag-espana","12":"tag-football","13":"tag-futbol","14":"tag-humilla","15":"tag-ibiza","16":"tag-imagen","17":"tag-juventud","18":"tag-paco-jemez","19":"tag-soccer","20":"tag-spain","21":"tag-sports","22":"tag-torremolinos","23":"tag-ud","24":"tag-ud-ibiza"},"share_on_mastodon":{"url":"","error":""},"_links":{"self":[{"href":"https:\/\/www.europesays.com\/es\/wp-json\/wp\/v2\/posts\/171777","targetHints":{"allow":["GET"]}}],"collection":[{"href":"https:\/\/www.europesays.com\/es\/wp-json\/wp\/v2\/posts"}],"about":[{"href":"https:\/\/www.europesays.com\/es\/wp-json\/wp\/v2\/types\/post"}],"author":[{"embeddable":true,"href":"https:\/\/www.europesays.com\/es\/wp-json\/wp\/v2\/users\/2"}],"replies":[{"embeddable":true,"href":"https:\/\/www.europesays.com\/es\/wp-json\/wp\/v2\/comments?post=171777"}],"version-history":[{"count":0,"href":"https:\/\/www.europesays.com\/es\/wp-json\/wp\/v2\/posts\/171777\/revisions"}],"wp:featuredmedia":[{"embeddable":true,"href":"https:\/\/www.europesays.com\/es\/wp-json\/wp\/v2\/media\/171778"}],"wp:attachment":[{"href":"https:\/\/www.europesays.com\/es\/wp-json\/wp\/v2\/media?parent=171777"}],"wp:term":[{"taxonomy":"category","embeddable":true,"href":"https:\/\/www.europesays.com\/es\/wp-json\/wp\/v2\/categories?post=171777"},{"taxonomy":"post_tag","embeddable":true,"href":"https:\/\/www.europesays.com\/es\/wp-json\/wp\/v2\/tags?post=171777"}],"curies":[{"name":"wp","href":"https:\/\/api.w.org\/{rel}","templated":true}]}}