{"id":171781,"date":"2025-10-12T13:16:13","date_gmt":"2025-10-12T13:16:13","guid":{"rendered":"https:\/\/www.europesays.com\/es\/171781\/"},"modified":"2025-10-12T13:16:13","modified_gmt":"2025-10-12T13:16:13","slug":"almudena-echevarria-la-bilbaina-que-pinta-con-peces-a-traves-del-gyotaku","status":"publish","type":"post","link":"https:\/\/www.europesays.com\/es\/171781\/","title":{"rendered":"Almudena Echevarr\u00eda, la bilbaina que pinta con peces a trav\u00e9s del &#8216;Gyotaku&#8217;"},"content":{"rendered":"<p>\n        Aunque naci\u00f3 en <a href=\"https:\/\/www.deia.eus\/tags\/bilbao\/\" title=\"Bilbao \" class=\"link copy\" rel=\"nofollow noopener\" target=\"_blank\">Bilbao <\/a>en 1966, <strong>Almudena Echevarr\u00eda<\/strong> Campos vive en <strong>Plentzia<\/strong>, <strong>\u201cun lugar maravilloso\u201d<\/strong>. En esta localidad y en Sopela tiene<strong> dos zapater\u00edas: Makuto y Cien Pies<\/strong>, respectivamente. La segunda la abri\u00f3 hace ya veinte a\u00f1os y la primera acaba de cumplir cuatro. \u201cTengo la fortuna de compaginar mi actividad profesional y mi afici\u00f3n,<strong> el arte<\/strong> y, m\u00e1s concretamente, <strong>la pintura<\/strong>\u201d, destaca la polivalente creadora.\n<\/p>\n<p class=\"article-body__text \">\n        De hecho y, teniendo en cuenta esta<strong> proactividad<\/strong>, a Echevarr\u00eda le gustar\u00eda centrarse en el <strong>Gyotaku<\/strong>, <strong>una t\u00e9cnica japonesa que fusiona el arte y la naturaleza a trav\u00e9s de la impresi\u00f3n natural de peces<\/strong>. \u201cSiempre he tenido una conexi\u00f3n directa con el mar y me fascina el mundo marino\u201d, puntualiza.\n<\/p>\n<p class=\"article-photo__footer\">\n            El &#8216;Gyotaku&#8217; es una t\u00e9cnica japonesa en la que se pinta con peces.            Cedida        <\/p>\n<p class=\"article-body__text \">\n        Desde bien jovencita, a Echevarr\u00eda le ha encantado <strong>pintar <\/strong>y a lo largo de su vida ha ido probando <strong>diferentes t\u00e9cnicas<\/strong>. Aunque ahora se est\u00e1 centrando en el Gyotaku, tambi\u00e9n<strong> ha pintado al \u00f3leo y a la acuarela<\/strong>. \u201cComenc\u00e9 mi andadura art\u00edstica <strong>pintando mobiliario infantil<\/strong> en Pinki, una tienda de <a href=\"https:\/\/www.deia.eus\/tags\/las-arenas\/\" title=\"Las Arenas\" class=\"link copy\" rel=\"nofollow noopener\" target=\"_blank\">Las Arenas<\/a>. Recuerdo que pintaba cientos y cientos de dibujos de Peter Rabbit en sillas, cunas, armarios&#8230; Me apasionaba. De hecho, sigo pintando<strong> tablillas de madera personalizadas <\/strong>para regalar en nacimientos, bodas y otros acontecimientos\u201d, cuenta.\u00a0\n<\/p>\n<p class=\"article-photo__footer\">\n            Tambi\u00e9n pinta tablillas de madera personalizadas para regalar en nacimientos, bodas y otros acontecimientos.            Cedida        <\/p>\n<p>  Polivalencia art\u00edstica<\/p>\n<p class=\"article-body__text \">\n        Fue m\u00e1s tarde cuando se atrevi\u00f3 a dar el salto, creando <strong>sus propios cuadros de paisajes, bodegones, animales, fondos marinos, horizontes e incluso retratos<\/strong>. \u201cRecuerdo un sinf\u00edn de veces estar en el sal\u00f3n de casa con mis hijos correteando alrededor de la mesa del sal\u00f3n que yo utilizaba para desplegar todas mis pinturas, pinceles, trozos de papel cebolla y carboncillo. O aquellos momentos llenos de familiares y conocidos que ven\u00edan a <strong>mis exposiciones<\/strong> y que se celebraban en <strong>galer\u00edas <\/strong>como <strong>Aixerrota Arte <\/strong>(Getxo), <strong>Rembrandt o Antonio Mir\u00f3<\/strong> (Bilbao), <strong>Galer\u00eda Nusuri o Herraiz<\/strong> (Madrid),<strong> El Drac<\/strong> (Altea) y en otros muchos locales. \u00a1Qu\u00e9 bonito compartir con la gente tu misma pasi\u00f3n y poner en valor <strong>el trabajo artesanal<\/strong>!\u201d, detalla Echevarr\u00eda.\n<\/p>\n<p class=\"article-photo__footer\">\n            Tambi\u00e9n ha creado sus propios cuadros de paisajes, bodegones, animales, fondos marinos, horizontes e incluso retratos.            Cedida        <\/p>\n<p class=\"article-body__text \">\n        Adem\u00e1s, cree que estos encuentros son una oportunidad para conocer <strong>otras t\u00e9cnicas y artistas<\/strong>, porque constantemente salen nuevos proyectos y enfoques que pueden resultar <strong>muy inspiradores<\/strong> para la pr\u00f3xima creaci\u00f3n. \u201cViene muy bien salir de tu c\u00edrculo para ensanchar el horizonte. Es cuesti\u00f3n de que te pique un poco la curiosidad, tener iniciativa y <strong>querer aprender m\u00e1s y m\u00e1s<\/strong>\u201d, matiza.\n<\/p>\n<p class=\"article-body__text \">\n        Hace varios a\u00f1os que se inici\u00f3 en el Gyotaku. Fue a ra\u00edz de una visita con su hija y su nieta a la <strong>Feria Internacional del Grabado y Arte sobre Papel <\/strong>que se celebr\u00f3 en el <a href=\"https:\/\/www.euskalduna.eus\/es\" title=\"Palacio Euskalduna\" rel=\"nofollow noopener\" class=\"link copy\" target=\"_blank\">Palacio Euskalduna<\/a> de Bilbao. \u201cAsistimos all\u00ed a una demostraci\u00f3n de Gyotaku con <strong>una sepia enorme<\/strong>. \u00a1Fue maravilloso, me enamor\u00f3 la t\u00e9cnica!\u201d, rememora.\n<\/p>\n<p class=\"article-body__text \">\n        Tanto es as\u00ed que no tard\u00f3 en ponerse<strong> manos a la obra <\/strong>y a experimentar. Muchas veces, comparte <strong>largas sesiones de arte con \u201cla m\u00e1s peque\u00f1a de la familia\u201d<\/strong>, que muestra mucho inter\u00e9s por aprender y no deja de sorprenderla a trav\u00e9s de sus lienzos. Lo cierto es que aquella demostraci\u00f3n fue <strong>un aut\u00e9ntico descubrimiento<\/strong> y la raz\u00f3n por la que <strong>el mundo marino<\/strong> invade hoy sus creaciones. \u201cNo es hasta el \u00faltimo instante,<strong> cuando levantas el pez del papel<\/strong>, cuando se ve el resultado. Cada obra es diferente y \u00fanica\u201d, relata.\n<\/p>\n<p>Si quieres\u00a0<strong style=\"background-color: rgb(245, 245, 245); color: rgb(22, 22, 22);\">participar\u00a0<\/strong>en esta secci\u00f3n, escribe a\u00a0<strong style=\"background-color: rgb(245, 245, 245); color: rgb(22, 22, 22);\">igandeaplus@ntm.eus<\/strong><\/p>\n<p>  Evoluci\u00f3n<\/p>\n<p class=\"article-body__text \">\n        Honestamente, la artista no se <strong>\u201cahorrar\u00eda nada del camino, porque cada paso es un aprendizaje para alimentar la destreza y el conocimiento\u201d<\/strong>. De vez en cuando hojea <strong>su carpeta de l\u00e1minas<\/strong> que ha ido reuniendo todo este tiempo y, por supuesto que ve una evoluci\u00f3n, pero incluso esas que pod\u00edan resultar <strong>\u201cm\u00e1s simplonas\u201d<\/strong> le han permitido lograr las que hace ahora y merecen su lugar igualmente. Almudena Echevarr\u00eda encara el futuro con <strong>mucha ilusi\u00f3n de seguir creando y compartiendo momentos en torno al arte<\/strong>. Est\u00e1 deseando invertir tiempo en lo que le llena y poder hacerlo rodeada de gente que<strong> le aporta y enriquece<\/strong>.\n<\/p>\n<p class=\"article-photo__footer\">\n            Almudena Echevarr\u00eda encara el futuro con mucha ilusi\u00f3n de seguir creando            Cedida        <\/p>\n<p>  \u201cTodas las personas tenemos talentos dormidos\u201d, cree la artista<\/p>\n<p class=\"article-body__text \">\n        Echevarr\u00eda ofrece rincones en sus locales a creadores artesanales para visibilizar sus obras\n<\/p>\n<p class=\"article-body__text \">\n        Almudena Echevarr\u00eda<strong> no concibe su realidad sin el arte<\/strong>. \u201cHa sido y ser\u00e1 una forma de <strong>comunicaci\u00f3n, transmisi\u00f3n y legado<\/strong>\u201d, puntualiza. Cree que deber\u00edamos practicar m\u00e1s de eso que nos gusta, de lo que nos hace felices, porque siente que a medida que nos hacemos personas m\u00e1s adultas, perdemos <strong>esa naturalidad y creatividad <\/strong>que tanto caracteriza a la ni\u00f1ez. \u201cTodas las personas tenemos<strong> talentos dormidos en nuestro interior <\/strong>y dedicando un espacio a nuestra fren\u00e9tica lista de tareas, independientemente de la destreza que tengamos, podemos crear<strong> cosas preciosas<\/strong>\u201d, opina.\n<\/p>\n<p><strong>Puntos de contacto<\/strong><\/p>\n<p>Como puntos de contacto, <strong>las zapater\u00edas<\/strong> de Almudena Echevarr\u00eda se encuentran en <strong>dos localidades vizcainas.<\/strong> Una en la calle Akilino Arriola 7 de <strong>Sopela <\/strong>,Cien Pies (946760894), y la otra en Erribera Kalea 24 en <strong>Plentzia<\/strong>, Makuto (946859758).<\/p>\n<p class=\"article-body__text \">\n        Aparte, Echevarr\u00eda cede <strong>espacio en sus locales <\/strong>a creadores que quieran darse a conocer y vender sus obras. \u201cNo importa la t\u00e9cnica ni la edad de la persona, la \u00fanica condici\u00f3n es que sea <strong>una pieza hecha a mano, artesanal<\/strong>\u201d, destaca. As\u00ed que tiene una agenda donde va anotando todas las personas que van contactando con ella, con la idea de organizar <strong>peque\u00f1as exposiciones rotativas<\/strong>.\u00a0\n<\/p>\n<p class=\"article-photo__footer\">\n            Almudena Echevarr\u00eda tiene dos zapater\u00edas en Sopela y Plentzia.            Cedida        <\/p>\n<p class=\"article-body__text \">\n        Echevarr\u00eda aconseja que se disfrute y pruebe combinando<strong> diferentes t\u00e9cnicas<\/strong>. Que lo que se haga sea con mimo y se le dedique tiempo. \u201cNo es necesario ir a clases para que te ense\u00f1en la t\u00e9cnica, que estoy convencida de que ser\u00e1 enriquecedor, pero ser <strong>autodidacta <\/strong>creo que me ha ayudado a no establecer l\u00edmites y guiones para ser m\u00e1s imaginativa y <strong>crear desde cero<\/strong>\u201d, concluye.\n<\/p>\n<p>  Materiales necesarios para esta t\u00e9cnica<\/p>\n<p class=\"article-body__text \">\n        Almudena Echevarr\u00eda cree que <strong>no es necesario invertir mucho material<\/strong> para hacer el Gyotaku. \u201cEso s\u00ed, los pescados enseguida<strong> se ponen malos <\/strong>y no hay quien aguante <strong>ese olor rancio<\/strong> que desprende como hayas olvidado deshacerte de ellos r\u00e1pidamente\u201d, cuenta.\n<\/p>\n<p class=\"article-body__text \">\n        Solamente necesitamos <strong>papel, pincel, tinta, pescado y dejar volar la imaginaci\u00f3n<\/strong>. El tiempo que invierte en cada creaci\u00f3n es muy variable, <strong>seg\u00fan el n\u00famero de peces y colores<\/strong> que vaya a utilizar. En una ma\u00f1ana puede realizar unos tres ejemplares, pero<strong> \u201ccomo todo en esta vida es prueba y error\u201d<\/strong>. Y es que no siempre consigue trasladar lo que tiene en mente al papel desde el principio, por lo que a veces acaba desechando el pez porque<strong> \u201cya le han salido todas las tripas y no hay quien lo maneje\u201d<\/strong>.\n<\/p>\n<p class=\"article-photo__footer\">\n            Echevarr\u00eda ha probado m\u00faltiples t\u00e9cnicas art\u00edsticas a lo largo de su vida.            Cedida        <\/p>\n<p class=\"article-body__text \">\n        Considera que \u201c<strong>\u00a1es toda una experiencia creativa! <\/strong>Por eso, debes tambi\u00e9n tener claro qu\u00e9 pez escoger\u201d. Seg\u00fan sus caracter\u00edsticas, se logra un acabado u otro, por lo que a ella le gusta elegir peces como <strong>la sardina, el rodaballo, el gallo y a veces se atreve con la sepia<\/strong>. \u201cEs m\u00e1s complicado de llevar a cabo la t\u00e9cnica, pero da mucho juego y transmite mucho\u201d, especifica. A veces un pez ocupa la obra entera y otras lo hace un banco que cubre todo el papel. \u201cEs cuesti\u00f3n de imaginaci\u00f3n, creatividad y tiempo\u201d, concluye.<\/p>\n","protected":false},"excerpt":{"rendered":"Aunque naci\u00f3 en Bilbao en 1966, Almudena Echevarr\u00eda Campos vive en Plentzia, \u201cun lugar maravilloso\u201d. En esta localidad&hellip;\n","protected":false},"author":2,"featured_media":171782,"comment_status":"","ping_status":"","sticky":false,"template":"","format":"standard","meta":{"footnotes":""},"categories":[173],"tags":[49733,49732,229,233,231,230,9982,232,234,146,147,25,24,15696,34548,23],"class_list":{"0":"post-171781","1":"post","2":"type-post","3":"status-publish","4":"format-standard","5":"has-post-thumbnail","7":"category-arte-y-diseno","8":"tag-gyotaku","9":"tag-almudena-echevarria","10":"tag-arte","11":"tag-arte-y-diseno","12":"tag-arts","13":"tag-arts-and-design","14":"tag-bilbaina","15":"tag-design","16":"tag-diseno","17":"tag-entertainment","18":"tag-entretenimiento","19":"tag-es","20":"tag-espana","21":"tag-peces","22":"tag-pinta","23":"tag-spain"},"share_on_mastodon":{"url":"","error":""},"_links":{"self":[{"href":"https:\/\/www.europesays.com\/es\/wp-json\/wp\/v2\/posts\/171781","targetHints":{"allow":["GET"]}}],"collection":[{"href":"https:\/\/www.europesays.com\/es\/wp-json\/wp\/v2\/posts"}],"about":[{"href":"https:\/\/www.europesays.com\/es\/wp-json\/wp\/v2\/types\/post"}],"author":[{"embeddable":true,"href":"https:\/\/www.europesays.com\/es\/wp-json\/wp\/v2\/users\/2"}],"replies":[{"embeddable":true,"href":"https:\/\/www.europesays.com\/es\/wp-json\/wp\/v2\/comments?post=171781"}],"version-history":[{"count":0,"href":"https:\/\/www.europesays.com\/es\/wp-json\/wp\/v2\/posts\/171781\/revisions"}],"wp:featuredmedia":[{"embeddable":true,"href":"https:\/\/www.europesays.com\/es\/wp-json\/wp\/v2\/media\/171782"}],"wp:attachment":[{"href":"https:\/\/www.europesays.com\/es\/wp-json\/wp\/v2\/media?parent=171781"}],"wp:term":[{"taxonomy":"category","embeddable":true,"href":"https:\/\/www.europesays.com\/es\/wp-json\/wp\/v2\/categories?post=171781"},{"taxonomy":"post_tag","embeddable":true,"href":"https:\/\/www.europesays.com\/es\/wp-json\/wp\/v2\/tags?post=171781"}],"curies":[{"name":"wp","href":"https:\/\/api.w.org\/{rel}","templated":true}]}}