{"id":171783,"date":"2025-10-12T13:17:11","date_gmt":"2025-10-12T13:17:11","guid":{"rendered":"https:\/\/www.europesays.com\/es\/171783\/"},"modified":"2025-10-12T13:17:11","modified_gmt":"2025-10-12T13:17:11","slug":"cuando-volvia-a-uruguay-queria-sacarme-la-cara-pensaba-claro-esto-no-termina-cuando-vuelvo","status":"publish","type":"post","link":"https:\/\/www.europesays.com\/es\/171783\/","title":{"rendered":"Cuando volv\u00eda a Uruguay quer\u00eda sacarme la cara; pensaba claro, esto no termina cuando vuelvo"},"content":{"rendered":"<p> Para nosotros como amigos es una m\u00e1s, una m\u00e1s de nuestra historia. Pero en lo personal s\u00ed, es un gran cierre de etapa, es un punto y aparte para un proceso, una pel\u00edcula, un personaje, una historia, un v\u00ednculo, lo que surgi\u00f3 despu\u00e9s, un an\u00e1lisis. Es ponerle palabras a todo eso y decir \u00abcontin\u00fao desde ac\u00e1\u00bb.<\/p>\n<p><strong>\u00bfQu\u00e9 imagen te queda del momento de escritura?<\/strong><\/p>\n<p>Creo que Bariloche es el coraz\u00f3n. Es la imagen que se me viene. Cada vez que pienso en el libro pienso en esos doce d\u00edas encerrados con Felipe, con calor y fr\u00edo, doce d\u00edas intensos y de mucha diversi\u00f3n. Fue una din\u00e1mica divertida, que despu\u00e9s cuando volvimos a Montevideo cambi\u00f3.<\/p>\n<p><strong>\u00bfCambi\u00f3 al abrirse desde esa escritura \u00edntima al trabajo con la editorial?<\/strong><\/p>\n<p>S\u00ed, igual me sorprend\u00ed. Mi terror es que estuviera p\u00e9simamente escrito, que lo mandara y lo tuvieran que reescribir. Y cuando mandamos el texto solo hubo correcci\u00f3n de estilo y un trabajo en la s\u00edntesis de las ideas que era muy \u00fatil para la lectura, porque agarr\u00f3 velocidad. Fue un trabajo muy sutil, pero hac\u00eda una diferencia. Creo que hab\u00eda algo s\u00f3lido. Y algo de ese trabajo que fue intenso sirvi\u00f3 para que la editora lo vea y diga \u00abesto no es tan terrible\u00bb.<\/p>\n<p style=\"font-style:inherit;font-weight:inherit;\"><strong>\u00bfCu\u00e1ndo y por qu\u00e9 sentiste que las notas sueltas que ven\u00edas recopilando ten\u00edan que transformarse en un libro?<\/strong><\/p>\n<p>Creo que fue en una charla con Felipe. Esas notas son un coraz\u00f3n, algo que est\u00e1 por debajo, un lugar al que vuelvo para tener una visi\u00f3n m\u00e1s fresca del rodaje (de La sociedad de la nieve), pero esas notas evolucionaron. Creo que este libro tiene m\u00e1s aristas, son experiencias que merecen contarse y no pasarlas por arriba. Esa vivencia que fue tan solitaria para m\u00ed, tan \u00edntima, poder compartirla y que sea de alguna manera \u00fatil&#8230; Pienso en mis amigos y mi familia, que no estuvieron ah\u00ed, pero acompa\u00f1aron todo el proceso, que ahora lo puedan leer me parece lindo. O para mis amigos de rodaje, que vuelvan a leerse y a reencontrarse pero desde adentro.<\/p>\n<p>Enzo Vogrincic Gast\u00f3n Britos (8)   <\/p>\n<p>  <img loading=\"lazy\" decoding=\"async\" src=\"https:\/\/www.elobservador.com.uy\/css-custom\/362\/lazy.svg\" data-td-src-property=\"https:\/\/media.elobservador.com.uy\/p\/a62bce5c2f251f440ef7c5dc4eed76f4\/adjuntos\/362\/imagenes\/100\/681\/0100681139\/1000x0\/smart\/enzo-vogrincic-gaston-britos-8.jpg\" alt=\"Felipe Ipar y Enzo Vogrincic\" title=\"Felipe Ipar y Enzo Vogrincic\" width=\"1000\" height=\"563\" id=\"682063-Libre-473238836_embed\"\/>    <\/p>\n<p>Felipe Ipar y Enzo Vogrincic<\/p>\n<p>Gast\u00f3n Britos \/ FocoUy<\/p>\n<p style=\"font-style:inherit;font-weight:inherit;\"><strong>Uno de los momentos claves del libro es cuando se estrena la pel\u00edcula y la exposici\u00f3n sobre tu figura explota. Por lo que cont\u00e1s, fue un momento dif\u00edcil y que no te dej\u00f3 indemne. \u00bfEl libro, en ese sentido, fue una depuraci\u00f3n de esos momentos?<\/strong><\/p>\n<p>S\u00ed, cien por ciento. Y me ayud\u00f3 a amigarme con toda esa cosa tambi\u00e9n. Hacer un repaso. El \u00fanico momento de saturaci\u00f3n que tuve con todo ese boom y esa intensidad fueron los premios Goya. No llegu\u00e9 a explotar, pero no me estaba sintiendo bien y necesitaba irme de ese lugar. El atosigamiento era mucho, realmente. Ese fue la \u00fanica vez que me satur\u00e9, y me hab\u00eda quedado con una sensaci\u00f3n muy fuerte y muy n\u00edtida, y estaba muy seguro de ese recuerdo. Estaba enojado con esa situaci\u00f3n, confuso. Pero claro, cuando empiezo a escribir y a organizarlo en palabras empiezo a entender, a disculparle al recuerdo, a calmarme, a ver las cosas con cierta perspectiva. Es como decirle al recuerdo \u00abme equivoqu\u00e9 contigo, te guard\u00e9 con rencor y no hac\u00eda falta\u00bb.<\/p>\n<p><strong>En un episodio record\u00e1s cuando te preguntaban por tus pel\u00edculas predilectas mencionabas a Elephant, de Gus Van Sant, hasta que te diste cuenta de que eso significaba recomendar una pel\u00edcula sobre \u00abadolescentes asesinando adolescentes\u00bb (Ndr: la pel\u00edcula reconstruye la masacre escolar de Columbine, ocurrida en Estados Unidos en 1999). \u00bfEn qu\u00e9 otras cosas la exposici\u00f3n masiva te hizo m\u00e1s cauteloso?<\/strong><\/p>\n<p>Es loco. No es lo mismo decir algo y que lo escuchen solo tus amigos, a decir algo y lo escuchen millones de personas que no conoc\u00e9s. Eso cambia la dimensi\u00f3n de todo lo que dec\u00eds, y uno no podr\u00eda hacerse cargo de todo lo que el otro interpreta. Trato de no gastar demasiado tiempo en pensar eso, y s\u00ed en estar alineado con lo que pienso y con lo que siento. En ese sentido, me considero una buena persona, entonces estoy tranquilo. Pero es raro, es una exposici\u00f3n un poco extra\u00f1a. A veces por s\u00f3lo el hecho de tener exposici\u00f3n es como si todo lo que dijeras deber\u00eda ser correcto. Yo trato de sacarme ese peso, o de no darle importancia, o ser m\u00e1s fr\u00edo. Porque no se puede vivir as\u00ed.<\/p>\n<p>Enzo Vogrincic Gast\u00f3n Britos   <\/p>\n<p>  <img loading=\"lazy\" decoding=\"async\" src=\"https:\/\/www.elobservador.com.uy\/css-custom\/362\/lazy.svg\" data-td-src-property=\"https:\/\/media.elobservador.com.uy\/p\/76e85c300c14d536520908eb5714674e\/adjuntos\/362\/imagenes\/100\/681\/0100681143\/1000x0\/smart\/enzo-vogrincic-gaston-britos.jpg\" alt=\"\" title=\"\" width=\"1000\" height=\"563\" id=\"682067-Libre-2145849559_embed\"\/>     <\/p>\n<p><strong>Este libro, de alguna forma, sigue \u00ababriendo\u00bb tu intimidad al resto del mundo. \u00bfEso estaba claro desde el principio?<\/strong><\/p>\n<p>Lo estoy descubriendo ahora que est\u00e1 publicado y digo \u00abap\u00e1, \u00bfqu\u00e9 puse ac\u00e1?\u00bb (se r\u00ede). No, est\u00e1 hecho con mucho cuidado. Yo soy reservado y parece un chiste haber hecho un libro que habla tanto de m\u00ed, pero al final todos esos recuerdos y reflexiones van en funci\u00f3n de algo que se est\u00e1 contando por debajo. Termina siendo parte de la presentaci\u00f3n de un personaje, para que uno entienda qui\u00e9n es ese que se present\u00f3 a un casting. \u00bfQui\u00e9n es esa persona? \u00bfDe d\u00f3nde surge esa curiosidad? \u00bfC\u00f3mo es que esa persona llega hasta ah\u00ed? Y entender c\u00f3mo son esos procesos de la actuaci\u00f3n, que tienen mucho de aleatorio, de la suerte, de la coincidencia, de los cruces, de una forma sesgada de ser y de querer hacer las cosas. Me deja tranquilo que lo que est\u00e1 puesto ah\u00ed fue puesto con cuidado, las personas de las que hablo son contempladas y son cuidadas. A lo mejor contar esto da una visi\u00f3n m\u00e1s real de m\u00ed y eso ayude a que en los encuentros con la gente se conecte m\u00e1s con lo real que con la idea del actor. Quise matar la idea del actor, de las alfombras rojas, limpiar de todo eso y dejar a una persona.<\/p>\n<p><strong>\u00bfEso viene del cansancio que te gener\u00f3 ese mundo que se abri\u00f3 en los \u00faltimos a\u00f1os?<\/strong><\/p>\n<p>No me lleg\u00f3 a cansar, por suerte. Me pas\u00f3 esto de los Goyas que me satur\u00e9, pero ese fue el \u00fanico momento. Y me pas\u00f3 que cuando volv\u00eda a Uruguay ten\u00eda ganas de sacarme la cara. Pensaba \u00abclaro, esto no termina cuando vuelvo\u00bb. Pero tambi\u00e9n es parte del proceso de aprendizaje. Ahora estoy descubriendo la segunda etapa, que es cuando baja la espuma. Y ah\u00ed me doy cuenta de que esto est\u00e1 bien, que es m\u00e1s tranquilo, que ahora convivo.<\/p>\n<p><strong>El s\u00edndrome del impostor, la sensaci\u00f3n continua de que se equivocaron es algo que atraviesa tus pensamientos durante el rodaje y durante el libro. \u00bfLograste vencerlo?<\/strong><\/p>\n<p>Ojal\u00e1. No, ahora que empiezo a filmar estoy con eso en la cabeza otra vez. Empieza de a poquito. Ese es el problema. Estoy tranquilo antes de filmar, pero hay algo que empieza por debajo a susurrarme. Y s\u00e9 que va a crecer. Pero lo \u00fanico que lo puede matar es mi rendimiento en las escenas y notar que estoy haciendo un buen trabajo. Lo que pasa es que mi percepci\u00f3n tambi\u00e9n puede ser equivocada. Tal vez tengo la convicci\u00f3n de que estoy trabajando bien y las caras de afuera dicen que no. Pero me pasa con el cine, con el teatro no, y hay otras \u00e1reas que las vivo muy en paz. En el cine es donde aparece el impostor por la exposici\u00f3n, por hacer un trabajo que sea terrible y que quede grabado para siempre, por tener que verlo varias veces, eso me da terror. Pero ya se me va a ir. Espero que se me pase.<\/p>\n<p>Enzo Vogrincic Gast\u00f3n Britos (10)   <\/p>\n<p>  <img loading=\"lazy\" decoding=\"async\" src=\"https:\/\/www.elobservador.com.uy\/css-custom\/362\/lazy.svg\" data-td-src-property=\"https:\/\/media.elobservador.com.uy\/p\/4533f9698edb9823ad37b88020772e2d\/adjuntos\/362\/imagenes\/100\/681\/0100681141\/1000x0\/smart\/enzo-vogrincic-gaston-britos-10.jpg\" alt=\"\" title=\"\" width=\"1000\" height=\"563\" id=\"682065-Libre-514865827_embed\"\/>     <\/p>\n<p style=\"font-style:inherit;font-weight:inherit;\"><strong>\u00bfC\u00f3mo viv\u00eds la dualidad del actor de teatro local, que apuesta por el trabajo independiente en su pa\u00eds, y la figura internacional de alfombras rojas, desfiles de lujo y mega proyectos?<\/strong><\/p>\n<p>Con mucha tranquilidad. Desde mi perspectiva es una misma l\u00ednea continua. En ese sentido, hay cosas que tengo un poco m\u00e1s claras de por qu\u00e9 act\u00fao y elijo en funci\u00f3n del camino que quiero explorar con la actuaci\u00f3n. Ya sean obras con amigos, con la Comedia Nacional, o una pel\u00edcula o una serie que tiene otra proyecci\u00f3n. Me tomo con mucha tranquilidad la decisi\u00f3n de por qu\u00e9 aceptar los papeles. La actuaci\u00f3n siempre fue placer y diversi\u00f3n, y espero que siga siendo as\u00ed. Es un trabajo, pero me provoca tanto placer que es muy dif\u00edcil para m\u00ed considerarlo as\u00ed por m\u00e1s que trabaje mucho. Es m\u00e1s fuerte que yo. Y adem\u00e1s mi ambici\u00f3n con el cine nunca termin\u00f3 de nacer; es una casualidad que haya aparecido en mi vida. La agradezco y la sigo explorando porque es alucinante el v\u00ednculo con la actuaci\u00f3n en el cine en relaci\u00f3n con la actuaci\u00f3n en el teatro, pero no deja de ser una cosa que se me cruz\u00f3, no dejo de estar disimulando que soy un actor de cine.<\/p>\n<p><strong>Algo que atraviesa el libro es la muerte. Est\u00e1 en el t\u00edtulo, est\u00e1 en la historia que te catapult\u00f3 a la fama, est\u00e1 en el rodaje, hasta en el cad\u00e1ver artificial que imitaba tu cuerpo en la pel\u00edcula. \u00bfC\u00f3mo ha evolucionado tu forma de enfrentarte a ella en los \u00faltimos a\u00f1os? <\/strong><\/p>\n<p style=\"font-weight:400;\">Escuchar a los supervivientes hablar de la muerte en primera persona, de forma tan directa, te empieza a cambiar. Despu\u00e9s aparece algo con el proceso del libro, con el v\u00ednculo con el tema, que es lo estrecho que est\u00e1 la vida de la muerte. Porque al final habl\u00e1s de la muerte pero est\u00e1s hablando de la vida, y cuando empez\u00e1s a hablar de la vida, empez\u00e1s a pensar en la muerte tambi\u00e9n. Siempre es una tem\u00e1tica de obsesi\u00f3n, de curiosidad, de exploraci\u00f3n, porque adem\u00e1s es apasionante para escribir, para hacer obras, para hacer cine.<\/p>\n<p style=\"font-weight:400;\"><strong>En varios momentos del libro mencion\u00e1s tu incomodidad o incluso rechazo a las entrevistas de promoci\u00f3n y dem\u00e1s. Sin embargo, ac\u00e1 estamos: siguen las entrevistas. \u00bfEs necesario negociar en este rubro? \u00bfEs una claudicaci\u00f3n de tu parte o la aceptaci\u00f3n de que tambi\u00e9n hay que poner el cuerpo de otras formas?<\/strong><\/p>\n<p style=\"font-weight:400;\">Est\u00e1 conectado a otras cosas. Yo entiendo, o ahora lo entend\u00ed, que las entrevistas son parte del proceso de una pel\u00edcula, de la difusi\u00f3n, que eso se mueva, que conozcan al actor.<\/p>\n<p>Enzo Vogrincic Gast\u00f3n Britos (6)   <\/p>\n<p>  <img loading=\"lazy\" decoding=\"async\" src=\"https:\/\/www.elobservador.com.uy\/css-custom\/362\/lazy.svg\" data-td-src-property=\"https:\/\/media.elobservador.com.uy\/p\/e62b6de9393f2b2508452830070d056b\/adjuntos\/362\/imagenes\/100\/681\/0100681137\/1000x0\/smart\/enzo-vogrincic-gaston-britos-6.jpg\" alt=\"\" title=\"\" width=\"1000\" height=\"563\" id=\"682061-Libre-1795875908_embed\"\/>     <\/p>\n<p style=\"font-weight:400;\"><strong>De cara al Oscar eso fue clave adem\u00e1s.<\/strong><\/p>\n<p style=\"font-weight:400;\">Clave. Es una campa\u00f1a pol\u00edtica. Pero siento que mi trabajo como actor es tan chiquito, algo tan simple, que toda esa otra parte no se me hace parte de la profesi\u00f3n. No siento que sea parte de mi trabajo tener que estar hablando delante de una c\u00e1mara, hablando de la pel\u00edcula que acabo de hacer y que van a ver, me rompe la ilusi\u00f3n. Yo vengo del teatro y ah\u00ed el gran secreto es el misterio de lo que est\u00e1 a punto de pasar, que no se cuenta. Ese misterio para m\u00ed es muy valioso a la hora de ver algo, una obra o una pel\u00edcula. Cuando empez\u00e1s a conocer a los actores sucede que empez\u00e1s a ver a la persona, y cuando lo ves en otra pel\u00edcula ya ese disfraz que tiene puesto empieza a ser, justamente, un disfraz. Empieza a cambiar algo que, para m\u00ed, atenta contra el misterio. En ese sentido pienso que los actores no deber\u00edamos hacer nada m\u00e1s que actuar y desaparecer. Que no tengamos este otro mundo de la exposici\u00f3n, de tener que defender o promocionar la cosa. Es una fantas\u00eda, obvio que las cosas funcionan diferente, no soy tonto. Y entiendo por qu\u00e9 funcionan as\u00ed, tambi\u00e9n. Y hoy en d\u00eda ya he asumido las entrevistas. Siempre trato de reducirlas a la menor cantidad posible, porque tambi\u00e9n me cansa verme. Yo no quiero estar ah\u00ed hablando de mi actuaci\u00f3n, quiero actuar. Pero hay cosas que son inevitables.<\/p>\n<p style=\"font-weight:400;\"><strong>Imagino que esa idea de \u00absacarte la cara\u00bb cuando ven\u00edas a Montevideo tambi\u00e9n era sacar tu cara de los lugares donde la ve\u00edas en todo momento. <\/strong><\/p>\n<p style=\"font-weight:400;\">Era insoportable. Mis amigos silenciaban mi nombre en las redes para que no les apareciera. Pon\u00edan \u00abeste contenido no me interesa\u00bb. Si yo etiqueto a una persona en las redes, mucha gente empieza a seguir a esa persona. Y ah\u00ed est\u00e1 mi sobrina, mi hermana, \u00bfqu\u00e9 tienen ellas que ver? Hay algo que sale de control y aparece una curiosidad que excede ciertos l\u00edmites.<\/p>\n<p style=\"font-weight:400;\"><strong>\u00bfD\u00f3nde sent\u00eds que pusiste m\u00e1s el cuerpo? \u00bfEn el rodaje en la monta\u00f1a o en el libro? <\/strong><\/p>\n<p style=\"font-weight:400;\">En la monta\u00f1a, cien por ciento. En el libro lo que puse fue coraz\u00f3n e intelecto. En la monta\u00f1a estaba dando el cuerpo. Y ah\u00ed se dej\u00f3 todo. Porque la actuaci\u00f3n es f\u00edsica, adem\u00e1s de emocional y mental. No te queda otra que dejar el cuerpo, sobre todo en esta historia.<\/p>\n<p style=\"font-style:inherit;font-weight:inherit;\"><strong>Hablando de poner el cuerpo, los desaf\u00edos f\u00edsicos del rodaje son otros de los momentos claves del libro. \u00bfTuviste miedo por tu cuerpo? \u00bfMiedo real a los estragos que pod\u00edas someterte?<\/strong><\/p>\n<p style=\"font-weight:400;\">No, de hecho tuve las mejores marcas de tiempo de cinco kil\u00f3metros, y en mi peso m\u00e1s bajo.<\/p>\n<p style=\"font-weight:400;\"><strong>O sea: le ten\u00edas fe a tu sistema.<\/strong><\/p>\n<p style=\"font-weight:400;\">Lo estaba descubriendo, pero s\u00ed, le ten\u00eda fe. Y algo viene de la convicci\u00f3n que te genera escuchar a los sobrevivientes cuando te hablan de todo lo que vivieron. Todo lo que vos est\u00e1s viviendo empieza a quedar muy chiquito.<\/p>\n<p style=\"font-weight:400;\"><strong>La dedicatoria llama la atenci\u00f3n: A las oportunidades (ojal\u00e1 hubiera estado m\u00e1s atento). \u00bfConsider\u00e1s que ten\u00e9s m\u00e1s oportunidades perdidas que ganadas?<\/strong><\/p>\n<p style=\"font-weight:400;\">S\u00ed, pero desde muchos puntos de vista. Alguna de esas oportunidades fueron ir a tomar un caf\u00e9 con un amigo. Eso tambi\u00e9n me lo he perdido. Y muchas duelen con el tiempo porque esos recuerdos es lo \u00fanico que queda. No solo es a nivel laboral.<\/p>\n<p>Enzo Vogrincic Gast\u00f3n Britos (5)   <\/p>\n<p>  <img loading=\"lazy\" decoding=\"async\" src=\"https:\/\/www.elobservador.com.uy\/css-custom\/362\/lazy.svg\" data-td-src-property=\"https:\/\/media.elobservador.com.uy\/p\/bcf9dddd127bf3ffb241629145976ac7\/adjuntos\/362\/imagenes\/100\/681\/0100681136\/1000x0\/smart\/enzo-vogrincic-gaston-britos-5.jpg\" alt=\"\" title=\"\" width=\"1000\" height=\"563\" id=\"682060-Libre-1754342454_embed\"\/>     <\/p>\n<p style=\"font-weight:400;\"><strong>La suerte tambi\u00e9n ronda el libro y su peripecia. Si pas\u00e1s raya a los \u00faltimos a\u00f1os de tu vida, \u00bfcu\u00e1nto le deb\u00e9s a la suerte y cu\u00e1nto al talento?<\/strong><\/p>\n<p style=\"font-weight:400;\">Creo que tengo un muy buen v\u00ednculo con la suerte.<\/p>\n<p style=\"font-weight:400;\"><strong>\u00bfTe sent\u00eds un tipo con suerte?<\/strong><\/p>\n<p style=\"font-weight:400;\">Desde chiquito. Pero es una sensaci\u00f3n. La suerte no es nada en s\u00ed, es un concepto. Creo que sent\u00eds que ten\u00e9s suerte cuando lo que te pasa est\u00e1 m\u00e1s o menos alineado a tu deseo. Hay algo de la perspectiva que ten\u00e9s de lo que est\u00e1 sucediendo, la forma que tengas de entender lo que est\u00e1 sucediendo, que hace que puedas encontrar la suerte en cualquier cosa, como ir a comer a un lugar y que el plato que eleg\u00eds justo est\u00e9 bueno. En ese sentido, reconozco que tengo mucha suerte. Y despu\u00e9s tengo suerte absurda. Como esta oportunidad de la pel\u00edcula, por ejemplo.<\/p>\n","protected":false},"excerpt":{"rendered":"Para nosotros como amigos es una m\u00e1s, una m\u00e1s de nuestra historia. Pero en lo personal s\u00ed, es&hellip;\n","protected":false},"author":2,"featured_media":171784,"comment_status":"","ping_status":"","sticky":false,"template":"","format":"standard","meta":{"footnotes":""},"categories":[172],"tags":[224,146,147,25,24,225,23],"class_list":{"0":"post-171783","1":"post","2":"type-post","3":"status-publish","4":"format-standard","5":"has-post-thumbnail","7":"category-libros","8":"tag-books","9":"tag-entertainment","10":"tag-entretenimiento","11":"tag-es","12":"tag-espana","13":"tag-libros","14":"tag-spain"},"share_on_mastodon":{"url":"","error":""},"_links":{"self":[{"href":"https:\/\/www.europesays.com\/es\/wp-json\/wp\/v2\/posts\/171783","targetHints":{"allow":["GET"]}}],"collection":[{"href":"https:\/\/www.europesays.com\/es\/wp-json\/wp\/v2\/posts"}],"about":[{"href":"https:\/\/www.europesays.com\/es\/wp-json\/wp\/v2\/types\/post"}],"author":[{"embeddable":true,"href":"https:\/\/www.europesays.com\/es\/wp-json\/wp\/v2\/users\/2"}],"replies":[{"embeddable":true,"href":"https:\/\/www.europesays.com\/es\/wp-json\/wp\/v2\/comments?post=171783"}],"version-history":[{"count":0,"href":"https:\/\/www.europesays.com\/es\/wp-json\/wp\/v2\/posts\/171783\/revisions"}],"wp:featuredmedia":[{"embeddable":true,"href":"https:\/\/www.europesays.com\/es\/wp-json\/wp\/v2\/media\/171784"}],"wp:attachment":[{"href":"https:\/\/www.europesays.com\/es\/wp-json\/wp\/v2\/media?parent=171783"}],"wp:term":[{"taxonomy":"category","embeddable":true,"href":"https:\/\/www.europesays.com\/es\/wp-json\/wp\/v2\/categories?post=171783"},{"taxonomy":"post_tag","embeddable":true,"href":"https:\/\/www.europesays.com\/es\/wp-json\/wp\/v2\/tags?post=171783"}],"curies":[{"name":"wp","href":"https:\/\/api.w.org\/{rel}","templated":true}]}}