{"id":171794,"date":"2025-10-12T13:23:09","date_gmt":"2025-10-12T13:23:09","guid":{"rendered":"https:\/\/www.europesays.com\/es\/171794\/"},"modified":"2025-10-12T13:23:09","modified_gmt":"2025-10-12T13:23:09","slug":"el-mundo-del-cine-se-despide-de-la-actriz-diane-keaton-cine-y-tv","status":"publish","type":"post","link":"https:\/\/www.europesays.com\/es\/171794\/","title":{"rendered":"El mundo del cine se despide de la actriz Diane Keaton | Cine y TV"},"content":{"rendered":"<p>El mundo del cine se vuelve a vestir de luto tras la muerte de la actriz estadounidense Diane Keaton. Nacida en la ciudad de Los \u00c1ngeles, n\u00facleo central de la industria cinematogr\u00e1fica estadounidense, Keaton particip\u00f3 en grandes producciones y dej\u00f3 incre\u00edbles interpretaciones para el recuerdo de todos los cin\u00e9filos. <\/p>\n<p>M\u00e1s informaci\u00f3n<\/p>\n<p>Despu\u00e9s de varias muestras de su talento sobre las tablas de diferentes teatros estadounidenses, Keaton realiz\u00f3 su primera incursi\u00f3n en el mundo del cine en una de las pel\u00edculas m\u00e1s alabadas de la historia, El Padrino de Francis Ford Coppola. Interpretando a la mujer de Al Pacino, Keaton bord\u00f3 una actuaci\u00f3n repleta de drama que impresion\u00f3 a los espectadores, aunque ella admiti\u00f3 que desde que le propusieron el papel consider\u00f3 que \u00abno era la actriz adecuada\u00bb. <\/p>\n<p>Su proyecto m\u00e1s reconocido lleg\u00f3 en el a\u00f1o 1977, cuando protagoniz\u00f3 la pel\u00edcula Annie Hall, por la que recibi\u00f3 el premio Oscar a la mejor actriz. En este filme comparti\u00f3 pantalla con Woody Allen, que se encargar\u00eda tambi\u00e9n de su direcci\u00f3n y con el que mantendr\u00eda una relaci\u00f3n de pareja. <\/p>\n<p>El \u00faltimo adi\u00f3s del mundo del cine<\/p>\n<p>Tras conocerse la noticia de su fallecimiento, varias personalidades del universo de Hollywood han querido despedirse de la actriz y mostrar sus condolencias para los familiares y amigos de Keaton. <\/p>\n<p>La estrella del cine Robert De Niro, que comparti\u00f3 con Keaton el rodaje de la comedia La Gran Boda o el de la secuela de El Padrino, se ha despedido de su compa\u00f1era con un peque\u00f1o comunicado difundido por The Hollywood Reporter. <\/p>\n<p>\u00abEstoy muy triste por la muerte de Keaton, sent\u00eda un gran afecto por ella y las noticias de su partida me han tomado por sorpresa, no esperaba que nos dejara. Se le echar\u00e1 de menos\u00bb, establec\u00eda el escrito. <\/p>\n<p>Benn Stiller, protagonista de Noche en el Museo o Zoolander, record\u00f3 a Keaton en una publicaci\u00f3n en su cuenta de X. \u00abUn icono de la moda, el humor y la comedia\u00bb, as\u00ed describi\u00f3 Stiller a la actriz. <\/p>\n<blockquote class=\"twitter-tweet\">\n<p lang=\"en\" dir=\"ltr\">Diane Keaton. One of the greatest film actors ever. An icon of style, humor and comedy. Brilliant. What a person.<\/p>\n<p>\u2014 Ben Stiller (@BenStiller) <a href=\"https:\/\/twitter.com\/BenStiller\/status\/1977095630804881676?ref_src=twsrc%5Etfw\" rel=\"nofollow noopener\" target=\"_blank\">October 11, 2025<\/a><\/p><\/blockquote>\n<p>Su compa\u00f1era en el filme de 2005 titulado La Joya de la Familia, Sarah Jessica Parker, le dedic\u00f3 unas \u00faltimas palabras de cari\u00f1o a la actriz a trav\u00e9s de la revista Variety. \u00abDiane Keaton ha sido una fuente de inspiraci\u00f3n para innumerables actrices, ser\u00e1 terriblemente a\u00f1orada\u00bb, declar\u00f3 Parker. <\/p>\n<p>Otro gran actor, Leonardo DiCaprio, tambi\u00e9n quiso despedirse de la actriz mediante una publicaci\u00f3n en su cuenta de Instagram. En esta se observa una foto de los dos artistas junto a un mensaje en el que el actor describe a Keaton como \u00ab\u00fanica\u00bb y describe como \u00abun honor\u00bb el haber trabajado con ella en la pel\u00edcula Marvin&#8217;s Room. <\/p>\n<p><img decoding=\"async\" src=\"https:\/\/www.europesays.com\/es\/wp-content\/uploads\/2025\/10\/BCNTATSWPNG7FL7UT6AAJ4BAQI.jpg\" alt=\"Leonardo DiCaprio se despide de la actriz Diane Keaton\" width=\"650\" height=\"1085\"  loading=\"lazy\"\/><\/p>\n<p>Leonardo DiCaprio se despide de la actriz Diane Keaton \/ @leonardodicaprio<\/p>\n<p>Ampliar<img decoding=\"async\" src=\"https:\/\/www.europesays.com\/es\/wp-content\/uploads\/2025\/10\/1760275389_209_BCNTATSWPNG7FL7UT6AAJ4BAQI.jpg\" alt=\"Leonardo DiCaprio se despide de la actriz Diane Keaton\" width=\"650\" height=\"1085\" loading=\"lazy\"\/><\/p>\n<p>Leonardo DiCaprio se despide de la actriz Diane Keaton \/ @leonardodicaprio<\/p>\n<p>Cerrar<script async src=\"https:\/\/platform.twitter.com\/widgets.js\" charset=\"utf-8\"><\/script><\/p>\n","protected":false},"excerpt":{"rendered":"El mundo del cine se vuelve a vestir de luto tras la muerte de la actriz estadounidense Diane&hellip;\n","protected":false},"author":2,"featured_media":171795,"comment_status":"","ping_status":"","sticky":false,"template":"","format":"standard","meta":{"footnotes":""},"categories":[91],"tags":[1339,34525,146,147,25,24,27096,4444,3779,23,6320],"class_list":{"0":"post-171794","1":"post","2":"type-post","3":"status-publish","4":"format-standard","5":"has-post-thumbnail","7":"category-entretenimiento","8":"tag-actor","9":"tag-actress","10":"tag-entertainment","11":"tag-entretenimiento","12":"tag-es","13":"tag-espana","14":"tag-facial-expression","15":"tag-people","16":"tag-person","17":"tag-spain","18":"tag-woman"},"share_on_mastodon":{"url":"","error":""},"_links":{"self":[{"href":"https:\/\/www.europesays.com\/es\/wp-json\/wp\/v2\/posts\/171794","targetHints":{"allow":["GET"]}}],"collection":[{"href":"https:\/\/www.europesays.com\/es\/wp-json\/wp\/v2\/posts"}],"about":[{"href":"https:\/\/www.europesays.com\/es\/wp-json\/wp\/v2\/types\/post"}],"author":[{"embeddable":true,"href":"https:\/\/www.europesays.com\/es\/wp-json\/wp\/v2\/users\/2"}],"replies":[{"embeddable":true,"href":"https:\/\/www.europesays.com\/es\/wp-json\/wp\/v2\/comments?post=171794"}],"version-history":[{"count":0,"href":"https:\/\/www.europesays.com\/es\/wp-json\/wp\/v2\/posts\/171794\/revisions"}],"wp:featuredmedia":[{"embeddable":true,"href":"https:\/\/www.europesays.com\/es\/wp-json\/wp\/v2\/media\/171795"}],"wp:attachment":[{"href":"https:\/\/www.europesays.com\/es\/wp-json\/wp\/v2\/media?parent=171794"}],"wp:term":[{"taxonomy":"category","embeddable":true,"href":"https:\/\/www.europesays.com\/es\/wp-json\/wp\/v2\/categories?post=171794"},{"taxonomy":"post_tag","embeddable":true,"href":"https:\/\/www.europesays.com\/es\/wp-json\/wp\/v2\/tags?post=171794"}],"curies":[{"name":"wp","href":"https:\/\/api.w.org\/{rel}","templated":true}]}}