{"id":171803,"date":"2025-10-12T13:28:53","date_gmt":"2025-10-12T13:28:53","guid":{"rendered":"https:\/\/www.europesays.com\/es\/171803\/"},"modified":"2025-10-12T13:28:53","modified_gmt":"2025-10-12T13:28:53","slug":"a-80-millas-de-gaza-cronica-de-un-secuestro-en-el-mar","status":"publish","type":"post","link":"https:\/\/www.europesays.com\/es\/171803\/","title":{"rendered":"A 80 millas de Gaza: cr\u00f3nica de un secuestro en el mar"},"content":{"rendered":"<p class=\"\">Navegamos durante <a href=\"https:\/\/elpais.com\/noticias\/conflicto-arabe-israeli\/\" target=\"_self\" rel=\"nofollow noopener\" title=\"https:\/\/elpais.com\/noticias\/conflicto-arabe-israeli\/\">treinta y dos d\u00edas hacia Gaza<\/a>. El objetivo era claro y doble: abrir un corredor humanitario y llevar los ojos del mundo a Gaza, rompiendo el cerco de informaci\u00f3n que Israel ha impuesto durante a\u00f1os. En el barco HIO viaj\u00e1bamos nueve personas, entre ellas, las dos \u00fanicas colombianas que segu\u00edan en la misi\u00f3n, Manu y Luna. M\u00e9xico y Colombia estaban representados en mi barco.<\/p>\n<p class=\"\">Fuimos parte de la <a href=\"https:\/\/elpais.com\/internacional\/2025-10-03\/diario-a-bordo-la-travesia-de-la-flotilla-global-sumud-hacia-gaza.html\" target=\"_self\" rel=\"nofollow noopener\" title=\"https:\/\/elpais.com\/internacional\/2025-10-03\/diario-a-bordo-la-travesia-de-la-flotilla-global-sumud-hacia-gaza.html\">Global Sumud Flotilla<\/a>, una coalici\u00f3n civil internacional integrada por m\u00e9dicos, artistas, activistas, marineros&#8230; Personas comunes. Bajo un liderazgo colectivo con figuras como <a href=\"https:\/\/elpais.com\/smoda\/moda\/2025-10-03\/el-sombrero-de-rana-de-greta-thunberg-un-nuevo-simbolo-de-la-resistencia-pacifica.html\" target=\"_self\" rel=\"nofollow noopener\" title=\"https:\/\/elpais.com\/smoda\/moda\/2025-10-03\/el-sombrero-de-rana-de-greta-thunberg-un-nuevo-simbolo-de-la-resistencia-pacifica.html\">Greta Thunberg<\/a>, Thiago \u00c1vila y Mandla Mandela, busc\u00e1bamos desafiar pac\u00edficamente el bloqueo declarado ilegal por organismos internacionales.<\/p>\n<p class=\"\">A unas 150 millas n\u00e1uticas de Gaza sab\u00edamos que entr\u00e1bamos en la zona donde otras flotillas hab\u00edan sido interceptadas. Dorm\u00edamos poco. El ambiente era denso, las guardias nocturnas cada vez m\u00e1s tensas. El primero de octubre, los barcos israel\u00edes aparecieron en el radar. En una hora est\u00e1bamos rodeados.<\/p>\n<p class=\"\">Los israel\u00edes <a href=\"https:\/\/elpais.com\/internacional\/2025-10-06\/el-periodista-de-el-pais-en-la-flotilla-de-gaza-no-hay-medicos-para-animales-como-vosotros-nos-dijeron-los-guardias-israelies.html?autoplay=1\" target=\"_self\" rel=\"nofollow noopener\" title=\"https:\/\/elpais.com\/internacional\/2025-10-06\/el-periodista-de-el-pais-en-la-flotilla-de-gaza-no-hay-medicos-para-animales-como-vosotros-nos-dijeron-los-guardias-israelies.html?autoplay=1\">comenzaron por los barcos m\u00e1s grandes<\/a>. Primero interceptaron al Alma, donde viajaban Greta y el nieto de Mandela. \u00c9ramos 51 embarcaciones y notamos al menos tres equipos de intercepci\u00f3n operando en paralelo. En el HIO, nuestro capit\u00e1n, un irland\u00e9s testarudo, estaba fuera de s\u00ed. Creo que no pudo aceptar que no llegar\u00edamos a Gaza; la negaci\u00f3n lo consum\u00eda y aceler\u00f3 el barco, desoyendo los protocolos. Desde mi puesto vi los destellos de las ametralladoras y los l\u00e1seres apunt\u00e1ndonos. Le grit\u00e9 que parara. El abordaje era inminente. Activamos el protocolo como pudimos: esconder documentos, deshacernos de los tel\u00e9fonos, prepararnos para el secuestro.<\/p>\n<p class=\"\">El traslado hacia el puerto dur\u00f3 quince horas. Nos mantuvieron en la cubierta, en un espacio tan estrecho que era imposible dormir. Con el amanecer, el calor se volvi\u00f3 insoportable. Los rostros de mis compa\u00f1eros mostraban agotamiento y tristeza. El capit\u00e1n, con la mirada vac\u00eda, parec\u00eda un hombre quebrado. Todos compart\u00edamos la misma sensaci\u00f3n, la de haber fallado. Por qu\u00e9, aunque fuera por un momento, pensamos que pod\u00edamos lograrlo.<\/p>\n<p><img decoding=\"auto\" class=\"_re lazyload a_m-h\" height=\"287\"  width=\"414\"  src=\"https:\/\/www.europesays.com\/es\/wp-content\/uploads\/2025\/10\/F772TEMFVVD65NJPSTLZ4OQYGY.jpg\" loading=\"lazy\"\/>La Flotilla Global Sumud rumbo a Gaza.Carlos P\u00e9rez Osorio<\/p>\n<p class=\"\">Llegamos <a href=\"https:\/\/elpais.com\/internacional\/2025-10-02\/el-barco-de-la-marina-israeli-con-los-miembros-de-la-flotilla-detenidos-llega-al-puerto-de-ashdod.html\" target=\"_self\" rel=\"nofollow noopener\" title=\"https:\/\/elpais.com\/internacional\/2025-10-02\/el-barco-de-la-marina-israeli-con-los-miembros-de-la-flotilla-detenidos-llega-al-puerto-de-ashdod.html\">al puerto de Ashdod<\/a> al atardecer. Al poner un pie en tierra la polic\u00eda israel\u00ed se mostr\u00f3 violenta, somet\u00eda a la flotilla con llaves y se notaba que su intenci\u00f3n era humillarnos. Nos tiraron al suelo, a algunos nos pusieron de rodillas y nos gritaron \u201cterroristas\u201d. Entre c\u00e1maras apareci\u00f3 Itamar Ben-Gvir, ministro de Seguridad Nacional, con su equipo de comunicaci\u00f3n. Su presencia era un espect\u00e1culo pol\u00edtico.<\/p>\n<p class=\"\">Ben-Gvir camin\u00f3 entre nosotros buscando su imagen de victoria. Yo estaba a pocos metros; pod\u00eda ver c\u00f3mo sonre\u00eda mientras un asistente lo grababa con las manos temblorosas. Nos grit\u00f3 que \u00e9ramos \u201casesinos de beb\u00e9s israel\u00edes\u201d y que nos llevar\u00edan a una c\u00e1rcel de terroristas. Era un discurso grotesco, hecho para las redes. Pero no encontr\u00f3 miedo. Le gritamos \u201cFree Palestine\u201d en la cara, lo llamamos psic\u00f3pata, asesino. En el video que public\u00f3 despu\u00e9s, cort\u00f3 ese momento.<\/p>\n<p class=\"\">La represi\u00f3n se intensific\u00f3. Nos amarraron las manos por la espalda y me obligaron a ponerme de rodillas de nuevo sobre el piso de piedra. El tiempo se volvi\u00f3 una mancha. Calculo que estuve as\u00ed unas siete horas, retorci\u00e9ndome, buscando una postura menos dolorosa. A mi alrededor, algunos se desplomaban del cansancio. Quer\u00edan quebrarnos. Nos procesaron poco a poco y trataron de que firm\u00e1ramos documentos en hebreo admitiendo un crimen por intentar entrar \u201cilegalmente\u201d a Israel. Nos negamos. No reconocemos la legalidad del bloqueo ni de la ocupaci\u00f3n.<\/p>\n<p class=\"\">Al final nos vendaron los ojos y nos subieron a camiones separados por g\u00e9nero. Fue la \u00faltima vez que vi a Luna, Manuela y a Lorenzo D\u2019Agostino, el periodista italiano con el que compart\u00ed la traves\u00eda. <a href=\"https:\/\/elpais.com\/internacional\/2025-10-05\/exteriores-afirma-que-21-de-los-49-espanoles-de-la-flotilla-detenidos-en-israel-regresaran-este-domingo-a-espana-si-nada-se-tuerce.html\" target=\"_self\" rel=\"nofollow noopener\" title=\"https:\/\/elpais.com\/internacional\/2025-10-05\/exteriores-afirma-que-21-de-los-49-espanoles-de-la-flotilla-detenidos-en-israel-regresaran-este-domingo-a-espana-si-nada-se-tuerce.html\">Pasamos seis horas encerrados<\/a>, con el aire acondicionado al m\u00e1ximo, temblando de fr\u00edo. Al amanecer supimos que nos llevaban a Ktzi\u2019ot, una prisi\u00f3n de alta seguridad en el desierto del Negev. Construida durante la primera Intifada, Ktzi\u2019ot es una de las c\u00e1rceles m\u00e1s grandes de Israel. Por sus celdas han pasado decenas de miles de palestinos, muchos sin cargos ni juicio. Organizaciones de derechos humanos han documentado torturas, golpizas y muertes bajo custodia; en el \u00faltimo a\u00f1o, la ONU ha reportado al menos 75 fallecidos.<\/p>\n<p><img decoding=\"auto\" class=\"_re lazyload a_m-h\" height=\"299\"  width=\"414\"  src=\"https:\/\/www.europesays.com\/es\/wp-content\/uploads\/2025\/10\/CXDAT7VUZ5GG5N2ZVAHJBJZDQQ.jpg\" loading=\"lazy\"\/>El grupo pas\u00f3 cuatro d\u00edas en la prisi\u00f3n de m\u00e1xima seguridad de Ketziot.Carlos P\u00e9rez Osorio<\/p>\n<p class=\"\">Ktzi\u2019ot se levanta en medio del desierto del N\u00e9guev, y el calor all\u00ed se vuelve insoportable. Es un complejo de una sola planta dividido en varios pabellones; yo conoc\u00ed el 9 y el 10. Cada celda contiene seis literas met\u00e1licas, grises y fr\u00edas, y un ba\u00f1o sin desag\u00fce. Nos met\u00edan a unos 14 por celda. En el pasillo central que separa las 16 celdas del pabell\u00f3n colocaron dos monitores en los que se repet\u00edan, una y otra vez, <a href=\"https:\/\/elpais.com\/opinion\/2025-10-07\/las-consecuencias-del-7-de-octubre.html\" target=\"_self\" rel=\"nofollow noopener\" title=\"https:\/\/elpais.com\/opinion\/2025-10-07\/las-consecuencias-del-7-de-octubre.html\">im\u00e1genes del 7 de octubre.<\/a> Desde las bocinas, a un volumen muy fuerte, se mezclaban los gritos que emanaban de los videos con una m\u00fasica l\u00fagubre, creando un ambiente calculado para quebrar la mente. En cada pared, se ve\u00edan banderas de Israel. Con pasta de dientes, algunos compa\u00f1eros escribieron \u201cFree Gaza\u201d en las puertas de las celdas.<\/p>\n<p class=\"\">Nos mantuvieron incomunicados desde el primer momento, movi\u00e9ndonos de celda en celda. Solo hasta el segundo d\u00eda <a href=\"https:\/\/elpais.com\/mexico\/2025-10-08\/la-delegacion-mexicana-de-la-global-sumud-flotilla-detenida-por-israel-vuela-de-camino-hacia-ciudad-de-mexico.html\" target=\"_self\" rel=\"nofollow noopener\" title=\"https:\/\/elpais.com\/mexico\/2025-10-08\/la-delegacion-mexicana-de-la-global-sumud-flotilla-detenida-por-israel-vuela-de-camino-hacia-ciudad-de-mexico.html\">pudimos hablar brevemente con el embajador de M\u00e9xico<\/a> en Israel, la primera voz del exterior que escuchamos desde la intercepci\u00f3n. Aun as\u00ed, sab\u00edamos que no sufrir\u00edamos lo que muchos palestinos enfrentan ah\u00ed dentro. Est\u00e1bamos protegidos por la mirada internacional y los guardias lo sab\u00edan.<\/p>\n<p class=\"\">Recuerdo a Thiago \u00c1vila gritando desde su celda para que lo escucharan en todo el pabell\u00f3n: \u201c\u00a1Somos no violentos, pero no nos vamos a someter! \u00a1No les tenemos miedo!\u201d Ese esp\u00edritu se volvi\u00f3 un pulso colectivo. El desaf\u00edo tuvo su precio: poca comida y sin medicamentos para quienes los necesitaban. Pero nada de eso import\u00f3, menos para los compa\u00f1eros que iniciaron una huelga de hambre desde la intercepci\u00f3n.<\/p>\n<p class=\"\">Mi compa\u00f1ero de celda, Takis Politis, un griego de unos 60 a\u00f1os, tambi\u00e9n estaba en huelga. Hab\u00eda sido parte de las primeras flotillas que zarparon desde Grecia y en 2008 logr\u00f3 llegar a Gaza con el Free Gaza Movement, en una de las pocas misiones que rompieron el bloqueo. Su serenidad nos daba fuerza. Era la prueba viva de que lo imposible, alguna vez, s\u00ed fue posible.<\/p>\n<p class=\"\">El segundo d\u00eda, Thiago regres\u00f3 de hablar con su c\u00f3nsul y grit\u00f3: \u201c\u00a1Italia est\u00e1 en fuego!\u201d Afuera hab\u00eda protestas, gobiernos presionando por nuestra liberaci\u00f3n. Si no abrimos el corredor humanitario, al menos hab\u00edamos hecho que los ojos del mundo regresaran a Gaza.<\/p>\n<p class=\"\">D\u00edas despu\u00e9s vimos al embajador Mauricio Escanero, quien actu\u00f3 con enorme dignidad. Ten\u00eda instrucciones directas de la presidenta y del canciller para sacarnos lo antes posible. Gracias a la presi\u00f3n internacional, empez\u00f3 nuestro proceso de deportaci\u00f3n a Jordania.<\/p>\n<p class=\"\">Para m\u00ed, el prop\u00f3sito de sumarme a esta misi\u00f3n iba m\u00e1s all\u00e1 del barco o del bloqueo. Era la lucha por devolver la dignidad y la agencia al pueblo palestino. Desde hace a\u00f1os, Israel no solo ha intentado destruirlos con bombas y asedios, sino tambi\u00e9n a trav\u00e9s del control del relato, imponiendo una narrativa que los deshumaniza.<\/p>\n<p class=\"\">Mi trabajo como documentalista y fot\u00f3grafo, desde mis a\u00f1os <a href=\"https:\/\/elpais.com\/internacional\/2025-08-29\/el-jefe-de-la-unrwa-gaza-se-esta-convirtiendo-en-el-cementerio-del-derecho-internacional-humanitario.html\" target=\"_self\" rel=\"nofollow noopener\" title=\"https:\/\/elpais.com\/internacional\/2025-08-29\/el-jefe-de-la-unrwa-gaza-se-esta-convirtiendo-en-el-cementerio-del-derecho-internacional-humanitario.html\">con UNRWA <\/a>y otras agencias de la ONU en Medio Oriente, siempre ha tenido un mismo eje, que es el de acompa\u00f1ar a las comunidades palestinas, escuchar sus voces y ayudar a que sean ellos quienes cuenten sus historias. Eso es lo que algunos llaman la Intifada Digital, una contranarrativa que busca romper el cerco medi\u00e1tico y mostrar la humanidad que persiste incluso bajo el asedio.<\/p>\n<p class=\"\">Hoy, mientras Gaza resiste bajo las ruinas, el mundo empieza a mirar otra vez. Pero no basta con mirar. Lo urgente ahora es frenar el genocidio, reparar Gaza y devolverle la vida a una tierra devastada. Cada hospital, escuela y casa destruidos deben reconstruirse; cada herida, f\u00edsica o moral, necesita justicia.<\/p>\n<p><img decoding=\"auto\" class=\"_re lazyload a_m-v\" height=\"621\"  width=\"414\"  src=\"https:\/\/www.europesays.com\/es\/wp-content\/uploads\/2025\/10\/D27QBDUZYBBFJL4NCBCBSVYKQ4.jpg\" loading=\"lazy\"\/>La activista Greta Thunberg en la Flotilla Global Sumud.<\/p>\n<p class=\"\">Y esa justicia no puede quedar suspendida en el aire. Los arquitectos de esta masacre, <a href=\"https:\/\/elpais.com\/internacional\/2025-10-09\/la-opinion-publica-de-ee-uu-se-aleja-del-tradicional-apoyo-de-su-pais-a-israel.html\" target=\"_self\" rel=\"nofollow noopener\" title=\"https:\/\/elpais.com\/internacional\/2025-10-09\/la-opinion-publica-de-ee-uu-se-aleja-del-tradicional-apoyo-de-su-pais-a-israel.html\">Benjamin Netanyahu,<\/a> Bezalel Smotrich y Itamar Ben Gvir, entre otros, han sido expl\u00edcitos en sus intenciones de limpiar \u00e9tnicamente Gaza, borrar a su poblaci\u00f3n palestina y transformar ese territorio devastado en una bonanza inmobiliaria. Quienes han ordenado, financiado y justificado este exterminio deben ser llevados ante los tribunales internacionales.<\/p>\n<p class=\"\">Cuando nos sacaron para deportarnos hacia Jordania, me metieron en un cami\u00f3n con celdas met\u00e1licas. \u00c9ramos cuatro personas en un espacio diminuto. A mi lado estaba Mandla Mandela, el nieto de Nelson Mandela. Detr\u00e1s de las rejas, los guardias nos observaban en silencio. \u00c9l los mir\u00f3 de frente y dijo: \u201cRecuerden mi cara, porque voy a regresar.\u201d Uno se burl\u00f3: \u201cEst\u00e1s perdiendo el tiempo.\u201d Mandela respondi\u00f3 sin dudar: \u201cPara esto yo tengo todo el tiempo del mundo.\u201d<\/p>\n<p class=\"\">Sus palabras quedaron suspendidas en el aire. Pens\u00e9 en quienes han resistido desde la Nakba, en generaciones que han vivido bajo el asedio y aun as\u00ed no han dejado de levantarse. Entend\u00ed que esa frase no hablaba solo de \u00e9l, sino de los palestinos, que han sostenido esta lucha mucho antes de que nosotros naci\u00e9ramos.<\/p>\n<p class=\"\">Porque Palestina nunca ha dejado de regresar: en la memoria, en las calles, en cada intento de reconstruir lo que otros destruyen.<\/p>\n<p class=\"\">El tiempo, aunque los poderosos crean que les pertenece, sigue del lado de quienes resisten. Yo volver\u00eda a zarpar en la flotilla todas las veces que fuera necesario. No hay mayor honor que haber formado parte de esta lucha.<\/p>\n<p><img decoding=\"auto\" class=\"_re lazyload a_m-h\" height=\"277\"  width=\"414\"  src=\"https:\/\/www.europesays.com\/es\/wp-content\/uploads\/2025\/10\/ULDPOSXEFNFT7JT7JGJYYAP7OQ.jpeg\" loading=\"lazy\"\/>Llegada de integrantes mexicanos de la Global Summud Flotilla a Ciudad de M\u00e9xico.Nayeli Cruz<\/p>\n","protected":false},"excerpt":{"rendered":"Navegamos durante treinta y dos d\u00edas hacia Gaza. El objetivo era claro y doble: abrir un corredor humanitario&hellip;\n","protected":false},"author":2,"featured_media":171804,"comment_status":"","ping_status":"","sticky":false,"template":"","format":"standard","meta":{"footnotes":""},"categories":[5],"tags":[889,13241,17,18,25,24,13,14,73,11,74,19,20,1804,1906,9,10,15,16,732,23,12,21,22,16230],"class_list":{"0":"post-171803","1":"post","2":"type-post","3":"status-publish","4":"format-standard","5":"has-post-thumbnail","7":"category-titulares","8":"tag-america","9":"tag-benjamin-netanyahu","10":"tag-breaking-news","11":"tag-breakingnews","12":"tag-es","13":"tag-espana","14":"tag-featured-news","15":"tag-featurednews","16":"tag-franja-gaza","17":"tag-headlines","18":"tag-israel","19":"tag-latest-news","20":"tag-latestnews","21":"tag-latinoamerica","22":"tag-mexico","23":"tag-news","24":"tag-noticias","25":"tag-noticias-destacadas","26":"tag-noticiasdestacadas","27":"tag-onu","28":"tag-spain","29":"tag-titulares","30":"tag-ultimas-noticias","31":"tag-ultimasnoticias","32":"tag-unrwa"},"share_on_mastodon":{"url":"","error":""},"_links":{"self":[{"href":"https:\/\/www.europesays.com\/es\/wp-json\/wp\/v2\/posts\/171803","targetHints":{"allow":["GET"]}}],"collection":[{"href":"https:\/\/www.europesays.com\/es\/wp-json\/wp\/v2\/posts"}],"about":[{"href":"https:\/\/www.europesays.com\/es\/wp-json\/wp\/v2\/types\/post"}],"author":[{"embeddable":true,"href":"https:\/\/www.europesays.com\/es\/wp-json\/wp\/v2\/users\/2"}],"replies":[{"embeddable":true,"href":"https:\/\/www.europesays.com\/es\/wp-json\/wp\/v2\/comments?post=171803"}],"version-history":[{"count":0,"href":"https:\/\/www.europesays.com\/es\/wp-json\/wp\/v2\/posts\/171803\/revisions"}],"wp:featuredmedia":[{"embeddable":true,"href":"https:\/\/www.europesays.com\/es\/wp-json\/wp\/v2\/media\/171804"}],"wp:attachment":[{"href":"https:\/\/www.europesays.com\/es\/wp-json\/wp\/v2\/media?parent=171803"}],"wp:term":[{"taxonomy":"category","embeddable":true,"href":"https:\/\/www.europesays.com\/es\/wp-json\/wp\/v2\/categories?post=171803"},{"taxonomy":"post_tag","embeddable":true,"href":"https:\/\/www.europesays.com\/es\/wp-json\/wp\/v2\/tags?post=171803"}],"curies":[{"name":"wp","href":"https:\/\/api.w.org\/{rel}","templated":true}]}}