{"id":171807,"date":"2025-10-12T13:35:11","date_gmt":"2025-10-12T13:35:11","guid":{"rendered":"https:\/\/www.europesays.com\/es\/171807\/"},"modified":"2025-10-12T13:35:11","modified_gmt":"2025-10-12T13:35:11","slug":"es-cuestion-de-tiempo-para-que-tsunoda-sea-reemplazado-en-red-bull","status":"publish","type":"post","link":"https:\/\/www.europesays.com\/es\/171807\/","title":{"rendered":"Es cuesti\u00f3n de tiempo para que Tsunoda sea reemplazado en Red Bull"},"content":{"rendered":"<p>Yuki Tsunoda pas\u00f3 a compartir garaje con Max Verstappen en la temporada 2025 tras ocupar la butaca que hab\u00eda pertenecido en las dos primeras carreras del a\u00f1o al novato Liam Lawson, precisamente para el Gran Premio de Jap\u00f3n en Suzuka, tercera cita del a\u00f1o. Aunque su rendimiento ha mejorado respecto al inicio de temporada, la brecha con su compa\u00f1ero neerland\u00e9s sigue siendo evidente.<\/p>\n<p>El \u00faltimo ejemplo lleg\u00f3 en el Gran Premio de Singapur en el circuito urbano de Marina Bay. Mientras Verstappen cruz\u00f3 la meta en segundo lugar, Tsunoda termin\u00f3 12\u00b0 y con una vuelta menos que su compa\u00f1ero.<\/p>\n<p>El japon\u00e9s ven\u00eda de tener su mejor fin de semana con Red Bull en el Gran Premio de Azerbaiy\u00e1n, cuando clasific\u00f3 y lleg\u00f3 sexto en carrera, pero no pudo mantener ese nivel en la cita de Marina Bay.<\/p>\n<p>\u00abFue doblado por su compa\u00f1ero y tambi\u00e9n por los l\u00edderes. Es cuesti\u00f3n de tiempo antes de que deje ese asiento; la duda no es si pasar\u00e1, sino cu\u00e1ndo\u00bb, lanz\u00f3 Sam Bird, piloto de la F\u00f3rmula E, en el p\u00f3dcast Chequered Flag de la BBC.<\/p>\n<p>   <img decoding=\"async\" draggable=\"false\" src=\"https:\/\/www.europesays.com\/es\/wp-content\/uploads\/2025\/10\/1760276111_251_yuki-tsunoda-red-bull-racing-t.jpg\" alt=\"Yuki Tsunoda, Red Bull Racing Team\" width=\"1200\" height=\"800\" loading=\"lazy\"\/> <\/p>\n<p class=\"title\">Yuki Tsunoda, Red Bull Racing Team<\/p>\n<p class=\"photographer\">Photo by: Zak Mauger \/ LAT Images via Getty Images<\/p>\n<p>Los rumores sobre su posible reemplazo se intensifican. El nombre de Isack Hadjar, actualmente en Racing Bulls y de destacada temporada debut en la F\u00f3rmula 1, aparece como favorito para subir al equipo principal de la marca en 2026. A su vez, el joven Arvid Lindblad podr\u00eda ocupar una de las butacas del equipo filial, lo que dejar\u00eda a Lawson y Tsunoda disput\u00e1ndose el segundo asiento de Racing Bulls.<\/p>\n<p>Bird incluso se pregunt\u00f3 si el cambio podr\u00eda ocurrir antes de que finalice la temporada actual.<\/p>\n<p>\u00ab\u00bfY si lo hacen antes del final del a\u00f1o? \u00bfY si le dan a Isack Hadjar seis carreras con el equipo grande para que se adapte, se familiarice con su ingeniero y con la forma en la que trabajan?\u00bb, especul\u00f3. \u00abNo se trata de construirle un coche a \u00e9l, sino a Max Verstappen. La pregunta es si podr\u00e1 mantenerse a la altura de ese nivel\u00bb.<\/p>\n<p>Con seis fines de semana de competencia restantes, Tsunoda ocupa el 17\u00ba puesto en el campeonato con 20 puntos, mientras que Hadjar marcha noveno con 39. Un contraste que, de acuerdo con Bird, inclina la balanza cada vez m\u00e1s en favor de un recambio en Red Bull.<\/p>\n<p>M\u00e1s de la F\u00f3rmula 1:<\/p>\n<p>            Queremos tu opini\u00f3n<\/p>\n<p class=\"mt-auto\">\u00bfQu\u00e9 le gustar\u00eda ver en Motorsport.com?<\/p>\n<p>            <a href=\"#\" class=\"ms-link text-link font-bold\">Responda a nuestra encuesta de 5 minutos.<\/a><\/p>\n<p class=\"mt-1 font-info text-body\">&#8211; El equipo de Motorsport.com<\/p>\n","protected":false},"excerpt":{"rendered":"Yuki Tsunoda pas\u00f3 a compartir garaje con Max Verstappen en la temporada 2025 tras ocupar la butaca que&hellip;\n","protected":false},"author":2,"featured_media":171808,"comment_status":"","ping_status":"","sticky":false,"template":"","format":"standard","meta":{"footnotes":""},"categories":[270],"tags":[168,25,49736,24,306,271,272,1230,44837,44838,2092,23,167,2105],"class_list":{"0":"post-171807","1":"post","2":"type-post","3":"status-publish","4":"format-standard","5":"has-post-thumbnail","7":"category-formula-1","8":"tag-deportes","9":"tag-es","10":"tag-es-cuestiu00f3n-de-tiempo-para-que-tsunoda-sea-reemplazado-en-red-bull","11":"tag-espana","12":"tag-f1","13":"tag-formula-1","14":"tag-formula1","15":"tag-fu00f3rmula-1","16":"tag-gp-de-singapur","17":"tag-marina-bay-street-circuit","18":"tag-red-bull-racing","19":"tag-spain","20":"tag-sports","21":"tag-yuki-tsunoda"},"share_on_mastodon":{"url":"","error":""},"_links":{"self":[{"href":"https:\/\/www.europesays.com\/es\/wp-json\/wp\/v2\/posts\/171807","targetHints":{"allow":["GET"]}}],"collection":[{"href":"https:\/\/www.europesays.com\/es\/wp-json\/wp\/v2\/posts"}],"about":[{"href":"https:\/\/www.europesays.com\/es\/wp-json\/wp\/v2\/types\/post"}],"author":[{"embeddable":true,"href":"https:\/\/www.europesays.com\/es\/wp-json\/wp\/v2\/users\/2"}],"replies":[{"embeddable":true,"href":"https:\/\/www.europesays.com\/es\/wp-json\/wp\/v2\/comments?post=171807"}],"version-history":[{"count":0,"href":"https:\/\/www.europesays.com\/es\/wp-json\/wp\/v2\/posts\/171807\/revisions"}],"wp:featuredmedia":[{"embeddable":true,"href":"https:\/\/www.europesays.com\/es\/wp-json\/wp\/v2\/media\/171808"}],"wp:attachment":[{"href":"https:\/\/www.europesays.com\/es\/wp-json\/wp\/v2\/media?parent=171807"}],"wp:term":[{"taxonomy":"category","embeddable":true,"href":"https:\/\/www.europesays.com\/es\/wp-json\/wp\/v2\/categories?post=171807"},{"taxonomy":"post_tag","embeddable":true,"href":"https:\/\/www.europesays.com\/es\/wp-json\/wp\/v2\/tags?post=171807"}],"curies":[{"name":"wp","href":"https:\/\/api.w.org\/{rel}","templated":true}]}}