{"id":171813,"date":"2025-10-12T13:38:12","date_gmt":"2025-10-12T13:38:12","guid":{"rendered":"https:\/\/www.europesays.com\/es\/171813\/"},"modified":"2025-10-12T13:38:12","modified_gmt":"2025-10-12T13:38:12","slug":"el-conmovedor-tributo-de-steve-martin-a-su-iconica-companera-en-el-padre-de-la-novia","status":"publish","type":"post","link":"https:\/\/www.europesays.com\/es\/171813\/","title":{"rendered":"el conmovedor tributo de Steve Martin a su ic\u00f3nica compa\u00f1era en &#8216;El padre de la novia&#8217;"},"content":{"rendered":"<p><img loading=\"lazy\" decoding=\"async\" src=\"https:\/\/www.europesays.com\/es\/wp-content\/uploads\/2025\/10\/100x100_informalia-logo.jpg\" itemtype=\"\/\/schema.org\/ImageObject\" itemprop=\"url\" alt=\"Informalia\" width=\"64\" height=\"64\" pinger-seen=\"true\"\/><\/p>\n<p>Conmoci\u00f3n en Hollywood tras el fallecimiento de <b>Diane Keaton<\/b>, una de las actrices m\u00e1s carism\u00e1ticas y queridas del cine estadounidense. La inolvidable protagonista de Annie Hall <a href=\"https:\/\/www.eleconomista.es\/informalia\/famosos\/noticias\/13589315\/10\/25\/diane-keaton-puso-a-la-venta-su-mansion-en-marzo-cuando-descubrio-que-su-salud-se-deterioraba.html\" title=\"Diane Keaton puso a la venta su mansi\u00f3n en marzo, cuando descubri\u00f3 que su salud se deterioraba\" rel=\"nofollow noopener\" target=\"_blank\">muri\u00f3 este pasado s\u00e1bado en su residencia de California<\/a>, a los 79 a\u00f1os, tras un repentino empeoramiento de salud. Por el momento, se desconocen las causas exactas de su fallecimiento. La noticia ha causado una profunda tristeza en la industria cinematogr\u00e1fica. Compa\u00f1eros de profesi\u00f3n, directores y amigos de la int\u00e9rprete han comenzado a despedirse de ella con emotivos mensajes en redes sociales, recordando su talento, su elegancia y su inconfundible sentido del humor.<\/p>\n<p>Entre los homenajes m\u00e1s sentidos destaca el de <b>Steve Martin<\/b>, con quien Keaton comparti\u00f3 protagonismo en la comedia El padre de la novia (1991) y su secuela cuatro a\u00f1os m\u00e1s tarde. El actor, de 80 a\u00f1os, comparti\u00f3 en un emotivo tributo en X (antes Twitter), una foto en blanco y negro junto a la actriz:<b> \u00abMe encant\u00f3\u00bb<\/b>, escribi\u00f3 el actor de La pantera rosa. Poco despu\u00e9s, a\u00f1adi\u00f3 una frase ic\u00f3nica de Annie Hall (1977), aquella que inmortaliz\u00f3 a Keaton en la gran pantalla: \u00abLa dee da, la dee da\u00bb.<\/p>\n<p>                            <img decoding=\"async\" src=\"https:\/\/www.europesays.com\/es\/wp-content\/uploads\/2025\/10\/770x_MV5BN2RmMjgwYjYtNjlmYS00MTAyLWJkN2QtYzQ2ODhmNWE1MDhlXkEyXkFqcGc_V1_.jpg\" loading=\"lazy\"\/><\/p>\n<p>                            Diane Keaton y Steve Martin protagonizaron &#8216;El padre de la novia&#8217;<\/p>\n<p>Al homenaje en redes tambi\u00e9n se sum\u00f3 <b>Mandy Moore<\/b>, quien comparti\u00f3 pantalla con la actriz en la comedia rom\u00e1ntica Porque yo lo digo (2007). \u00abDicen que no hay que conocer a los h\u00e9roes, pero tuve la oportunidad de trabajar con una de los m\u00edos e incluso llamarla &#8216;mam\u00e1&#8217; durante unos meses. <b>Un honor para toda la vida\u00bb<\/b>, record\u00f3 con cari\u00f1o la int\u00e9rprete. Y continu\u00f3: <b>\u00ab\u00a1Qu\u00e9 persona tan brillante era y es Di!<\/b> Me entristece mucho que se haya ido por todas las razones, pero tambi\u00e9n porque sent\u00eda que estar\u00eda aqu\u00ed para siempre, deslumbr\u00e1ndonos con su talento y encanto (\u00a1y su estilo, vamos!)\u00bb. La actriz cerr\u00f3 su publicaci\u00f3n con un adi\u00f3s muy sentido:<b> \u00abUna de las mejores que jam\u00e1s haya hecho<\/b>. Todo mi cari\u00f1o para sus hijos y seres queridos\u00bb.<\/p>\n<p>                            <img decoding=\"async\" src=\"https:\/\/www.europesays.com\/es\/wp-content\/uploads\/2025\/10\/moore_V1_.jpg\" loading=\"lazy\"\/><\/p>\n<p>                            Mandy Moore y Diane Keaton en &#8216;Porque lo digo yo&#8217;<\/p>\n<p>Por su parte, la actriz <b>Bette Midler,<\/b> quien comparti\u00f3 pantalla con Keaton en la comedia dram\u00e1tica The First Wives Club (1996), tambi\u00e9n quiso rendirle un homenaje especial. La actriz, de 79 a\u00f1os, public\u00f3 varias im\u00e1genes en Instagram junto a su amiga y escribi\u00f3: \u00abLa brillante, hermosa y extraordinaria Diane Keaton ha muerto. <b>No puedo expresarles lo insoportablemente triste que me pone esto<\/b>. Era divertid\u00edsima, sin ninguna malicia ni la competitividad que uno esperar\u00eda de una estrella como ella. Lo que vieron fue qui\u00e9n era&#8230; \u00a1Ay, ay, ay!\u00bb.<\/p>\n<p>                            <img decoding=\"async\" src=\"https:\/\/www.europesays.com\/es\/wp-content\/uploads\/2025\/10\/better.jpg\" loading=\"lazy\"\/><\/p>\n<p>                            Better Midler, Goldie Hawn y Diane Keaton protagonizaron &#8216;The First Wives Club&#8217;<\/p>\n<p>En la misma l\u00ednea,<b> Goldie Hawn<\/b>, su otra compa\u00f1era en la recordada pel\u00edcula, dedic\u00f3 unas palabras llenas de ternura a quien consideraba una amiga de toda la vida. La actriz comparti\u00f3 una instant\u00e1nea de ambas sonriendo. <b>\u00abDiane, no estamos listos para perderte\u00bb<\/b>.<\/p>\n<p>WhatsApp<a href=\"https:\/\/api.whatsapp.com\/send?text=https:\/\/www.eleconomista.es\/informalia\/famosos\/noticias\/13589377\/10\/25\/hollywood-llora-la-muerte-de-diane-keaton-el-conmovedor-tributo-de-steve-martin-a-su-iconica-companera-en-el-padre-de-la-novia.html?utm_source%3Dwhatsapp%26utm_medium%3Dshare_button&amp;id=1648118629957_whatsapp\" target=\"_blank\" data-action=\"share\/whatsapp\/share\" aria-label=\"Compartir en Whatsapp\" rel=\"nofollow noopener\"><\/a>Facebook<a id=\"fb-share\" href=\"#\" target=\"_blank\" rel=\"noopener noreferrer\" aria-label=\"Compartir en Facebook\"><\/a>Twitter<a href=\"https:\/\/twitter.com\/share?text=Hollywood+llora+la+muerte+de+Diane+Keaton%3A+el+conmovedor+tributo+de+Steve+Martin+a+su+ic%C3%B3nica+compa%C3%B1era+en+%27El+padre+de+la+novia%27&amp;url=https:\/\/www.eleconomista.es\/informalia\/famosos\/noticias\/13589377\/10\/25\/hollywood-llora-la-muerte-de-diane-keaton-el-conmovedor-tributo-de-steve-martin-a-su-iconica-companera-en-el-padre-de-la-novia.html&amp;via=Informalia&amp;id=1648118839245_twitter\" target=\"_blank\" aria-label=\"Compartir en Twitter\" rel=\"nofollow noopener\"><\/a>Linkedin<a onclick=\"return abrirLinkedin();\" href=\"https:\/\/www.linkedin.com\/shareArticle?text=Hollywood+llora+la+muerte+de+Diane+Keaton%3A+el+conmovedor+tributo+de+Steve+Martin+a+su+ic%C3%B3nica+compa%C3%B1era+en+%27El+padre+de+la+novia%27&amp;url=https:\/\/www.eleconomista.es\/informalia\/famosos\/noticias\/13589377\/10\/25\/hollywood-llora-la-muerte-de-diane-keaton-el-conmovedor-tributo-de-steve-martin-a-su-iconica-companera-en-el-padre-de-la-novia.html&amp;mini=true\" target=\"_blank\" aria-label=\"Compartir en linkedin\" rel=\"nofollow noopener\"><\/a>Beloud<a href=\"https:\/\/beloud.com\/share?text=Hollywood+llora+la+muerte+de+Diane+Keaton%3A+el+conmovedor+tributo+de+Steve+Martin+a+su+ic%C3%B3nica+compa%C3%B1era+en+%27El+padre+de+la+novia%27&amp;url=https:\/\/www.eleconomista.es\/informalia\/famosos\/noticias\/13589377\/10\/25\/hollywood-llora-la-muerte-de-diane-keaton-el-conmovedor-tributo-de-steve-martin-a-su-iconica-companera-en-el-padre-de-la-novia.html&amp;via=Informalia&amp;id=1648118839245_beloud\" target=\"_blank\" aria-label=\"Compartir en beloud\" rel=\"nofollow noopener\"><\/a>Bluesky<a href=\"https:\/\/bsky.app\/intent\/compose?text=https:\/\/bsky.app\/intent\/compose?text=https:\/\/www.eleconomista.es\/informalia\/famosos\/noticias\/13589377\/10\/25\/hollywood-llora-la-muerte-de-diane-keaton-el-conmovedor-tributo-de-steve-martin-a-su-iconica-companera-en-el-padre-de-la-novia.html&amp;url=https:\/\/www.eleconomista.es\/informalia\/famosos\/noticias\/13589377\/10\/25\/hollywood-llora-la-muerte-de-diane-keaton-el-conmovedor-tributo-de-steve-martin-a-su-iconica-companera-en-el-padre-de-la-novia.html&amp;via=elEconomistaes&amp;id=1648118839245_bluesky\" target=\"_blank\" aria-label=\"Compartir en bluesky\" rel=\"nofollow noopener\"><\/a><\/p>\n<p><script async src=\"https:\/\/platform.twitter.com\/widgets.js\" charset=\"utf-8\"><\/script><\/p>\n","protected":false},"excerpt":{"rendered":"Conmoci\u00f3n en Hollywood tras el fallecimiento de Diane Keaton, una de las actrices m\u00e1s carism\u00e1ticas y queridas del&hellip;\n","protected":false},"author":2,"featured_media":171814,"comment_status":"","ping_status":"","sticky":false,"template":"","format":"standard","meta":{"footnotes":""},"categories":[174],"tags":[255,146,147,25,24,256,260,23],"class_list":{"0":"post-171813","1":"post","2":"type-post","3":"status-publish","4":"format-standard","5":"has-post-thumbnail","7":"category-famosos","8":"tag-celebrities","9":"tag-entertainment","10":"tag-entretenimiento","11":"tag-es","12":"tag-espana","13":"tag-famosos","14":"tag-gente","15":"tag-spain"},"share_on_mastodon":{"url":"","error":""},"_links":{"self":[{"href":"https:\/\/www.europesays.com\/es\/wp-json\/wp\/v2\/posts\/171813","targetHints":{"allow":["GET"]}}],"collection":[{"href":"https:\/\/www.europesays.com\/es\/wp-json\/wp\/v2\/posts"}],"about":[{"href":"https:\/\/www.europesays.com\/es\/wp-json\/wp\/v2\/types\/post"}],"author":[{"embeddable":true,"href":"https:\/\/www.europesays.com\/es\/wp-json\/wp\/v2\/users\/2"}],"replies":[{"embeddable":true,"href":"https:\/\/www.europesays.com\/es\/wp-json\/wp\/v2\/comments?post=171813"}],"version-history":[{"count":0,"href":"https:\/\/www.europesays.com\/es\/wp-json\/wp\/v2\/posts\/171813\/revisions"}],"wp:featuredmedia":[{"embeddable":true,"href":"https:\/\/www.europesays.com\/es\/wp-json\/wp\/v2\/media\/171814"}],"wp:attachment":[{"href":"https:\/\/www.europesays.com\/es\/wp-json\/wp\/v2\/media?parent=171813"}],"wp:term":[{"taxonomy":"category","embeddable":true,"href":"https:\/\/www.europesays.com\/es\/wp-json\/wp\/v2\/categories?post=171813"},{"taxonomy":"post_tag","embeddable":true,"href":"https:\/\/www.europesays.com\/es\/wp-json\/wp\/v2\/tags?post=171813"}],"curies":[{"name":"wp","href":"https:\/\/api.w.org\/{rel}","templated":true}]}}