{"id":171819,"date":"2025-10-12T13:41:08","date_gmt":"2025-10-12T13:41:08","guid":{"rendered":"https:\/\/www.europesays.com\/es\/171819\/"},"modified":"2025-10-12T13:41:08","modified_gmt":"2025-10-12T13:41:08","slug":"sigan-sin-reconocer-el-trabajo","status":"publish","type":"post","link":"https:\/\/www.europesays.com\/es\/171819\/","title":{"rendered":"Sigan sin reconocer el trabajo"},"content":{"rendered":"<p class=\"article-text\">\n        <strong>Bailando con las estrellas<\/strong> expuls\u00f3 este s\u00e1bado a <strong>Manu Tenorio<\/strong> despu\u00e9s de colocarse en la cuerda floja junto a <strong>B\u00e1rbara Rey<\/strong> tras conocerse el resultado de los votos de p\u00fablico y jurado. Durante y despu\u00e9s de la gala en <strong>Telecinco<\/strong>, el cantante se ha mostrado en desacuerdo con la decisi\u00f3n: \u201cSigamos sin reconocer el trabajo\u201d, ha lamentado.\n    <\/p>\n<p>    <a href=\"https:\/\/www.eldiario.es\/vertele\/noticias\/bailando-con-las-estrellas-concursantes-nominados-eliminacion-sara-escudero-retirada-lesion_1_12658199.html\" data-mrf-recirculation=\"saber-mas\" data-dl-event=\"saber-mas\" rel=\"nofollow noopener\" target=\"_blank\"><\/p>\n<p class=\"know-more__title\">&#8216;Bailando con las estrellas&#8217; no tuvo que eliminar a ninguno de sus concursantes: uno de ellos anunci\u00f3 su retirada<\/p>\n<p>            <img decoding=\"async\" class=\"lazy\" loading=\"lazy\" data-src=\"https:\/\/static.eldiario.es\/clip\/8805bbfd-bc07-4dcc-b200-5254092b5f79_16-9-aspect-ratio_default_0.jpg\" src=\"data:image\/svg+xml,%3Csvg xmlns=\" http:=\"\" viewbox=\"0 0 880 495\" alt=\"'Bailando con las estrellas' no tuvo que eliminar a ninguno de sus concursantes: uno de ellos anunci\u00f3 su retirada\"\/><\/p>\n<p>                        <\/a><\/p>\n<p class=\"article-text\">\n        Tras el <a href=\"https:\/\/www.eldiario.es\/vertele\/noticias\/bailando-con-las-estrellas-concursantes-nominados-eliminacion-sara-escudero-retirada-lesion_1_12658199.html\" target=\"_blank\" data-mrf-recirculation=\"links-noticia\" class=\"link\" rel=\"nofollow noopener\">abandono de Sara Escudero<\/a> por lesi\u00f3n, B\u00e1rbara Rey y Manu Tenorio fueron los elegidos para batirse en duelo por su permanencia en el concurso. La vedette, que hab\u00eda sufrido un contratiempo durante su primera actuaci\u00f3n, se acab\u00f3 imponiendo al exconcursante de <strong>OT<\/strong>, que hab\u00eda tenido un desencuentro con su bailarina en los ensayos.\n    <\/p>\n<p class=\"article-text\">\n        Una vez repetidos sus n\u00fameros, Julia G\u00f3mez Cora y Gorka M\u00e1rquez votaron para salvar a Tenorio, mientras que<strong> Blanca Li, Pelayo D\u00edaz<\/strong> e <strong>Inmaculada Casal <\/strong>apostaron por <strong>B\u00e1rbara Rey<\/strong>, equilibrando la balanza en favor de la madre de Sof\u00eda Cristo. De esta manera, Manu Tenorio se convert\u00eda en el cuarto expulsado del programa, una decisi\u00f3n que el andaluz no tard\u00f3 en cuestionar: <strong>\u201cPelayo no ha sido fiel a su palabra, antes dijo que hab\u00eda que valorar la constancia y el trabajo y eso es justo lo que no ha valorado\u201d<\/strong>, se quej\u00f3.\n    <\/p>\n<p>    <a href=\"https:\/\/www.eldiario.es\/vertele\/noticias\/muere-jimmy-shaw-actor-avecina-59-anos-cristina-castano-cancer_1_12677018.html\" data-mrf-recirculation=\"saber-mas-abajo\" data-dl-event=\"saber-mas-abajo\" rel=\"nofollow noopener\" target=\"_blank\"><\/p>\n<p class=\"know-more__title\">Muere Jimmy Shaw, actor de &#8216;La que se avecina&#8217;, a los 59 a\u00f1os\n<\/p>\n<p>            <img decoding=\"async\" class=\"lazy\" loading=\"lazy\" data-src=\"https:\/\/static.eldiario.es\/clip\/4299ecd5-20a1-4ecb-882e-763b23d6dc61_16-9-aspect-ratio_default_0.jpg\" src=\"data:image\/svg+xml,%3Csvg xmlns=\" http:=\"\" viewbox=\"0 0 880 495\" alt=\"Muere Jimmy Shaw, actor de 'La que se avecina', a los 59 a\u00f1os\"\/><\/p>\n<p>                        <\/a><\/p>\n<p class=\"article-text\">\n        Poco despu\u00e9s, volv\u00eda a mostrar su indignaci\u00f3n en redes sociales: \u201cSigamos as\u00ed: sin reconocer el trabajo, sin reconocer el esfuerzo, sin reconocer la evoluci\u00f3n, sin reconocer la constancia, sin reconocer el compromiso. \u00a1Buen camino!\u201d, ha escrito en su cuenta de X.\n    <\/p>\n<blockquote class=\"twitter-tweet\" data-lang=\"es\"><p><a href=\"https:\/\/twitter.com\/X\/status\/1977127072209264739?ref_src=twsrc%5Etfw\" rel=\"nofollow noopener\" target=\"_blank\"><\/p><\/blockquote>\n<p>            <script async src=\"https:\/\/platform.twitter.com\/widgets.js\" charset=\"utf-8\"><\/script><\/p>\n","protected":false},"excerpt":{"rendered":"Bailando con las estrellas expuls\u00f3 este s\u00e1bado a Manu Tenorio despu\u00e9s de colocarse en la cuerda floja junto&hellip;\n","protected":false},"author":2,"featured_media":171820,"comment_status":"","ping_status":"","sticky":false,"template":"","format":"standard","meta":{"footnotes":""},"categories":[171],"tags":[15762,38503,49737,8405,146,147,25,24,782,3193,7565,3725,5330,40639,23,40233,2752,214],"class_list":{"0":"post-171819","1":"post","2":"type-post","3":"status-publish","4":"format-standard","5":"has-post-thumbnail","7":"category-tv","8":"tag-bailando","9":"tag-barbara","10":"tag-con-las","11":"tag-cuestiona","12":"tag-entertainment","13":"tag-entretenimiento","14":"tag-es","15":"tag-espana","16":"tag-estrellas","17":"tag-expulsion","18":"tag-manu","19":"tag-reconocer","20":"tag-rey","21":"tag-sigan","22":"tag-spain","23":"tag-tenorio","24":"tag-trabajo","25":"tag-tv"},"share_on_mastodon":{"url":"","error":""},"_links":{"self":[{"href":"https:\/\/www.europesays.com\/es\/wp-json\/wp\/v2\/posts\/171819","targetHints":{"allow":["GET"]}}],"collection":[{"href":"https:\/\/www.europesays.com\/es\/wp-json\/wp\/v2\/posts"}],"about":[{"href":"https:\/\/www.europesays.com\/es\/wp-json\/wp\/v2\/types\/post"}],"author":[{"embeddable":true,"href":"https:\/\/www.europesays.com\/es\/wp-json\/wp\/v2\/users\/2"}],"replies":[{"embeddable":true,"href":"https:\/\/www.europesays.com\/es\/wp-json\/wp\/v2\/comments?post=171819"}],"version-history":[{"count":0,"href":"https:\/\/www.europesays.com\/es\/wp-json\/wp\/v2\/posts\/171819\/revisions"}],"wp:featuredmedia":[{"embeddable":true,"href":"https:\/\/www.europesays.com\/es\/wp-json\/wp\/v2\/media\/171820"}],"wp:attachment":[{"href":"https:\/\/www.europesays.com\/es\/wp-json\/wp\/v2\/media?parent=171819"}],"wp:term":[{"taxonomy":"category","embeddable":true,"href":"https:\/\/www.europesays.com\/es\/wp-json\/wp\/v2\/categories?post=171819"},{"taxonomy":"post_tag","embeddable":true,"href":"https:\/\/www.europesays.com\/es\/wp-json\/wp\/v2\/tags?post=171819"}],"curies":[{"name":"wp","href":"https:\/\/api.w.org\/{rel}","templated":true}]}}