{"id":171821,"date":"2025-10-12T13:42:21","date_gmt":"2025-10-12T13:42:21","guid":{"rendered":"https:\/\/www.europesays.com\/es\/171821\/"},"modified":"2025-10-12T13:42:21","modified_gmt":"2025-10-12T13:42:21","slug":"angie-corine-la-rapera-de-eeuu-que-chatea-con-abascal-y-canta-contra-sanchez-y-los-okupas-me-cancelan-por-mi-ideologia-el-espanol","status":"publish","type":"post","link":"https:\/\/www.europesays.com\/es\/171821\/","title":{"rendered":"Angie Corine, la rapera de EEUU que chatea con Abascal y canta contra S\u00e1nchez y los okupas: &quot;Me cancelan por mi ideolog\u00eda&quot; &#8211; El Espa\u00f1ol"},"content":{"rendered":"<ol>\n<li><a href=\"https:\/\/news.google.com\/rss\/articles\/CBMi3wFBVV95cUxOWER0YkdZREp5dlJHY3ZnZmR1MFRKRGc4ajhMRU1XVmVSeWlMbFJqdkxUU0trR2pGTHdCTjBRcFJmV1J1SjVSdmFlRkdkQWZPT1dNVWhpUXVxNDVUSHV6dDlGTnJQZlNMdnhac09rYmQ0LWdqcERMMGxHdngxSEZkank4blpPakpNR2FCZ1paMHRkOFUyWUpLcFZ6ZDA4SWNlRy1ydGkxcnVvcVNzWVQtWnhVYXNseVFMcFIyem8wbnJPSVNKcU9sMlo3TkU4SHRlTnVfR0lDd1JlQTgyaEtV?oc=5\" target=\"_blank\" rel=\"nofollow noopener\">Angie Corine, la rapera de EEUU que chatea con Abascal y canta contra S\u00e1nchez y los okupas: \u00abMe cancelan por mi ideolog\u00eda\u00bb<\/a>&nbsp;&nbsp;El Espa\u00f1ol<\/li>\n<li><a href=\"https:\/\/news.google.com\/rss\/articles\/CBMirgJBVV95cUxPQnhGSHhvdlgwdzFrZXhscDZITERpdnpMWThZbUZXWi0xOWF4OTlIMmlxNWdla0ZjdDYtVkdGdUM5Zlc4MmtOeUl4NGUxaE9PbVdNMzBlNFk4dmhTamZXd3g5STNZSkpmcnNVMC1FLUNkTzdHa3ZuVTRrR1BVejBmcWZJVU9oa055QWRJZTJ2QjQzVDlJcmZjQjlCR3ZxanZOWk10M2c1SURGWWhKenRCYV91Z0pMNklrY2EzdGRkbGQ3TzFUSS1QUDBzWjJwUXhfaG5kdGxab0d1STRxbkZDV3hWU1h1NnBhR3MxcXBDQ2hRLTBjQzN3TWJFVjNLelptbGhER1lPV1ozNTVpd1RhdXdSOGpNSDVxRElWYzRTbV9KQnJkdnBvbjFsSWVrQdIByAJBVV95cUxOT09SR19qQjJENTZCclJMdl9sSmdiOTBMVE5iNVRjeGpoVVVLYTEydndLeEZxTGNxUkFnanY3UXg3bkpFSWFLdFdZNGNPR3NScG13T3VCa2RMZ3NNX3gyUTNMQkljMjJTOXRkaF9vSlpGbU9zNXlsczJlanJlSHVIMEw4NUxpSU1sbTczb20teDNKeE1aOER2enNjYXE4QzI5b2ZrTHYySUdDbFN3a1JWc2cxWnBQU3dreG9udlcxaVZ3bkhnWkI2dEFfc1dvOXd1VFNEQkJ3MTlqMkFPMUpOdEVaLV9wdnM5T0VzVWVtTm1GdFV4eE5pR19OTHJHT2Jlc1BPTUJrRU10NFFBeW1jZnRTT0s3QkxZN1pDU3p2QUpmM1h2aHlwTHZhTl9GLUlPWlBKQjdjVVFKWGJOeUl3aURWZkE2VV9m?oc=5\" target=\"_blank\" rel=\"nofollow noopener\">Qui\u00e9n es Angie Corine: la rapera viral que critica a Pedro S\u00e1nchez, es amiga de Abascal y prepara un disco llamado \u2018Espa\u00f1a\u2019 con artistas que \u201cpiensan como ella\u201d<\/a>&nbsp;&nbsp;Infobae<\/li>\n<li><a href=\"https:\/\/news.google.com\/rss\/articles\/CBMipwFBVV95cUxNRE9TXzZqTUdBRmhuWEtKb1ZWX1VObjZmTkMzV1cyWHhpVE1faENNX1Y0TEt4eTNKVWNDVzdMcWd4dnJzZHlVSVVsWFVZeTEyVER2M1BHUXJUZE9URWJ0R2NRM3FEVG50eVZWaEpaaWpoUGtkQmwyOTN5RWJ1QXVsZWtWZGx2djBRQXhQNHZ2R0xwSWFmSkxjUnJnQTRzajZSSTJVbDhQb9IBrAFBVV95cUxObmk1MGtoNEpZN3pRQXJCX3oyckNJdHZMelhqX3Nrbkl3SmoyaFFEdTNmZ0NNY0Y3TU1ZNnFaTU50RWkxN1hYLXdsaHpEWHJndFJ5emw2SjVXekt4M3RlWWdxYVFSWWpSZXFWdXlpclRISW5PYXdNLW5OdVFWQlhvMHFMdndMdDViM0JiOVp0dDhNYU1ueUJqVkljeWNKWEI4dHN3R2pJbm1RNEZ4?oc=5\" target=\"_blank\" rel=\"nofollow noopener\">Angie Corine redobla su apoyo a Vox: altavoz al servicio de la ultraderecha<\/a>&nbsp;&nbsp;ElPlural.com<\/li>\n<li><a href=\"https:\/\/news.google.com\/rss\/articles\/CBMi7wFBVV95cUxNUVA4WU8wSm5aUkgtTnQ2LXJkNVVCVmpDcG5rbndnSlg1R3Z6T2V1MFRRYXQ0ZnVCMlNBUjV2YkVvWDRpSUVNUF9rSWg5QU5KdGhjZFlNR0RaV1hEWVRON052bDJzRlBRMnFVTDhVZ1B4T2RCZjFsd3FadU01MTB4YUFqek5wc0dEZExNRzVmcjVqOUMyMm5vLWNRdktScGZURWdHZ2UxYk5la2VYdWxIa3ZhM0VqNVBIWU1Ec25uT2xXUDI0dGo1RlFyNDZHakN1RUdfeWxfMjk1RGttLTYxbUlMTDB3eWtzNTFQNGpqVQ?oc=5\" target=\"_blank\" rel=\"nofollow noopener\">\ud83e\udde0 La poblaci\u00f3n universitaria generalmente se enfrenta en su d\u00eda a d\u00eda a altas dosis de estr\u00e9s, afectando a su salud mental. A esto se suma el hecho de que algunos de estos estudiantes deben compaginar los estudios con otras preocupaciones como el traba<\/a>&nbsp;&nbsp;facebook.com<\/li>\n<li><a href=\"https:\/\/news.google.com\/rss\/articles\/CBMi-AFBVV95cUxQSURQU1NlZUFjaXNFSWtXUGc0WTNTTThSckRMWWQ0WG53OUdCSmk1aHpIN1J6c3praGRjSGNRYmRoVnNTb1psa2x6YjdxYkxZbE5nMjl3ZG05UldYV3cxdUo5V3dsTmdrTDVRZFZSZFEtWTV5Y2ZGdlN3cHl3dDFkYUZmYmU4LTVkdGpBRXZTTnc2eXRYR1c4bnlET2llS3NCYlNIUDVxdzFtZzg1ZnZXQl9xN0pEMHcyOHNYeUQ4UGxDWUFlcjdZVzU2UDFhVXBkWmJ5M0NyTjdIdmFEZUl1OWx0TFlkWUNsUVFMWThId0JNaHBBeDdKeQ?oc=5\" target=\"_blank\" rel=\"nofollow noopener\">Angie Corine, la &#8216;rapera de derechas&#8217; que triunfa en TikTok con su nueva canci\u00f3n contra S\u00e1nchez<\/a>&nbsp;&nbsp;Libertad Digital<\/li>\n<\/ol>\n","protected":false},"excerpt":{"rendered":"Angie Corine, la rapera de EEUU que chatea con Abascal y canta contra S\u00e1nchez y los okupas: \u00abMe&hellip;\n","protected":false},"author":2,"featured_media":171822,"comment_status":"","ping_status":"","sticky":false,"template":"","format":"standard","meta":{"footnotes":""},"categories":[170],"tags":[3061,146,147,25,24,248,184,185,2959,213,4286,6914,23,624],"class_list":{"0":"post-171821","1":"post","2":"type-post","3":"status-publish","4":"format-standard","5":"has-post-thumbnail","7":"category-musica","8":"tag-cantantes","9":"tag-entertainment","10":"tag-entretenimiento","11":"tag-es","12":"tag-espana","13":"tag-gobierno-de-espana","14":"tag-music","15":"tag-musica","16":"tag-pedro-sanchez","17":"tag-rap","18":"tag-reportajes","19":"tag-santiago-abascal","20":"tag-spain","21":"tag-vox"},"share_on_mastodon":{"url":"","error":""},"_links":{"self":[{"href":"https:\/\/www.europesays.com\/es\/wp-json\/wp\/v2\/posts\/171821","targetHints":{"allow":["GET"]}}],"collection":[{"href":"https:\/\/www.europesays.com\/es\/wp-json\/wp\/v2\/posts"}],"about":[{"href":"https:\/\/www.europesays.com\/es\/wp-json\/wp\/v2\/types\/post"}],"author":[{"embeddable":true,"href":"https:\/\/www.europesays.com\/es\/wp-json\/wp\/v2\/users\/2"}],"replies":[{"embeddable":true,"href":"https:\/\/www.europesays.com\/es\/wp-json\/wp\/v2\/comments?post=171821"}],"version-history":[{"count":0,"href":"https:\/\/www.europesays.com\/es\/wp-json\/wp\/v2\/posts\/171821\/revisions"}],"wp:featuredmedia":[{"embeddable":true,"href":"https:\/\/www.europesays.com\/es\/wp-json\/wp\/v2\/media\/171822"}],"wp:attachment":[{"href":"https:\/\/www.europesays.com\/es\/wp-json\/wp\/v2\/media?parent=171821"}],"wp:term":[{"taxonomy":"category","embeddable":true,"href":"https:\/\/www.europesays.com\/es\/wp-json\/wp\/v2\/categories?post=171821"},{"taxonomy":"post_tag","embeddable":true,"href":"https:\/\/www.europesays.com\/es\/wp-json\/wp\/v2\/tags?post=171821"}],"curies":[{"name":"wp","href":"https:\/\/api.w.org\/{rel}","templated":true}]}}