{"id":171823,"date":"2025-10-12T13:43:10","date_gmt":"2025-10-12T13:43:10","guid":{"rendered":"https:\/\/www.europesays.com\/es\/171823\/"},"modified":"2025-10-12T13:43:10","modified_gmt":"2025-10-12T13:43:10","slug":"hay-un-minimo-de-provocacion","status":"publish","type":"post","link":"https:\/\/www.europesays.com\/es\/171823\/","title":{"rendered":"Hay un m\u00ednimo de provocaci\u00f3n"},"content":{"rendered":"<p data-journey-content=\"true\" data-node-id=\"3\" class=\"css-6wxqfj emevuu60\">Hace unas semanas que <strong data-node-id=\"3.1\">Carlos Areces <\/strong>(49 a\u00f1os) dej\u00f3 a todo el mundo sorprendido contando <a href=\"https:\/\/www.menshealth.com\/es\/fitness\/a65869861\/carlos-areces-hacer-gimnasia-tortura-para-mi\/\" target=\"_blank\" data-vars-ga-outbound-link=\"https:\/\/www.menshealth.com\/es\/fitness\/a65869861\/carlos-areces-hacer-gimnasia-tortura-para-mi\/\" data-vars-ga-ux-element=\"Hyperlink\" data-vars-ga-call-to-action=\"lo mal que lo hab\u00eda pasado en el colegio\" data-node-id=\"3.3\" class=\"body-link css-1d8p8n5 emevuu60\" rel=\"nofollow noopener\">lo mal que lo hab\u00eda pasado en el colegio<\/a> por culpa de la asignatura de Educaci\u00f3n F\u00edsica. \u00ab<strong data-node-id=\"3.5\">Ha sido tal fobia, tal rechazo &#8230; Las clases de gimnasia siempre han sido una tortura para m\u00ed. La<\/strong> mayor felicidad de acabar <strong data-node-id=\"3.7\">3\u00ba de BUP<\/strong> fue pensar que nunca deber\u00eda volver a hacer gimnasia. Y hasta ahora\u00bb, relat\u00f3. <\/p>\n<p data-journey-content=\"true\" data-node-id=\"6\" class=\"css-6wxqfj emevuu60\">Habiendo superado cualquier trauma de aquella \u00e9poca y siendo <a href=\"https:\/\/www.menshealth.com\/es\/fitness\/a65869861\/carlos-areces-hacer-gimnasia-tortura-para-mi\/\" target=\"_blank\" data-vars-ga-outbound-link=\"https:\/\/www.menshealth.com\/es\/fitness\/a65869861\/carlos-areces-hacer-gimnasia-tortura-para-mi\/\" data-vars-ga-ux-element=\"Hyperlink\" data-vars-ga-call-to-action=\"uno de los int\u00e9rpretes que m\u00e1s triunfa en la peque\u00f1a pantalla\" data-node-id=\"6.1\" class=\"body-link css-1d8p8n5 emevuu60\" rel=\"nofollow noopener\">uno de los int\u00e9rpretes que m\u00e1s triunfa en la peque\u00f1a pantalla<\/a> y en los escenarios de nuestro pa\u00eds con su d\u00fao Ojete Calor, <strong data-node-id=\"6.3\">Carlos se ha sincerado tambi\u00e9n sobre cu\u00e1les son sus cuatro pel\u00edculas preferidas de toda la historia del cine.<\/strong> <\/p>\n<p data-journey-content=\"true\" data-node-id=\"9\" class=\"css-6wxqfj emevuu60\">\u00abHay una que la tengo muy clara porque hay un m\u00ednimo de provocaci\u00f3n. <a href=\"https:\/\/www.menshealth.com\/es\/fitness\/a64335323\/john-travolta-filete-inspirado-pulp-fiction-valorado-1000-dolares-servido-maletin\/\" target=\"_blank\" data-vars-ga-outbound-link=\"https:\/\/www.menshealth.com\/es\/fitness\/a64335323\/john-travolta-filete-inspirado-pulp-fiction-valorado-1000-dolares-servido-maletin\/\" data-vars-ga-ux-element=\"Hyperlink\" data-vars-ga-call-to-action=\"Podr\u00eda decir &#039;Pulp Fiction&#039;\" data-node-id=\"9.1\" class=\"body-link css-1d8p8n5 emevuu60\" rel=\"nofollow noopener\">Podr\u00eda decir &#8216;Pulp Fiction&#8217;<\/a>. Luego hay otra que me gusta tanto como esta y sin embargo es significativamente menos reivindicativa y me parece injusto. <strong data-node-id=\"9.3\">Hablo de &#8216;Death Proof&#8217;.<\/strong> As\u00ed que esta estar\u00eda la primera sin duda. Y si no entras y eres de los que no entras y dices &#8216;uff lo peor de Tarantino&#8217;, entonces nunca m\u00e1s te cruces en mi vida\u00bb, ha comenzado diciendo el actor de &#8216;La que se avecina&#8217; en el p\u00f3dcast &#8216;Cineg\u00fc\u00e1&#8217;. <\/p>\n<p data-journey-content=\"true\" data-node-id=\"13\" class=\"css-6wxqfj emevuu60\">\u00ab<strong data-node-id=\"13.1\">La segunda pel\u00edcula que reivindico mucho es &#8216;Showgirls&#8217;<\/strong>. Ha sido una pel\u00edcula muy denostada y que la gente mira por encima del hombro. Como pensando que ellos est\u00e1n por encima del filme cuando es justo lo contrario. Tiene grandes frases, grandes secuencias: &#8216;Yo estoy erecto, <a href=\"https:\/\/www.menshealth.com\/es\/sexo-relaciones-pareja\/a32890120\/16-consejos-ereccion-fuerte-durar-sexo\/\" target=\"_blank\" data-vars-ga-outbound-link=\"https:\/\/www.menshealth.com\/es\/sexo-relaciones-pareja\/a32890120\/16-consejos-ereccion-fuerte-durar-sexo\/\" data-vars-ga-ux-element=\"Hyperlink\" data-vars-ga-call-to-action=\"\u00bfpor qu\u00e9 t\u00fa no est\u00e1s erecta?\" data-node-id=\"13.3\" class=\"body-link css-1d8p8n5 emevuu60\" rel=\"nofollow noopener\">\u00bfpor qu\u00e9 t\u00fa no est\u00e1s erecta?<\/a> Traed hielo'\u00bb, ha explicado. <\/p>\n<p data-journey-content=\"true\" data-node-id=\"16\" class=\"css-6wxqfj emevuu60\">En cuando la tercera de su lista, <strong data-node-id=\"16.1\">Areces tiene claro que est\u00e1 &#8216;\u00bfQui\u00e9n enga\u00f1\u00f3 a Roger Rabbit?&#8217;<\/strong> y para tener una espa\u00f1ola en este top,<strong data-node-id=\"16.3\"> Carlos ha expresado que elegir\u00eda &#8216;Pl\u00e1cid0&#8217;<\/strong>, que fue la primera colaboraci\u00f3n de Luis Garc\u00eda Berlanga y Rafael Azcona y cuya historia trata sobre una peque\u00f1a ciudad provincias que decide organizar una campa\u00f1a navide\u00f1a cuyo lema es: &#8216;Siente a un pobre a su mesa&#8217;. <\/p>\n<p>Contenidos relacionados<\/p>\n","protected":false},"excerpt":{"rendered":"Hace unas semanas que Carlos Areces (49 a\u00f1os) dej\u00f3 a todo el mundo sorprendido contando lo mal que&hellip;\n","protected":false},"author":2,"featured_media":171824,"comment_status":"","ping_status":"","sticky":false,"template":"","format":"standard","meta":{"footnotes":""},"categories":[169],"tags":[177,253,146,147,25,24,176,175,23],"class_list":{"0":"post-171823","1":"post","2":"type-post","3":"status-publish","4":"format-standard","5":"has-post-thumbnail","7":"category-cine","8":"tag-cine","9":"tag-discover","10":"tag-entertainment","11":"tag-entretenimiento","12":"tag-es","13":"tag-espana","14":"tag-film","15":"tag-movies","16":"tag-spain"},"share_on_mastodon":{"url":"","error":""},"_links":{"self":[{"href":"https:\/\/www.europesays.com\/es\/wp-json\/wp\/v2\/posts\/171823","targetHints":{"allow":["GET"]}}],"collection":[{"href":"https:\/\/www.europesays.com\/es\/wp-json\/wp\/v2\/posts"}],"about":[{"href":"https:\/\/www.europesays.com\/es\/wp-json\/wp\/v2\/types\/post"}],"author":[{"embeddable":true,"href":"https:\/\/www.europesays.com\/es\/wp-json\/wp\/v2\/users\/2"}],"replies":[{"embeddable":true,"href":"https:\/\/www.europesays.com\/es\/wp-json\/wp\/v2\/comments?post=171823"}],"version-history":[{"count":0,"href":"https:\/\/www.europesays.com\/es\/wp-json\/wp\/v2\/posts\/171823\/revisions"}],"wp:featuredmedia":[{"embeddable":true,"href":"https:\/\/www.europesays.com\/es\/wp-json\/wp\/v2\/media\/171824"}],"wp:attachment":[{"href":"https:\/\/www.europesays.com\/es\/wp-json\/wp\/v2\/media?parent=171823"}],"wp:term":[{"taxonomy":"category","embeddable":true,"href":"https:\/\/www.europesays.com\/es\/wp-json\/wp\/v2\/categories?post=171823"},{"taxonomy":"post_tag","embeddable":true,"href":"https:\/\/www.europesays.com\/es\/wp-json\/wp\/v2\/tags?post=171823"}],"curies":[{"name":"wp","href":"https:\/\/api.w.org\/{rel}","templated":true}]}}