{"id":171834,"date":"2025-10-12T13:49:08","date_gmt":"2025-10-12T13:49:08","guid":{"rendered":"https:\/\/www.europesays.com\/es\/171834\/"},"modified":"2025-10-12T13:49:08","modified_gmt":"2025-10-12T13:49:08","slug":"hamas-asegura-que-liberara-a-rehenes-el-lunes-y-no-gobernara-gaza-tras-la-guerra","status":"publish","type":"post","link":"https:\/\/www.europesays.com\/es\/171834\/","title":{"rendered":"Ham\u00e1s asegura que liberar\u00e1 a rehenes el lunes y no gobernar\u00e1 Gaza tras la guerra"},"content":{"rendered":"<p>    <img src=\"https:\/\/www.europesays.com\/es\/wp-content\/uploads\/2025\/10\/2025-10-12T133A263A31Z-90154278.jpg\" width=\"1024\" height=\"682\" alt=\"\" loading=\"eager\" decoding=\"sync\" fetchpriority=\"high\"\/><\/p>\n<p>            afp_tickers        <\/p>\n<p>        Este contenido fue publicado en    <\/p>\n<p>        12 octubre 2025 &#8211; 15:26\n<\/p>\n<p>Ham\u00e1s liberar\u00e1 el lunes a los rehenes a\u00fan cautivos en Gaza y no participar\u00e1 en el futuro gobierno del territorio tras la guerra, asegur\u00f3 el movimiento islamista palestino a AFP este domingo, en el tercer d\u00eda del alto el fuego con Israel.<\/p>\n<p>\u00abSeg\u00fan el acuerdo firmado, el intercambio de prisioneros comenzar\u00e1 el lunes por la ma\u00f1ana\u00bb, declar\u00f3 a la AFP Osama Hamdan, un alto cargo del grupo islamista que gobierna Gaza desde 2007.\u00a0<\/p>\n<p>El acuerdo de tregua entre Israel y Ham\u00e1s, que entr\u00f3 en vigor el viernes, incluye canjear a los \u00faltimos rehenes \u2014 vivos y muertos \u2014 que quedan en Gaza por casi 2.000 palestinos recluidos en c\u00e1rceles israel\u00edes, entre ellos 250 presos \u00abpor motivos de seguridad nacional\u00bb.<\/p>\n<p>Ambas partes deben negociar ahora la implementaci\u00f3n del plan de 20 puntos del presidente estadounidense Donald Trump para poner fin a la guerra. El esquema exige el desarme del grupo palestino y que renuncie a gobernar en Gaza despu\u00e9s de que termine el conflicto.<\/p>\n<p>En el tercer d\u00eda del cese el fuego, algunos camiones con ayuda humanitaria cruzaron este domingo a Gaza, pero habitantes de Jan Yunis, en el sur, denunciaron que algunos fueron saqueados por personas hambrientas.<\/p>\n<p>\u00abNo queremos vivir en una jungla. Exigimos que se garantice la ayuda y se distribuya de forma respetuosa\u00bb, afirm\u00f3 Mohamed Zarab. \u00abMire c\u00f3mo est\u00e1 la comida tirada por el suelo\u00bb, a\u00f1adi\u00f3.<\/p>\n<p>El plan de paz tambi\u00e9n plantea que, a medida que el ej\u00e9rcito israel\u00ed se retire de Gaza, sea sustituido por una fuerza multinacional de Egipto, Catar, Turqu\u00eda y Emiratos \u00c1rabes Unidos, coordinada por un centro de mando dirigido por Estados Unidos en Israel.<\/p>\n<p>\u00abPara Ham\u00e1s, gobernar la Franja de Gaza es un tema cerrado. Ham\u00e1s no participar\u00e1 en absoluto en la fase de transici\u00f3n, lo que significa que ha renunciado al control de la Franja, pero sigue siendo una parte fundamental del tejido social palestino\u00bb, confirm\u00f3 a AFP una fuente del movimiento islamista cercana a las negociaciones, que habl\u00f3 bajo condici\u00f3n de anonimato.\u00a0<\/p>\n<p>Sus declaraciones se producen un d\u00eda antes de una cumbre sobre la paz en Gaza en la ciudad balnearia egipcia de Sharm el Sheij. Tanto Trump como su par egipcio, Abdel Fatah al Sisi, presidir\u00e1n la reuni\u00f3n, a la que asistir\u00e1n unos veinte dirigentes mundiales, incluido el secretario general de la ONU, Antonio Guterres.<\/p>\n<p>Pero Trump viajar\u00e1 antes a Israel, donde se reunir\u00e1 con los familiares de los rehenes capturados por Ham\u00e1s en su ataque en el sur del pa\u00eds en octubre de 2023. El asalto desat\u00f3 una implacable ofensiva israel\u00ed y una devastadora guerra en el territorio palestino.<\/p>\n<p>\u2013 \u00abTodo el mundo teme que vuelva la guerra\u00bb \u2013<\/p>\n<p>Mientras las familias de los rehenes israel\u00edes, ansiosas pero aliviadas, cuentan las horas para el regreso de sus seres queridos, los palestinos rebuscan entre las ruinas de sus hogares y esperaban la entrada de ayuda humanitaria al territorio.<\/p>\n<p>Mahmud al Muzain, un habitante de Gaza, expres\u00f3 su desconfianza hacia una paz duradera. \u00abTodo el mundo teme que vuelva la guerra. La gente roba la ayuda y la guarda en sus casas\u00bb, declar\u00f3.<\/p>\n<p>El optimismo de Fatima Salem, de 38 a\u00f1os, tambi\u00e9n se desvaneci\u00f3 cuando descubri\u00f3 que su casa ya no exist\u00eda.\u00a0<\/p>\n<p>\u00abMis ojos no dejaban de buscar los puntos de referencia que hab\u00eda perdido, pero nada parec\u00eda igual, ni siquiera las casas de los vecinos estaban all\u00ed\u00bb, dijo.\u00a0<\/p>\n<p>\u00abA pesar del cansancio y el miedo, sent\u00ed que volv\u00eda a mi lugar seguro. Echaba de menos el olor de mi hogar, aunque ahora solo sean escombros. Montaremos una tienda de campa\u00f1a junto a \u00e9l y esperaremos a que lo reconstruyan\u00bb, a\u00f1adi\u00f3.<\/p>\n<p>A pesar del aparente avance, los mediadores a\u00fan enfrentan la dif\u00edcil tarea de garantizar una soluci\u00f3n pol\u00edtica a largo plazo que permita que Ham\u00e1s entregue sus armas y renuncie al control de Gaza.<\/p>\n<p>\u00abHam\u00e1s acepta una tregua a largo plazo y que sus armas no se utilicen en absoluto durante este periodo, excepto en caso de un ataque israel\u00ed contra Gaza\u00bb, dijo a AFP la fuente del grupo cercana al equipo negociador.<\/p>\n<p>La guerra en Gaza estall\u00f3 tras el ataque de Ham\u00e1s de octubre de 2023, que result\u00f3 en la muerte de 1.219 personas en Israel, en su mayor\u00eda civiles, seg\u00fan un recuento de AFP basado en cifras oficiales israel\u00edes.<\/p>\n<p>Los milicianos islamistas capturaron ese d\u00eda a 251 personas, de las cuales 47 siguen retenidos en Gaza. Netanyahu afirm\u00f3 el viernes que 20 est\u00e1n vivos y 28 fallecieron en cautiverio.\u00a0<\/p>\n<p>La ofensiva israel\u00ed lanzada en respuesta mat\u00f3 a al menos 67.682 personas, seg\u00fan cifras del Ministerio de Salud del territorio, que la ONU consideran cre\u00edbles. Los datos no distinguen civiles de combatientes, pero indican que m\u00e1s de la mitad de las muertes son mujeres y ni\u00f1os.<\/p>\n<p>burs-dc\/jd\/smw\/sag\/an<\/p>\n","protected":false},"excerpt":{"rendered":"afp_tickers Este contenido fue publicado en 12 octubre 2025 &#8211; 15:26 Ham\u00e1s liberar\u00e1 el lunes a los rehenes&hellip;\n","protected":false},"author":2,"featured_media":171835,"comment_status":"","ping_status":"","sticky":false,"template":"","format":"standard","meta":{"footnotes":""},"categories":[42],"tags":[17,18,636,11892,83,13,14,11,61,62,63,86,64,49513,19,20,7657,9,10,15,16,88,44965,90,12,21,22,3191,65,66,67],"class_list":{"0":"post-171834","1":"post","2":"type-post","3":"status-publish","4":"format-standard","5":"has-post-thumbnail","7":"category-internacional","8":"tag-breaking-news","9":"tag-breakingnews","10":"tag-conflict","11":"tag-crime","12":"tag-diplomacy","13":"tag-featured-news","14":"tag-featurednews","15":"tag-headlines","16":"tag-internacional","17":"tag-international","18":"tag-international-news","19":"tag-international-relations","20":"tag-internationalnews","21":"tag-kidnapping","22":"tag-latest-news","23":"tag-latestnews","24":"tag-law-and-order","25":"tag-news","26":"tag-noticias","27":"tag-noticias-destacadas","28":"tag-noticiasdestacadas","29":"tag-politics","30":"tag-prisoners-and-detainees","31":"tag-ticker","32":"tag-titulares","33":"tag-ultimas-noticias","34":"tag-ultimasnoticias","35":"tag-war","36":"tag-world","37":"tag-world-news","38":"tag-worldnews"},"share_on_mastodon":{"url":"","error":""},"_links":{"self":[{"href":"https:\/\/www.europesays.com\/es\/wp-json\/wp\/v2\/posts\/171834","targetHints":{"allow":["GET"]}}],"collection":[{"href":"https:\/\/www.europesays.com\/es\/wp-json\/wp\/v2\/posts"}],"about":[{"href":"https:\/\/www.europesays.com\/es\/wp-json\/wp\/v2\/types\/post"}],"author":[{"embeddable":true,"href":"https:\/\/www.europesays.com\/es\/wp-json\/wp\/v2\/users\/2"}],"replies":[{"embeddable":true,"href":"https:\/\/www.europesays.com\/es\/wp-json\/wp\/v2\/comments?post=171834"}],"version-history":[{"count":0,"href":"https:\/\/www.europesays.com\/es\/wp-json\/wp\/v2\/posts\/171834\/revisions"}],"wp:featuredmedia":[{"embeddable":true,"href":"https:\/\/www.europesays.com\/es\/wp-json\/wp\/v2\/media\/171835"}],"wp:attachment":[{"href":"https:\/\/www.europesays.com\/es\/wp-json\/wp\/v2\/media?parent=171834"}],"wp:term":[{"taxonomy":"category","embeddable":true,"href":"https:\/\/www.europesays.com\/es\/wp-json\/wp\/v2\/categories?post=171834"},{"taxonomy":"post_tag","embeddable":true,"href":"https:\/\/www.europesays.com\/es\/wp-json\/wp\/v2\/tags?post=171834"}],"curies":[{"name":"wp","href":"https:\/\/api.w.org\/{rel}","templated":true}]}}