{"id":171838,"date":"2025-10-12T13:51:52","date_gmt":"2025-10-12T13:51:52","guid":{"rendered":"https:\/\/www.europesays.com\/es\/171838\/"},"modified":"2025-10-12T13:51:52","modified_gmt":"2025-10-12T13:51:52","slug":"de-quien-es-el-vestido-verde-de-letizia","status":"publish","type":"post","link":"https:\/\/www.europesays.com\/es\/171838\/","title":{"rendered":"\u00bfDe qui\u00e9n es el vestido verde de Letizia?"},"content":{"rendered":"<p>El desfile del D\u00eda de la Hispanidad ha reunido este 12 de Octubre a miles de personas en el Paseo del Prado y de Recoletos de Madrid <strong>bajo un cielo encapotado que ha limitado el desfile a\u00e9reo,<\/strong> pero que ha terminado abriendo y dejando un d\u00eda espl\u00e9ndido de oto\u00f1o. Como siempre, la familia real ha presidido los actos, este a\u00f1o al completo: el Rey Felipe, con la princesa de Asturias a su derecha, la reina Letizia y la Infanta Sof\u00eda. <\/p>\n<p>La reina ha estrenado para la ocasi\u00f3n un vestido verde bosque de tejido tipo tweed, de corte cl\u00e1sico y l\u00edneas depuradas. El dise\u00f1o, con cuello cerrado, manga francesa y falda de vuelo discreto, se ajustaba a la cintura con un fino cintur\u00f3n negro. Aunque la autor\u00eda de los estilismos de la reina suelen conocerse inmediatamente, <strong>en este caso todav\u00eda es una inc\u00f3gnita<\/strong>. Complet\u00f3 el conjunto con zapatos negros destalonados de tac\u00f3n medio de <strong>Massimo Dutti<\/strong> y un bolso de mano de <strong>Carolina Herrera<\/strong>. En cuanto a las joyas, ha lucido unos pendientes de esmeraldas de Tous, regalo recibido con motivo de su 50 cumplea\u00f1os, y su habitual anillo de Coreterno. El maquillaje, muy natural, y el cabello suelto reforzaban la imagen contenida y elegante del vestido.<\/p>\n<p>Sof\u00eda, de Carolina Herrera<\/p>\n<p>La Infanta Sof\u00eda, que participaba por primera vez en el desfile, opt\u00f3 por un vestido negro con lunares blancos de Carolina Herrera, de gasa y manga larga semitransparente ligeramente abullonada. Lo acompa\u00f1\u00f3 con una capa midi negra y zapatos planos destalonados del mismo color. Su elecci\u00f3n, m\u00e1s juvenil y relajada, mantuvo el tono formal del acto sin perder frescura.<\/p>\n<p><img loading=\"lazy\" decoding=\"async\" width=\"1280\" height=\"1920\" src=\"data:image\/svg+xml,%3Csvg%20xmlns=\" http:=\"\" alt=\"La reina Letizia, la infanta Sof\u00eda y la princesa de Asturias, Leonor saludan al paso de la bandera al inicio del desfile de las Fuerzas Armadas.\" class=\"wp-image-4293692\" data-lazy- data-lazy- data-lazy-src=\"https:\/\/www.europesays.com\/es\/wp-content\/uploads\/2025\/10\/letizia-sofia.jpg\"\/>La reina Letizia, la infanta Sof\u00eda y la princesa de Asturias, Leonor saludan al paso de la bandera al inicio del desfile de las Fuerzas Armadas. | Borja S\u00e1nchez-Trillo \/ EFE<\/p>\n<p>La Princesa Leonor asisti\u00f3 con el uniforme del Ej\u00e9rcito del Aire, correspondiente a su formaci\u00f3n en la Academia General del Aire y del Espacio en San Javier (Murcia).<\/p>\n<p>Letizia, una pauta de sobriedad y elegancia el 12 de Octubre<\/p>\n<p>A lo largo de los \u00faltimos a\u00f1os, la Reina Letizia ha convertido sus apariciones en el D\u00eda de la Hispanidad en una referencia de estilo sobrio y elegante. En 2014, su primer desfile como reina, luci\u00f3 un vestido de tweed verde de Felipe Varela con gal\u00f3n trenzado frontal, combinado con salones de ante y cartera gris, estableciendo desde entonces una l\u00ednea cl\u00e1sica y contenida.<\/p>\n<p>En 2015 y 2016 mantuvo la coherencia crom\u00e1tica y estructural con vestidos en tonos neutros de Felipe Varela: gris perla y azul marino, respectivamente, de corte midi o l\u00e1piz, siempre acompa\u00f1ados de complementos discretos. Ya en 2017 introdujo un toque m\u00e1s contempor\u00e1neo con un conjunto burdeos de Hugo Boss, mientras que en 2018 volvi\u00f3 al verde esmeralda, manteniendo la falda de vuelo y las mangas francesas, combinando tradici\u00f3n y sofisticaci\u00f3n.<\/p>\n<p>El rojo carm\u00edn marc\u00f3 su elecci\u00f3n de 2019, <strong>un gui\u00f1o a la bandera espa\u00f1ola<\/strong>, y en 2020, durante la pandemia, adapt\u00f3 su estilo a la circunstancia con un conjunto sobrio de blusa y pantal\u00f3n. En 2021 y 2022 volvi\u00f3 a apostar por la moda espa\u00f1ola: un vestido burdeos de Carolina Herrera y un verde oliva de Vogana, respectivamente, combinando elegancia cl\u00e1sica con gui\u00f1os de modernidad.<\/p>\n<p><strong>En 2023 opt\u00f3 por un dise\u00f1o azul con estampado floral de Juan Vidal<\/strong>, m\u00e1s fluido y juvenil, mientras que en 2024 combin\u00f3 un conjunto de dos piezas de Po\u00e8te con una gabardina beige y bolso rojo, aportando un toque de color al acto. Este 12 de octubre de 2025, Letizia ha estrenado un vestido verde esmeralda de tweed, complementado con pendientes de esmeraldas y bolso negro de Carolina Herrera, consolidando un estilo institucional que combina tradici\u00f3n, sobriedad y personalidad.<\/p>\n<p>PUBLICIDAD<\/p>\n","protected":false},"excerpt":{"rendered":"El desfile del D\u00eda de la Hispanidad ha reunido este 12 de Octubre a miles de personas en&hellip;\n","protected":false},"author":2,"featured_media":171839,"comment_status":"","ping_status":"","sticky":false,"template":"","format":"standard","meta":{"footnotes":""},"categories":[5],"tags":[17,18,25,24,13,14,11,19,20,11440,9,10,15,16,19218,11508,23,12,21,22],"class_list":{"0":"post-171838","1":"post","2":"type-post","3":"status-publish","4":"format-standard","5":"has-post-thumbnail","7":"category-titulares","8":"tag-breaking-news","9":"tag-breakingnews","10":"tag-es","11":"tag-espana","12":"tag-featured-news","13":"tag-featurednews","14":"tag-headlines","15":"tag-latest-news","16":"tag-latestnews","17":"tag-letizia-ortiz","18":"tag-news","19":"tag-noticias","20":"tag-noticias-destacadas","21":"tag-noticiasdestacadas","22":"tag-redaccion","23":"tag-sofia-de-borbon","24":"tag-spain","25":"tag-titulares","26":"tag-ultimas-noticias","27":"tag-ultimasnoticias"},"share_on_mastodon":{"url":"","error":""},"_links":{"self":[{"href":"https:\/\/www.europesays.com\/es\/wp-json\/wp\/v2\/posts\/171838","targetHints":{"allow":["GET"]}}],"collection":[{"href":"https:\/\/www.europesays.com\/es\/wp-json\/wp\/v2\/posts"}],"about":[{"href":"https:\/\/www.europesays.com\/es\/wp-json\/wp\/v2\/types\/post"}],"author":[{"embeddable":true,"href":"https:\/\/www.europesays.com\/es\/wp-json\/wp\/v2\/users\/2"}],"replies":[{"embeddable":true,"href":"https:\/\/www.europesays.com\/es\/wp-json\/wp\/v2\/comments?post=171838"}],"version-history":[{"count":0,"href":"https:\/\/www.europesays.com\/es\/wp-json\/wp\/v2\/posts\/171838\/revisions"}],"wp:featuredmedia":[{"embeddable":true,"href":"https:\/\/www.europesays.com\/es\/wp-json\/wp\/v2\/media\/171839"}],"wp:attachment":[{"href":"https:\/\/www.europesays.com\/es\/wp-json\/wp\/v2\/media?parent=171838"}],"wp:term":[{"taxonomy":"category","embeddable":true,"href":"https:\/\/www.europesays.com\/es\/wp-json\/wp\/v2\/categories?post=171838"},{"taxonomy":"post_tag","embeddable":true,"href":"https:\/\/www.europesays.com\/es\/wp-json\/wp\/v2\/tags?post=171838"}],"curies":[{"name":"wp","href":"https:\/\/api.w.org\/{rel}","templated":true}]}}