{"id":171842,"date":"2025-10-12T13:57:08","date_gmt":"2025-10-12T13:57:08","guid":{"rendered":"https:\/\/www.europesays.com\/es\/171842\/"},"modified":"2025-10-12T13:57:08","modified_gmt":"2025-10-12T13:57:08","slug":"novak-djokovic-revelo-por-que-nunca-sera-amigo-de-rafael-nadal-y-roger-federer-es-imposible","status":"publish","type":"post","link":"https:\/\/www.europesays.com\/es\/171842\/","title":{"rendered":"Novak Djokovic revel\u00f3 por qu\u00e9 nunca ser\u00e1 amigo de Rafael Nadal y Roger Federer: \u201cEs imposible\u201d"},"content":{"rendered":"<p><img alt=\"Djokovic cont\u00f3 que no es\" class=\"global-image\" decoding=\"async\" fetchpriority=\"high\" height=\"2102\" loading=\"eager\" src=\"https:\/\/www.europesays.com\/es\/wp-content\/uploads\/2025\/10\/ZE3N77KN7VFAXJSE3DT5AMEWQQ\" width=\"3738\"\/>Djokovic cont\u00f3 que no es amigo de Rafa Nadal y Roger Federer (REUTERS\/Lisi Niesner)<\/p>\n<p class=\"paragraph\"><b>Novak Djokovic<\/b> domin\u00f3 el tenis masculino junto a <b>Rafael Nadal<\/b> y <b>Roger Federer <\/b>durante un largo tiempo. M\u00e1s all\u00e1 de prestarse el primer puesto del ranking ATP y de combatir en cada Grand Slam por el t\u00edtulo, marcaron una era en la disciplina que ser\u00e1 dif\u00edcil olvidar. En la actualidad, el serbio es el \u00fanico que todav\u00eda sigue en actividad y <b>explic\u00f3 por qu\u00e9 nunca podr\u00e1 ser amigo de las otras dos leyendas del deporte<\/b>.<\/p>\n<p class=\"paragraph\">Aunque Nole reconoce un profundo respeto y gratitud hacia sus hist\u00f3ricos rivales, sostiene que la intensidad de la competencia que compartieron durante unas dos d\u00e9cadas impidi\u00f3 cualquier v\u00ednculo de amistad genuina. <b>\u201cNadal es solo un a\u00f1o mayor que yo, ambos somos G\u00e9minis, al principio incluso fuimos a cenar juntos, dos veces. Pero incluso con \u00e9l, la amistad es imposible\u201d<\/b>, explic\u00f3 en una reciente entrevista al peri\u00f3dico Corriere della Sera, en la que tambi\u00e9n aclar\u00f3 que la rivalidad en la cima del tenis mundial marc\u00f3 una barrera insalvable en el plano personal.<\/p>\n<p class=\"paragraph\">Djokovic, quien a sus 38 a\u00f1os contin\u00faa activo en el circuito profesional, detall\u00f3 que la naturaleza de la competencia con Nadal y Federer fue tan feroz que nunca existi\u00f3 la posibilidad de una relaci\u00f3n cercana fuera de las pistas. \u201cSiempre lo he respetado y admirado enormemente. Gracias a \u00e9l y a Federer, crec\u00ed y me convert\u00ed en quien soy\u201d, afirm\u00f3 el serbio, quien tambi\u00e9n remarc\u00f3 que, aunque nunca fueron amigos, tampoco existi\u00f3 la enemistad entre ellos. En el caso de Federer, Djokovic fue a\u00fan m\u00e1s claro: <b>\u201cSiempre he tenido respeto por Federer, fue uno de los m\u00e1s grandes de todos los tiempos. Tuvo un impacto extraordinario, pero nunca he estado cerca de \u00e9l\u201d<\/b>, agreg\u00f3 en declaraciones que comparti\u00f3 el medio italiano.<\/p>\n<p class=\"paragraph\">El respeto mutuo y la influencia entre estos tres tenistas fue determinantes en la evoluci\u00f3n de sus carreras. Djokovic reconoce que tanto Nadal como Federer fueron motores fundamentales en su desarrollo profesional, impuls\u00e1ndolo a superarse y a alcanzar el m\u00e1ximo nivel competitivo. La admiraci\u00f3n no solo se refleja en palabras, sino tambi\u00e9n en la forma en que cada uno elev\u00f3 el est\u00e1ndar del tenis mundial, obligando a los otros dos a reinventarse constantemente para mantenerse en la cima.<\/p>\n<p><img alt=\"Djokovic contra Nadal en los\" class=\"global-image\" decoding=\"async\" fetchpriority=\"low\" height=\"533\" loading=\"lazy\" src=\"https:\/\/www.europesays.com\/es\/wp-content\/uploads\/2025\/10\/N6SH6UWR6UB3DGFRFNIWZCHQOI.jpg\" width=\"800\"\/>Djokovic contra Nadal en los \u00faltimos Juegos Ol\u00edmpicos de Par\u00eds 2024 (REUTERS\/Kai Pfaffenbach)<\/p>\n<p class=\"paragraph\"><b>El historial de enfrentamientos directos entre Federer y Nadal es uno de los cap\u00edtulos m\u00e1s emblem\u00e1ticos de la historia del tenis<\/b>. Entre 2004 y 2019, ambos disputaron 40 partidos oficiales, con un balance favorable al espa\u00f1ol de <b>24 victorias frente a 16 del suizo<\/b>. El primer duelo se resolvi\u00f3 a favor de Rafa en el Masters 1000 de Miami, mientras que Federer se llev\u00f3 el \u00faltimo encuentro en la semifinal de Wimbledon 2019. En finales, Nadal tambi\u00e9n lidera el cruce con 14 triunfos sobre 10 de Federer. Por superficies, Nadal domina en arcilla (14-2), Federer en c\u00e9sped (3-1), y el balance es m\u00e1s parejo en pistas duras.<\/p>\n<p class=\"paragraph\">La rivalidad entre Federer y Djokovic abarca cerca de 50 partidos oficiales entre 2006 y 2020, con una ligera ventaja para el serbio, quien suma <b>27 victorias frente a 23 del suizo<\/b>. Federer se impuso en cinco de los primeros seis duelos, pero Djokovic tom\u00f3 el control en los a\u00f1os posteriores, especialmente entre 2015 y 2020. En finales, <b>Djokovic lidera 13-6, con un dominio claro en los duelos decisivos de Grand Slam<\/b>. Por superficies, el serbio aventaja en c\u00e9sped (3-1) y pistas duras al descubierto (14-13), mientras que en arcilla empataron (4-4).<\/p>\n<p class=\"paragraph\"><b>El duelo entre Nadal y Djokovic es el m\u00e1s extenso y equilibrado de todos, con 60 enfrentamientos y una diferencia m\u00ednima<\/b>: 31 victorias para el oriudo de Serbia y 29 para la mejor raqueta de Espa\u00f1a de todos los tiempos. El espa\u00f1ol se impuso en seis de los primeros ocho partidos, pero el serbio logr\u00f3 varias rachas de triunfos consecutivos en los a\u00f1os siguientes. En finales, Djokovic tambi\u00e9n lleva la delantera (15-13), aunque Nadal ha ganado la mayor\u00eda de los duelos en Grand Slam (5 de 9). Por superficies, Nadal domina ampliamente en arcilla (20-9), mientras que Djokovic es superior en pistas duras al aire libre (16-5) y en indoor (4-2).<\/p>\n<p class=\"paragraph\">M\u00e1s all\u00e1 de los duelos individuales, el legado conjunto de <b>Djokovic<\/b>, <b>Nadal<\/b> y <b>Federer<\/b> resulta inigualable para el tenis. Entre los tres acumulan <b>66 t\u00edtulos de Grand Slam<\/b>, 104 trofeos de Masters 1000, 13 coronas de las ATP Finals y 18 temporadas concluidas como n\u00famero uno del mundo. Desde 2004 hasta 2021, solo Andy Murray y, m\u00e1s recientemente, <b>Carlos Alcaraz<\/b> lograron interrumpir su hegemon\u00eda en el ranking ATP. Este dominio absoluto marc\u00f3 una era irrepetible en el tenis masculino.<\/p>\n<p class=\"paragraph\">Con Federer y Nadal ya retirados y Djokovic a\u00fan en activo, aunque recientemente eliminado del Masters de Shangh\u00e1i tras una lesi\u00f3n, el tenis mundial asiste a una transici\u00f3n generacional. Figuras como <b>Carlos Alcaraz <\/b>y <b>Jannik Sinner<\/b> lideran a la nueva guardia, mientras el deporte se despide de una de las rivalidades entre las tres glorias, de las m\u00e1s intensas y productivas de la historia.<\/p>\n<p><img alt=\"El serbio con el trofeo\" class=\"global-image\" decoding=\"async\" fetchpriority=\"low\" height=\"2779\" loading=\"lazy\" src=\"https:\/\/www.europesays.com\/es\/wp-content\/uploads\/2025\/10\/JUUGHT6V2ESJHHCOHIJL7VUSTU.jpg\" width=\"4169\"\/>El serbio con el trofeo de Wimbledon 2019 tras superar al suizo (Adrian Dennis\/Pool via REUTERS)<\/p>\n","protected":false},"excerpt":{"rendered":"Djokovic cont\u00f3 que no es amigo de Rafa Nadal y Roger Federer (REUTERS\/Lisi Niesner) Novak Djokovic domin\u00f3 el&hellip;\n","protected":false},"author":2,"featured_media":171843,"comment_status":"","ping_status":"","sticky":false,"template":"","format":"standard","meta":{"footnotes":""},"categories":[274],"tags":[168,25,24,406,4759,23,3020,167,327,326,5512],"class_list":{"0":"post-171842","1":"post","2":"type-post","3":"status-publish","4":"format-standard","5":"has-post-thumbnail","7":"category-tenis","8":"tag-deportes","9":"tag-es","10":"tag-espana","11":"tag-europe","12":"tag-paris","13":"tag-spain","14":"tag-sport","15":"tag-sports","16":"tag-tenis","17":"tag-tennis","18":"tag-tensid"},"share_on_mastodon":{"url":"","error":""},"_links":{"self":[{"href":"https:\/\/www.europesays.com\/es\/wp-json\/wp\/v2\/posts\/171842","targetHints":{"allow":["GET"]}}],"collection":[{"href":"https:\/\/www.europesays.com\/es\/wp-json\/wp\/v2\/posts"}],"about":[{"href":"https:\/\/www.europesays.com\/es\/wp-json\/wp\/v2\/types\/post"}],"author":[{"embeddable":true,"href":"https:\/\/www.europesays.com\/es\/wp-json\/wp\/v2\/users\/2"}],"replies":[{"embeddable":true,"href":"https:\/\/www.europesays.com\/es\/wp-json\/wp\/v2\/comments?post=171842"}],"version-history":[{"count":0,"href":"https:\/\/www.europesays.com\/es\/wp-json\/wp\/v2\/posts\/171842\/revisions"}],"wp:featuredmedia":[{"embeddable":true,"href":"https:\/\/www.europesays.com\/es\/wp-json\/wp\/v2\/media\/171843"}],"wp:attachment":[{"href":"https:\/\/www.europesays.com\/es\/wp-json\/wp\/v2\/media?parent=171842"}],"wp:term":[{"taxonomy":"category","embeddable":true,"href":"https:\/\/www.europesays.com\/es\/wp-json\/wp\/v2\/categories?post=171842"},{"taxonomy":"post_tag","embeddable":true,"href":"https:\/\/www.europesays.com\/es\/wp-json\/wp\/v2\/tags?post=171842"}],"curies":[{"name":"wp","href":"https:\/\/api.w.org\/{rel}","templated":true}]}}