{"id":171846,"date":"2025-10-12T13:59:11","date_gmt":"2025-10-12T13:59:11","guid":{"rendered":"https:\/\/www.europesays.com\/es\/171846\/"},"modified":"2025-10-12T13:59:11","modified_gmt":"2025-10-12T13:59:11","slug":"lance-stroll-confiesa-estar-viviendo-un-calvario-en-aston-martin","status":"publish","type":"post","link":"https:\/\/www.europesays.com\/es\/171846\/","title":{"rendered":"Lance Stroll confiesa estar viviendo un calvario en Aston Martin"},"content":{"rendered":"<p class=\"parrafo\">Con la cuarentena que peino ya, recuerdo c\u00f3mo <strong>Jordi Cruyff <\/strong>ten\u00eda que soportar cada fin de semana las cr\u00edticas de los aficionados barcelonistas cada vez que fallaba un gol por ser hijo de la estrella y t\u00e9cnico azulgrana en ese momento <strong>Johan Cruyff.<\/strong><\/p>\n<p class=\"parrafo\">Pues bien, <strong>en Aston Martin conviven con un problema id\u00e9ntico<\/strong> desde que eligieron a Lance Stroll como piloto oficial. Y este no es otro que el de lidiar con los detractores del piloto canadiense semana tras semana, d\u00eda tras d\u00eda.<\/p>\n<p class=\"parrafo\"><strong>Por ser hijo de Lawrence Stroll,<\/strong> jefe supremo de la escuder\u00eda brit\u00e1nica, ha llevado colgada la etiqueta de \u00abpiloto de pago\u00bb desde que se estren\u00f3 en 2017. Y, ahora, a trav\u00e9s de una entrevista publicada por Aston Martin en sus medios oficiales, se ha desahogado y ha contado lo que trata de apartar de su vida para que no le termine afectando a su carrera. <\/p>\n<p><a class=\"elementos-rel-t2\" href=\"https:\/\/www.estadiodeportivo.com\/motor\/formula-1\/aston-martin-confirma-fernando-alonso-20251006-515337.html\" title=\"Aston Martin confirma lo de Fernando Alonso\" rel=\"nofollow noopener\" target=\"_blank\">Aston Martin confirma lo de Fernando Alonso<img decoding=\"async\" src=\"https:\/\/www.europesays.com\/es\/wp-content\/uploads\/2025\/10\/1e97cd9b-0a99-4cf5-a5ff-8255c4be83c5_320x180.jpeg\" alt=\"Aston Martin confirma lo de Fernando Alonso\"\/><\/a><\/p>\n<p class=\"parrafo\"><strong>\u00abIntento verlo como ruido. Si me lo tomo en serio, claro que me afecta<\/strong>, pero tengo la suerte de tener a mi alrededor a gente que quiero, en la que conf\u00edo, y en cuyas opiniones pongo mi atenci\u00f3n y mi valor\u00bb, ha argumentado con sus ojos al borde de las l\u00e1grimas.<\/p>\n<p class=\"parrafo\">Cabe recordar que su debut hace ocho temporadas fue con Williams, donde tuvo de compa\u00f1ero a Felipe Massa. Desde entonces, ha compartido box con pilotos de la talla de Sebastian Vettel, &#8216;Checo&#8217; P\u00e9rez y Fernando Alonso. Por ahora, <strong>a sus 26 a\u00f1os, suma 3 podios, una pole y 320 puntos<\/strong> a lo largo de su carrera: \u00abLa gente es muy corta de miras. Si tienes un par de buenas carreras, eres genial. Si tienes un par de malas, apestas. Eso nunca va a cambiar\u00bb.<\/p>\n<p><img decoding=\"async\" src=\"https:\/\/www.europesays.com\/es\/wp-content\/uploads\/2025\/10\/c3b81fef-711c-4e17-9971-2f78ead57bee_800x533.jpeg\" loading=\"lazy\"\/><\/p>\n<p class=\"parrafo\">Y para que no le minen la moral, como dir\u00eda el famoso Antonio Recio de &#8216;La que se avecina&#8217;, su estrategia no puede ser otra que esta: <strong>\u00abEstar rodeado de gente importante, valorar las opiniones de las personas que quieres y en las que conf\u00edas<\/strong>&#8230; Esa es la clave. No tomes cr\u00edticas de alguien de quien no aceptar\u00edas consejos\u00bb.<\/p>\n<p class=\"parrafo\">Y pese a que no tengan en cuenta su progresi\u00f3n en estos a\u00f1os, \u00e9l piensa que est\u00e1 madurando temporada tras temporada: \u00abEn el deporte, como en cualquier cosa que persigas, habr\u00e1 altibajos. Tienes que aceptarlo antes de empezar la temporada. <strong>Siempre pienso: habr\u00e1 d\u00edas buenos y malos, y tengo que aceptarlo ya\u00bb.<\/strong><\/p>\n<p><a class=\"elementos-rel-t2\" href=\"https:\/\/www.estadiodeportivo.com\/motor\/formula-1\/citan-fernando-alonso-caso-alex-palou-con-mclaren-20251012-516050.html\" title=\"Citan a Fernando Alonso en el caso \u00c1lex Palou con McLaren\" rel=\"nofollow noopener\" target=\"_blank\">Citan a Fernando Alonso en el caso \u00c1lex Palou con McLaren<img decoding=\"async\" src=\"https:\/\/www.europesays.com\/es\/wp-content\/uploads\/2025\/10\/756c73cc-cf68-4c83-9c31-405407dc5e62_320x180.jpeg\" alt=\"Citan a Fernando Alonso en el caso \u00c1lex Palou con McLaren\"\/><\/a><\/p>\n<p class=\"parrafo\">Por \u00faltimo, lanz\u00f3 un mensaje a todos sus &#8216;haters&#8217;, consciente de que seguir\u00e1n cre\u00e1ndole \u00abruido\u00bb: <strong>\u00abTodos amamos las celebraciones con champ\u00e1n,<\/strong> pero es en los momentos dif\u00edciles cuando realmente aprendemos qui\u00e9nes somos y crecemos\u00bb.<\/p>\n","protected":false},"excerpt":{"rendered":"Con la cuarentena que peino ya, recuerdo c\u00f3mo Jordi Cruyff ten\u00eda que soportar cada fin de semana las&hellip;\n","protected":false},"author":2,"featured_media":171847,"comment_status":"","ping_status":"","sticky":false,"template":"","format":"standard","meta":{"footnotes":""},"categories":[270],"tags":[1763,168,25,24,284,306,271,272,2362,23,167,30609],"class_list":{"0":"post-171846","1":"post","2":"type-post","3":"status-publish","4":"format-standard","5":"has-post-thumbnail","7":"category-formula-1","8":"tag-automovilismo","9":"tag-deportes","10":"tag-es","11":"tag-espana","12":"tag-estadio-deportivo","13":"tag-f1","14":"tag-formula-1","15":"tag-formula1","16":"tag-motor","17":"tag-spain","18":"tag-sports","19":"tag-stroll"},"share_on_mastodon":{"url":"","error":""},"_links":{"self":[{"href":"https:\/\/www.europesays.com\/es\/wp-json\/wp\/v2\/posts\/171846","targetHints":{"allow":["GET"]}}],"collection":[{"href":"https:\/\/www.europesays.com\/es\/wp-json\/wp\/v2\/posts"}],"about":[{"href":"https:\/\/www.europesays.com\/es\/wp-json\/wp\/v2\/types\/post"}],"author":[{"embeddable":true,"href":"https:\/\/www.europesays.com\/es\/wp-json\/wp\/v2\/users\/2"}],"replies":[{"embeddable":true,"href":"https:\/\/www.europesays.com\/es\/wp-json\/wp\/v2\/comments?post=171846"}],"version-history":[{"count":0,"href":"https:\/\/www.europesays.com\/es\/wp-json\/wp\/v2\/posts\/171846\/revisions"}],"wp:featuredmedia":[{"embeddable":true,"href":"https:\/\/www.europesays.com\/es\/wp-json\/wp\/v2\/media\/171847"}],"wp:attachment":[{"href":"https:\/\/www.europesays.com\/es\/wp-json\/wp\/v2\/media?parent=171846"}],"wp:term":[{"taxonomy":"category","embeddable":true,"href":"https:\/\/www.europesays.com\/es\/wp-json\/wp\/v2\/categories?post=171846"},{"taxonomy":"post_tag","embeddable":true,"href":"https:\/\/www.europesays.com\/es\/wp-json\/wp\/v2\/tags?post=171846"}],"curies":[{"name":"wp","href":"https:\/\/api.w.org\/{rel}","templated":true}]}}