{"id":171855,"date":"2025-10-12T14:04:07","date_gmt":"2025-10-12T14:04:07","guid":{"rendered":"https:\/\/www.europesays.com\/es\/171855\/"},"modified":"2025-10-12T14:04:07","modified_gmt":"2025-10-12T14:04:07","slug":"la-columna-de-espido-freire-feria-de-otono-del-libro-viejo-y-antiguo-de-madrid-la-memoria-impresa-del-mundo-ocio-y-cultura","status":"publish","type":"post","link":"https:\/\/www.europesays.com\/es\/171855\/","title":{"rendered":"La columna de Espido Freire. Feria de Oto\u00f1o del Libro Viejo y Antiguo de Madrid: la memoria impresa del mundo | Ocio y cultura"},"content":{"rendered":"<p class=\"loc\">Madrid<\/p>\n<p>La columna de Espido Freire se detiene esta semana en una cita imprescindible para los amantes de los libros: la <b>Feria de Oto\u00f1o del Libro Viejo y Antiguo<\/b>, que desde 1989 devuelve al Paseo de Recoletos el aroma de las p\u00e1ginas gastadas y la calma de los libreros que resisten.<\/p>\n<p>Un paseo entre siglos<\/p>\n<p>Hasta el domingo, los visitantes pueden recorrer las casetas que se extienden desde Cibeles hasta la calle Almirante, en un itinerario que re\u00fane m\u00e1s de medio mill\u00f3n de ejemplares. Entre los puestos, los incunables y folletines conviven con portadas ilustradas por <b>Fernando Vicente<\/b>, autor del cartel de esta edici\u00f3n que rinde homenaje a los 160 a\u00f1os de Alicia en el pa\u00eds de las maravillas.<\/p>\n<p>Libros que esperan<\/p>\n<p>Pasear por la feria tiene algo de sue\u00f1o. No hay prisa ni ruido: los libros no se acumulan, esperan. En sus lomos descansa el tiempo compartido, la memoria de quienes los leyeron y los que a\u00fan los buscan. Cada tomo encierra una historia que vuelve a circular, como si las palabras encontraran siempre su lector exacto.<\/p>\n<p>Una cita con historia<\/p>\n<p>Del 25 de septiembre al 12 de octubre de 2025, la feria celebrar\u00e1 su 35\u00aa edici\u00f3n. Organizada por <b>LIBRIS<\/b>, la Asociaci\u00f3n de Libreros de Viejo, en colaboraci\u00f3n con el Ayuntamiento de Madrid, reunir\u00e1 a 34 librer\u00edas especializadas de toda Espa\u00f1a. En sus casetas podr\u00e1n encontrarse desde vol\u00famenes a precios muy econ\u00f3micos hasta aut\u00e9nticas joyas bibliogr\u00e1ficas: primeras ediciones, manuscritos originales, grabados o ediciones descatalogadas.<\/p>\n<p>Entre las librer\u00edas participantes destacan nombres hist\u00f3ricos como <b>Salamb\u00f3<\/b>, <b>El Prado<\/b>, <b>Arenal 21<\/b>, <b>El Asilo del Libro<\/b>, <b>Itziar Arranz<\/b>, <b>Luis Llera Libros<\/b>, <b>Luces de Bohemia<\/b> o <b>Ortiz Marcos<\/b>, entre muchas otras. Un ecosistema de libreros que mantiene viva una tradici\u00f3n cultural \u00fanica en la ciudad.<\/p>\n<p>La historia que a\u00fan no hemos encontrado<\/p>\n<p>Espido Freire lo resume as\u00ed: \u201cPasear hoy por la feria tiene algo de sue\u00f1o: los libros no se acumulan, esperan. En sus lomos descansa el tiempo que compartimos.\u201d Y deja una pregunta abierta: \u00bfqu\u00e9 historia guardar\u00e1 el pr\u00f3ximo libro que compremos, aunque a\u00fan no sepamos que lo estamos buscando?<\/p>\n<p>Esc\u00fachalo en A vivir Madrid<\/p>\n<p>Puedes escuchar la columna completa aqu\u00ed<\/p>\n","protected":false},"excerpt":{"rendered":"Madrid La columna de Espido Freire se detiene esta semana en una cita imprescindible para los amantes de&hellip;\n","protected":false},"author":2,"featured_media":171856,"comment_status":"","ping_status":"","sticky":false,"template":"","format":"standard","meta":{"footnotes":""},"categories":[172],"tags":[224,146,147,25,24,225,23],"class_list":{"0":"post-171855","1":"post","2":"type-post","3":"status-publish","4":"format-standard","5":"has-post-thumbnail","7":"category-libros","8":"tag-books","9":"tag-entertainment","10":"tag-entretenimiento","11":"tag-es","12":"tag-espana","13":"tag-libros","14":"tag-spain"},"share_on_mastodon":{"url":"","error":""},"_links":{"self":[{"href":"https:\/\/www.europesays.com\/es\/wp-json\/wp\/v2\/posts\/171855","targetHints":{"allow":["GET"]}}],"collection":[{"href":"https:\/\/www.europesays.com\/es\/wp-json\/wp\/v2\/posts"}],"about":[{"href":"https:\/\/www.europesays.com\/es\/wp-json\/wp\/v2\/types\/post"}],"author":[{"embeddable":true,"href":"https:\/\/www.europesays.com\/es\/wp-json\/wp\/v2\/users\/2"}],"replies":[{"embeddable":true,"href":"https:\/\/www.europesays.com\/es\/wp-json\/wp\/v2\/comments?post=171855"}],"version-history":[{"count":0,"href":"https:\/\/www.europesays.com\/es\/wp-json\/wp\/v2\/posts\/171855\/revisions"}],"wp:featuredmedia":[{"embeddable":true,"href":"https:\/\/www.europesays.com\/es\/wp-json\/wp\/v2\/media\/171856"}],"wp:attachment":[{"href":"https:\/\/www.europesays.com\/es\/wp-json\/wp\/v2\/media?parent=171855"}],"wp:term":[{"taxonomy":"category","embeddable":true,"href":"https:\/\/www.europesays.com\/es\/wp-json\/wp\/v2\/categories?post=171855"},{"taxonomy":"post_tag","embeddable":true,"href":"https:\/\/www.europesays.com\/es\/wp-json\/wp\/v2\/tags?post=171855"}],"curies":[{"name":"wp","href":"https:\/\/api.w.org\/{rel}","templated":true}]}}