{"id":171859,"date":"2025-10-12T14:07:21","date_gmt":"2025-10-12T14:07:21","guid":{"rendered":"https:\/\/www.europesays.com\/es\/171859\/"},"modified":"2025-10-12T14:07:21","modified_gmt":"2025-10-12T14:07:21","slug":"asi-fue-el-detras-de-camara-de-maleficio-la-regla-de-osha","status":"publish","type":"post","link":"https:\/\/www.europesays.com\/es\/171859\/","title":{"rendered":"as\u00ed fue el detr\u00e1s de c\u00e1mara de &#8216;Maleficio (La regla de Osha)&#8217;"},"content":{"rendered":"<p style=\"\">En los m\u00e1rgenes de Madrid, dos hermanos hu\u00e9rfanos intentan sobrevivir como pueden. \u00c9l, forzado a delinquir para mantener un techo sobre sus cabezas. Ella, demasiado peque\u00f1a a\u00fan para cargar con tanto silencio. <strong>&#8216;Maleficio (La regla de Osha)&#8217;,<\/strong> el<a href=\"https:\/\/www.abc.es\/play\/series\/noticias\/anatomia-crimen-octubre-negro-ficcion-televisiva-20250929014357-nt.html\" target=\"_self\" data-voc-vtm-id=\"in-text-traffic\" title=\" primer largometraje de terror\" data-mrf-link=\"www.abc.es\" rel=\"nofollow noopener\"> primer largometraje de terror<\/a>  &#8230; de \u00c1ngel Gonz\u00e1lez, hunde sus ra\u00edces en un barrio atravesado por la pobreza y la exclusi\u00f3n, donde el miedo no solo viene de lo paranormal, sino de la certeza de que la sociedad no escucha a quienes menos tienen. <\/p>\n<p class=\"voc-p\" style=\"\">El peso de la historia recae sobre <strong>Noakis Salazar,<\/strong> que con once a\u00f1os se enfrenta a su primer papel principal dentro del terror. Su hermano mayor est\u00e1 interpretado por <strong>Blas Polidori<\/strong><a href=\"https:\/\/www.abc.es\/cultura\/juan-antonio-bayona-fantasia-imagen-verdadera-realidad-20250928095658-nt.html\" target=\"_self\" data-voc-vtm-id=\"in-text-traffic\" title=\"(&#039;La sociedad de la nieve&#039;)\" data-mrf-link=\"www.abc.es\" rel=\"nofollow noopener\">(&#8216;La sociedad de la nieve&#8217;)<\/a>; de villano, el colombiano <strong>Edgar Vitorino,<\/strong> (&#8216;Cien a\u00f1os de soledad&#8217;). Todos ellos, bajo la mirada cercana de Gonz\u00e1lez, construyen una pel\u00edcula que no solo busca asustar, sino tambi\u00e9n incomodar: mostrar c\u00f3mo los fantasmas de la marginalidad y de la desigualdad son tan implacables como cualquier demonio de ficci\u00f3n<\/p>\n<p class=\"voc-p\" style=\"\">\u00abEn realidad no es una idea original m\u00eda mezclar santer\u00eda con bandas\u00bb, reconoce Gonz\u00e1lez. \u00abYo vivo en un<a href=\"https:\/\/www.abc.es\/recreo\/barrios-madrid-gente-recomienda-pisar-preguntada-zonas-20241223073000-nt.html\" target=\"_self\" data-voc-vtm-id=\"in-text-traffic\" title=\" barrio de Madrid donde la presencia de estas bandas juveniles\" data-mrf-link=\"www.abc.es\" rel=\"nofollow noopener\"> barrio de Madrid donde la presencia de estas bandas juveniles<\/a> es muy fuerte. En 2021, la prensa estaba llena de noticias sobre detenciones, agresiones, homicidios&#8230; Era algo cotidiano. Y me pregunt\u00e9: \u00bfqu\u00e9 pasar\u00eda si lo llevamos al cine?\u00bb.<\/p>\n<p class=\"voc-p\" style=\"\">De esa pregunta naci\u00f3 un proceso de investigaci\u00f3n. El director descubri\u00f3 que muchas de estas pandillas tienen ra\u00edces o conexiones con el mundo hispanoamericano y, en particular, con <strong>pr\u00e1cticas religiosas de origen afrocaribe\u00f1o.<\/strong> El rodaje, sin embargo, estuvo marcado por un ambiente peculiar. La mezcla entre realidad y ficci\u00f3n, supersticiones y miedos, acompa\u00f1\u00f3 al equipo durante semanas. \u00abHab\u00eda de todo en el set\u00bb, admite el director. \u00abDesde t\u00e9cnicos agn\u00f3sticos hasta actores muy creyentes o que, al menos, se dejaban sugestionar. Como sab\u00edamos que \u00edbamos a poner en escena c\u00e1nticos, objetos rituales, s\u00edmbolos&#8230; <strong>no era descabellado pensar que algo pod\u00eda pasar\u00bb.<\/strong><\/p>\n<p class=\"voc-p\" style=\"\">Si hubo un int\u00e9rprete que vivi\u00f3 el rodaje de &#8216;Maleficio&#8217; de una manera m\u00e1s visceral, ese fue <strong>Edgar Vitorino<\/strong>. Su acercamiento al personaje -un narcotraficante que practica una visi\u00f3n distorsionada de lo oculto- lo llev\u00f3 a lugares intensos, incluso m\u00e1s all\u00e1 de la ficci\u00f3n. \u00abYo me adentr\u00e9 un poco m\u00e1s en el mundo espiritual\u00bb, recuerda. \u00abHubo una escena, la de presentaci\u00f3n de mi personaje, que fue muy fuerte. Yo ten\u00eda que fumar los tabacos al rev\u00e9s, es decir, con la parte de la ceniza hacia dentro. Eso, seg\u00fan la tradici\u00f3n, <strong>significa que est\u00e1s llamando a esp\u00edritus oscuros<\/strong>. Llev\u00e1bamos ya varios d\u00edas en ese set, invocando, repitiendo c\u00e1nticos, recreando ceremonias&#8230; y en esa \u00faltima escena sent\u00ed de verdad que algo se hab\u00eda manifestado. Hab\u00eda esp\u00edritus en el rodaje\u00bb.<\/p>\n<p class=\"voc-p\" style=\"\">El actor confiesa que, tras rodar, necesit\u00f3 desahogarse: \u00abMe fui al camerino y llor\u00e9 much\u00edsimo. <strong>Yo casi nunca lloro, pero ese d\u00eda no pod\u00eda parar.<\/strong> Me arrodill\u00e9 y lo transform\u00e9: en vez de dejarme llevar por el p\u00e1nico, lo convert\u00ed en agradecimiento, como si agradeciera a los esp\u00edritus que hubieran estado ah\u00ed acompa\u00f1\u00e1ndonos. Pens\u00e9 que, en lugar de ser algo negativo, era algo positivo, porque le daba verdad a lo que est\u00e1bamos haciendo\u00bb. La conexi\u00f3n de Vitorino con el material de la pel\u00edcula tambi\u00e9n viene de su propia historia personal.<strong> \u00abYo lo hab\u00eda visto desde ni\u00f1o.<\/strong> En mi familia, por parte de mi madre, hay personas<a href=\"https:\/\/www.abc.es\/sociedad\/pollos-decapitados-brebajes-rata-30000-euros-feliz-20241019153509-nt.html\" target=\"_self\" data-voc-vtm-id=\"in-text-traffic\" title=\" vinculadas a la santer\u00eda y al palo mayombe.\" data-mrf-link=\"www.abc.es\" rel=\"nofollow noopener\"> vinculadas a la santer\u00eda y al palo mayombe.<\/a> Cuando recib\u00ed el guion, muchas de las cosas que hac\u00eda mi personaje ya las hab\u00eda visto hacer a mi t\u00edo o a mi prima.<strong> De ni\u00f1o presenci\u00e9 rituales en casa; <\/strong>recuerdo cuando a mi hermana, con diez a\u00f1os, le hicieron una limpieza espiritual porque dec\u00eda que <strong>cada noche ve\u00eda a un ni\u00f1o al lado de su cama.<\/strong> Yo estaba ah\u00ed, en el patio, viendo c\u00f3mo le escup\u00edan ron, tabaco y la rodeaban con velas. Es algo que conozco muy de cerca, y por eso este papel fue una conexi\u00f3n muy especial para m\u00ed\u00bb.<\/p>\n<p class=\"voc-p\" style=\"\">Esa intensidad espiritual, sin embargo, no desv\u00eda a Vitorino del trasfondo social de la historia. \u00abLas pandillas, la violencia juvenil&#8230; no es solo un problema de Espa\u00f1a, es global. Y <strong>siempre est\u00e1 atravesado por la falta de futuro.<\/strong> J\u00f3venes migrantes, barrios marginados, ausencia de oportunidades. Todo eso termina empuj\u00e1ndolos hacia un camino del que es muy dif\u00edcil salir\u00bb.<\/p>\n<p>\nPor si acaso, nos protegemos\n<\/p>\n<p class=\"voc-p\" style=\"\">La tensi\u00f3n lleg\u00f3 hasta el departamento de arte. \u00abVicky, nuestra directora de arte, propuso<strong> un kit de protecci\u00f3n<\/strong>\u00bb, cuenta entre risas. \u00abEra muy sencillo: una cinta roja a la cintura, cascarilla para dibujar una marca en la nuca&#8230; Se convirti\u00f3 en un ritual paralelo al propio rodaje. Cada uno lo tomaba como quer\u00eda: superstici\u00f3n, juego o creencia real\u00bb.<\/p>\n<p class=\"voc-p\" style=\"\">Para Blas Polidori, actor protagonista de la cinta, meterse en la piel de un personaje atrapado entre la violencia y la magia no fue f\u00e1cil. \u00abEs un papel exigente porque tienes que moverte entre dos mundos. Por un lado, el realismo de la calle, la crudeza de las pandillas. Por otro, lo sobrenatural, lo inexplicable\u00bb. El actor confiesa que s\u00ed hubo momentos de inquietud: \u00abA veces <strong>te dejabas llevar por la atm\u00f3sfera.<\/strong> No sab\u00edas si era sugesti\u00f3n, si era el cansancio del rodaje o si de verdad hab\u00eda algo ah\u00ed. Y eso, al final, alimentaba mi trabajo como int\u00e9rprete&#8230; fue un trabajo duro, pero hermoso\u00bb, admite. <\/p>\n<p class=\"voc-p\" style=\"\">Entre los int\u00e9rpretes, la m\u00e1s joven del reparto, Noakis Salazar, confiesa <strong>haber sentido una mezcla de temor y aprendizaje.<\/strong> \u00abYo ya ven\u00eda con el terror aprendido\u00bb, explica. \u00abHab\u00eda trabajado con \u00c1ngel G\u00f3mez. \u00c9l me ense\u00f1\u00f3 a gestionar ese miedo desde dentro, a usarlo en lugar de dejar que te bloquee. As\u00ed que llegu\u00e9 a &#8216;Maleficio&#8217; con otra perspectiva: m\u00e1s consciente, pero tambi\u00e9n m\u00e1s preparada para abrazar la experiencia\u00bb. Salazar recuerda con cari\u00f1o -y tambi\u00e9n con cierto v\u00e9rtigo- <strong>sus primeros pasos en el g\u00e9nero.<\/strong> \u00abTengo que agradecerle mucho a \u00c1ngel (Gonz\u00e1lez) porque tuvo much\u00edsima empat\u00eda conmigo\u00bb, explica. \u00abSoy muy perfeccionista, as\u00ed que me estresaba. Quer\u00eda que todo saliera perfecto. Mis &#8216;coach&#8217;, Cristina y Asier, me repet\u00edan que ten\u00eda que tranquilizarme, que lo estaba haciendo bien, que no hab\u00eda por qu\u00e9 frustrarse\u00bb.<\/p>\n<p>\nLo paranormal de la marginalidad\n<\/p>\n<p class=\"voc-p\" style=\"\">&#8216;Maleficio&#8217; no se queda en un relato sobrenatural; es tambi\u00e9n un <strong>reflejo de una realidad social concreta.<\/strong> Una de las capas m\u00e1s interesantes de la pel\u00edcula es c\u00f3mo los protagonistas, por venir de un contexto marginal, se enfrentan a la desconfianza general cuando cuentan lo que viven.<\/p>\n<p class=\"voc-p\" style=\"\">\u00abQuer\u00edamos hablar de marginaci\u00f3n, de exclusi\u00f3n social, de desigualdad y falta de oportunidades\u00bb, responde Gonz\u00e1lez, que subraya que <strong>la pel\u00edcula no evita mostrar esa conexi\u00f3n entre pobreza<\/strong> y falta de credibilidad: \u00abCuando eres pobre, no solo tienes menos oportunidades, tambi\u00e9n te quitan la voz. Nadie cree lo que cuentas. Y eso tambi\u00e9n genera terror, porque te coloca en absoluta indefensi\u00f3n\u00bb.<\/p>\n<p class=\"voc-p\" style=\"\">Blas Polidori refuerza esa idea: \u00abLo que hace la pel\u00edcula <strong>es muy honesto.<\/strong> Mi personaje est\u00e1 atrapado por su contexto, no por un clich\u00e9. Y cuando adem\u00e1s le pasan cosas que rozan lo sobrenatural, su entorno las descarta de inmediato porque \u00e9l ya carga con un estigma: ser pobre, ser sospechoso. Eso es algo muy real\u00bb.<\/p>\n<p class=\"voc-p\" style=\"\">\u00abMe met\u00ed en un<strong> proceso de investigaci\u00f3n<\/strong> para comprender qu\u00e9 significaban realmente las <a href=\"https:\/\/www.abc.es\/espana\/bandas-latinas-sale-edad-maras-nunca-20250502115638-nt.html\" target=\"_self\" data-voc-vtm-id=\"in-text-traffic\" title=\"bandas latinas aqu\u00ed en Espa\u00f1a\u00bb,\" data-mrf-link=\"www.abc.es\" rel=\"nofollow noopener\">bandas latinas aqu\u00ed en Espa\u00f1a\u00bb,<\/a> cuenta Polidori: \u00abyo soy argentino, y all\u00ed las bandas son otra cosa, no tienen el mismo trasfondo. Aqu\u00ed descubr\u00ed c\u00f3mo funcionan, c\u00f3mo se forman, qu\u00e9 procesos siguen\u00bb. El actor se apoy\u00f3 en su experiencia previa en integraci\u00f3n social: \u00abDurante el grado superior tuve contacto con exmiembros de bandas o expresidiarios. Incluso pude hablar con uno de ellos directamente. Eso me dio informaci\u00f3n de primera mano.<strong> Y s\u00ed, es un mundo muy complicado\u00bb.<\/strong><\/p>\n<p class=\"voc-p\" style=\"\">\u00c1ngel Gonz\u00e1lez responde sin titubeos: \u00abLas bandas y la violencia juvenil<strong> es un c\u00edrculo vicioso de marginaci\u00f3n, exclusi\u00f3n, precariedad&#8230;<\/strong> y delincuencia que se retroalimenta. Si creces en un entorno donde no hay recursos, ni oportunidades, ni integraci\u00f3n, es l\u00f3gico que la delincuencia parezca una v\u00eda de escape. A veces es una forma de sobrevivir, a veces de autoafirmaci\u00f3n, incluso de rebeli\u00f3n contra un sistema que ya te ha dejado al margen\u00bb. Blas coincide: \u00abYo tambi\u00e9n lo creo. Cuando estudias integraci\u00f3n social te das cuenta de lo mucho que pesa el contexto. Personas migrantes que llegan y ni siquiera tienen papeles para acceder a un trabajo digno&#8230; \u00bfqu\u00e9 opciones les quedan? Al final buscan alternativas, y muchas veces son esas. Es cien por cien as\u00ed\u00bb.<\/p>\n","protected":false},"excerpt":{"rendered":"En los m\u00e1rgenes de Madrid, dos hermanos hu\u00e9rfanos intentan sobrevivir como pueden. \u00c9l, forzado a delinquir para mantener&hellip;\n","protected":false},"author":2,"featured_media":171860,"comment_status":"","ping_status":"","sticky":false,"template":"","format":"standard","meta":{"footnotes":""},"categories":[169],"tags":[3250,177,1635,146,147,25,24,40467,176,35518,175,49753,16500,7206,23],"class_list":{"0":"post-171859","1":"post","2":"type-post","3":"status-publish","4":"format-standard","5":"has-post-thumbnail","7":"category-cine","8":"tag-camara","9":"tag-cine","10":"tag-detras","11":"tag-entertainment","12":"tag-entretenimiento","13":"tag-es","14":"tag-espana","15":"tag-espiritus","16":"tag-film","17":"tag-maleficio","18":"tag-movies","19":"tag-osha","20":"tag-regla","21":"tag-rodaje","22":"tag-spain"},"share_on_mastodon":{"url":"","error":""},"_links":{"self":[{"href":"https:\/\/www.europesays.com\/es\/wp-json\/wp\/v2\/posts\/171859","targetHints":{"allow":["GET"]}}],"collection":[{"href":"https:\/\/www.europesays.com\/es\/wp-json\/wp\/v2\/posts"}],"about":[{"href":"https:\/\/www.europesays.com\/es\/wp-json\/wp\/v2\/types\/post"}],"author":[{"embeddable":true,"href":"https:\/\/www.europesays.com\/es\/wp-json\/wp\/v2\/users\/2"}],"replies":[{"embeddable":true,"href":"https:\/\/www.europesays.com\/es\/wp-json\/wp\/v2\/comments?post=171859"}],"version-history":[{"count":0,"href":"https:\/\/www.europesays.com\/es\/wp-json\/wp\/v2\/posts\/171859\/revisions"}],"wp:featuredmedia":[{"embeddable":true,"href":"https:\/\/www.europesays.com\/es\/wp-json\/wp\/v2\/media\/171860"}],"wp:attachment":[{"href":"https:\/\/www.europesays.com\/es\/wp-json\/wp\/v2\/media?parent=171859"}],"wp:term":[{"taxonomy":"category","embeddable":true,"href":"https:\/\/www.europesays.com\/es\/wp-json\/wp\/v2\/categories?post=171859"},{"taxonomy":"post_tag","embeddable":true,"href":"https:\/\/www.europesays.com\/es\/wp-json\/wp\/v2\/tags?post=171859"}],"curies":[{"name":"wp","href":"https:\/\/api.w.org\/{rel}","templated":true}]}}