{"id":171873,"date":"2025-10-12T14:14:08","date_gmt":"2025-10-12T14:14:08","guid":{"rendered":"https:\/\/www.europesays.com\/es\/171873\/"},"modified":"2025-10-12T14:14:08","modified_gmt":"2025-10-12T14:14:08","slug":"17-detenidos-en-vitoria-por-los-disturbios-en-una-manifestacion-de-la-falange","status":"publish","type":"post","link":"https:\/\/www.europesays.com\/es\/171873\/","title":{"rendered":"17 detenidos en Vitoria por los disturbios en una manifestaci\u00f3n de la Falange"},"content":{"rendered":"<p>12\/10\/2025<br \/>\n<br \/><strong><br \/>\nActualizado a las 15:35h.<br \/>\n<\/strong><\/p>\n<p class=\"voc-p\" style=\"\">Hay al menos 17 detenidos por los disturbios que se han dado este domingo en Vitoria durante una manifestaci\u00f3n de la Falange convocada en el D\u00eda de la Hispanidad. Seg\u00fan informa el Departamento de Seguridad, una \u00abcontramanifestaci\u00f3n\u00bb de alrededor de un centenar de encapuchados se  &#8230; han dirigido a la plaza de La Provincia, donde han comenzado a lanzar objetos contra los convocantes y el cord\u00f3n de seguridad de la Ertzaintza. La polic\u00eda auton\u00f3mica ha movilizado a la Brigada M\u00f3vil (antidisturbios) para contener los incidentes que se han extendido a calles aleda\u00f1as y ha habido personas heridas (a\u00fan sin datos oficiales). <\/p>\n<p class=\"voc-p\" style=\"\">Falange Espa\u00f1ola de las JONS hab\u00eda llamado a acudir a esta c\u00e9ntrica plaza de la capital alavesa con motivo del 12 de octubre para manifestarse por la \u00abunidad de Espa\u00f1a\u00bb. El enclave ha terminado convirti\u00e9ndose en escenario de una batalla campal, con enfrentamientos entre manifestantes y miemros de grupos de la izquierda radicale como Jardun y Gazte Koordinadora Sozialista, que hab\u00edan contraprogramado una protesta en respuesta. Han lanzado objetos como sillas de los bares cercanos y piedras contra la Ertzaintza <\/p>\n<p class=\"voc-p\" style=\"\">Unidades de antidisturbios de la Polic\u00eda auton\u00f3mica han acabado cargando contra la multitud, produci\u00e9ndose quema de contenedores en la zona. La investigaci\u00f3n sigue abierta, y hasta el momento ha practicado 17 detenciones por desordenes p\u00fablicos. Seg\u00fan informa el Gobierno vasco, hay al menos 27 agentes contusionados y no descarta m\u00e1s heridos. Hasta el lugar se han desplazado los sanitarios. Jardun ha convocado una concentraci\u00f3n de nuevo a las cinco de la tarde en la ciudad, donde  llaman a \u00abdestruir a las fuerzas represoras\u00bb. <\/p>\n<p>\nArt\u00edculo solo para suscriptores\n<\/p>\n<p>Reportar un error<\/p>\n","protected":false},"excerpt":{"rendered":"12\/10\/2025 Actualizado a las 15:35h. Hay al menos 17 detenidos por los disturbios que se han dado este&hellip;\n","protected":false},"author":2,"featured_media":171874,"comment_status":"","ping_status":"","sticky":false,"template":"","format":"standard","meta":{"footnotes":""},"categories":[8],"tags":[17,18,1562,36738,25,24,49756,13,14,11,19,20,5087,9,10,15,16,23,12,21,22,2177],"class_list":{"0":"post-171873","1":"post","2":"type-post","3":"status-publish","4":"format-standard","5":"has-post-thumbnail","7":"category-espana","8":"tag-breaking-news","9":"tag-breakingnews","10":"tag-detenidos","11":"tag-disturbios","12":"tag-es","13":"tag-espana","14":"tag-falange","15":"tag-featured-news","16":"tag-featurednews","17":"tag-headlines","18":"tag-latest-news","19":"tag-latestnews","20":"tag-manifestacion","21":"tag-news","22":"tag-noticias","23":"tag-noticias-destacadas","24":"tag-noticiasdestacadas","25":"tag-spain","26":"tag-titulares","27":"tag-ultimas-noticias","28":"tag-ultimasnoticias","29":"tag-vitoria"},"share_on_mastodon":{"url":"","error":""},"_links":{"self":[{"href":"https:\/\/www.europesays.com\/es\/wp-json\/wp\/v2\/posts\/171873","targetHints":{"allow":["GET"]}}],"collection":[{"href":"https:\/\/www.europesays.com\/es\/wp-json\/wp\/v2\/posts"}],"about":[{"href":"https:\/\/www.europesays.com\/es\/wp-json\/wp\/v2\/types\/post"}],"author":[{"embeddable":true,"href":"https:\/\/www.europesays.com\/es\/wp-json\/wp\/v2\/users\/2"}],"replies":[{"embeddable":true,"href":"https:\/\/www.europesays.com\/es\/wp-json\/wp\/v2\/comments?post=171873"}],"version-history":[{"count":0,"href":"https:\/\/www.europesays.com\/es\/wp-json\/wp\/v2\/posts\/171873\/revisions"}],"wp:featuredmedia":[{"embeddable":true,"href":"https:\/\/www.europesays.com\/es\/wp-json\/wp\/v2\/media\/171874"}],"wp:attachment":[{"href":"https:\/\/www.europesays.com\/es\/wp-json\/wp\/v2\/media?parent=171873"}],"wp:term":[{"taxonomy":"category","embeddable":true,"href":"https:\/\/www.europesays.com\/es\/wp-json\/wp\/v2\/categories?post=171873"},{"taxonomy":"post_tag","embeddable":true,"href":"https:\/\/www.europesays.com\/es\/wp-json\/wp\/v2\/tags?post=171873"}],"curies":[{"name":"wp","href":"https:\/\/api.w.org\/{rel}","templated":true}]}}