{"id":171890,"date":"2025-10-12T14:28:08","date_gmt":"2025-10-12T14:28:08","guid":{"rendered":"https:\/\/www.europesays.com\/es\/171890\/"},"modified":"2025-10-12T14:28:08","modified_gmt":"2025-10-12T14:28:08","slug":"del-llanto-de-rocio-carrasco-al-bajon-de-alba-carrillo","status":"publish","type":"post","link":"https:\/\/www.europesays.com\/es\/171890\/","title":{"rendered":"del llanto de Roc\u00edo Carrasco al baj\u00f3n de Alba Carrillo"},"content":{"rendered":"<p class=\"article-text\">\n        <strong>RTVE<\/strong> ha comenzado a calentar ya el estreno de <strong>Hasta el fin del mundo<\/strong>, la adaptaci\u00f3n espa\u00f1ola de <strong>Race across the world<\/strong>, reality que llevar\u00e1 a la p\u00fablica<a href=\"https:\/\/www.eldiario.es\/vertele\/noticias\/rtve-anuncia-nuevo-formato-aventuras-famosos-pekin-express-productora-gran-hermano_1_12394260.html\" target=\"_blank\" data-mrf-recirculation=\"links-noticia\" class=\"link\" rel=\"nofollow noopener\"><strong> <\/strong><\/a><a href=\"https:\/\/www.eldiario.es\/vertele\/noticias\/rtve-anuncia-nuevo-formato-aventuras-famosos-pekin-express-productora-gran-hermano_1_12394260.html\" target=\"_blank\" data-mrf-recirculation=\"links-noticia\" class=\"link\" rel=\"nofollow noopener\"><strong>el esp\u00edritu de <\/strong><\/a><a href=\"https:\/\/www.eldiario.es\/vertele\/noticias\/rtve-anuncia-nuevo-formato-aventuras-famosos-pekin-express-productora-gran-hermano_1_12394260.html\" target=\"_blank\" data-mrf-recirculation=\"links-noticia\" class=\"link\" rel=\"nofollow noopener\"><strong>Pek\u00edn Express<\/strong><\/a><strong> <\/strong>con<strong> Paula V\u00e1zquez <\/strong>como presentadora. La cadena aprovech\u00f3 este s\u00e1bado la gran expectaci\u00f3n del partido de la Selecci\u00f3n Espa\u00f1ola en La 1 para lanzar <strong>una espectacular promo <\/strong>con nuevas im\u00e1genes del programa.\n    <\/p>\n<p>    <a href=\"https:\/\/www.eldiario.es\/vertele\/noticias\/rtve-hasta-el-fin-del-mundo-presenta-parejas-concursantes-famosos-video-promo-pilla-aeropuerto-primera-prueba_1_12543546.html\" data-mrf-recirculation=\"saber-mas\" data-dl-event=\"saber-mas\" rel=\"nofollow noopener\" target=\"_blank\"><\/p>\n<p class=\"know-more__title\">&#8216;Hasta el fin del mundo&#8217; presenta a sus parejas en una promo y RTVE los &#8216;pilla&#8217; en el aeropuerto con una \u00abprimera prueba\u00bb<\/p>\n<p>            <img decoding=\"async\" class=\"lazy\" loading=\"lazy\" data-src=\"https:\/\/static.eldiario.es\/clip\/74eaeeb6-0090-4bbe-b9f4-f7400dfcf4a7_16-9-aspect-ratio_default_0.jpg\" src=\"data:image\/svg+xml,%3Csvg xmlns=\" http:=\"\" viewbox=\"0 0 880 495\" alt=\"'Hasta el fin del mundo' presenta a sus parejas en una promo y RTVE los 'pilla' en el aeropuerto con una &quot;primera prueba&quot;\"\/><\/p>\n<p>                        <\/a><\/p>\n<p class=\"article-text\">\n        En ellas, se avanzan algunas de las extremas situaciones que atravesar\u00e1n las seis parejas participantes, formadas por <strong>Yolanda Ramos<\/strong> y su sobrina<strong> Ainoa Olivares Ramos<\/strong>; <strong>Alba Carrillo<\/strong> y<strong> Cristina Cifuentes<\/strong>; <strong>Jedet <\/strong>y <strong>Andrea Compton<\/strong>; <strong>Roc\u00edo Carrasco <\/strong>y <strong>Anabel Due\u00f1as<\/strong>; <strong>NIA <\/strong>y <strong>J<\/strong> <strong>Kbello<\/strong>; y <strong>Aldo Comas <\/strong>y <strong>Jos\u00e9 Lamu\u00f1o. <\/strong>En un momento determinado, se puede ver a varias participantes, como Roc\u00edo Carrasco y Alba Carrillo, totalmente al l\u00edmite dentro de la aventura.\n    <\/p>\n<p class=\"article-text\">\n        Adem\u00e1s, la promo reflexiona, mediante la voz en off de Paula V\u00e1zquez, sobre c\u00f3mo afrontamos los viajes y el turismo, poniendo el foco en los posibles &#8216;spots&#8217; de los que presumir mediante fotograf\u00edas y no deteni\u00e9ndonos en lo que nos encontramos por el camino. \u201cEl lugar ideal, la luz perfecta, el momento justo. <strong>Mostramos el final del viaje, pero no contamos qu\u00e9 nos llev\u00f3 hasta all\u00ed<\/strong>. Otra, otra, otra, otra, otra&#8230; Y si paramos, hay entre las fotos esa l\u00ednea invisible\u201d, expresa la presentadora mientras varias personas tocan una gran pantalla en la que se acaban proyectando las im\u00e1genes del reality.\n    <\/p>\n<p class=\"article-text\">\n        \u201c\u00bfQu\u00e9 pas\u00f3 ah\u00ed? \u00bfHubo un instante de verdad? \u00bfAut\u00e9ntico? \u00bfReal? <strong>Aqu\u00ed no mostraremos s\u00f3lo el destino, vamos a contar la historia completa. <\/strong>Lo que duele, lo que late, lo que cambia. Esa ser\u00e1 nuestra filosof\u00eda de viaje, y la pienso seguir&#8230; hasta el fin del mundo\u201d, concluye Paula V\u00e1zquez, que concluye la promo en medio de lo que aparenta ser el <strong>Salar de Uyuni<\/strong> en Bolivia, el mayor desierto de sal del mundo y que podr\u00eda ser uno de los espectaculares lugares por los que pase el programa en su camino desde Costa Rica hasta Ushuaia.\n    <\/p>\n<blockquote class=\"twitter-tweet\" data-media-max-width=\"560\">\n<p lang=\"es\" dir=\"ltr\">\ud83d\udcf9La 1 desvela las primeras im\u00e1genes de &#8216;Hasta el fin del mundo (Race Across The World)&#8217; en su nueva promo <a href=\"https:\/\/t.co\/fUK8vGrLrQ\" rel=\"nofollow\">pic.twitter.com\/fUK8vGrLrQ<\/a><\/p>\n<p>\u2014 Tweets de tele (@teletuits) <a href=\"https:\/\/twitter.com\/teletuits\/status\/1977089413948883239?ref_src=twsrc%5Etfw\" rel=\"nofollow noopener\" target=\"_blank\">October 11, 2025<\/a><\/p><\/blockquote>\n<p>    As\u00ed es la mec\u00e1nica de &#8216;Hasta el fin del mundo&#8217;<\/p>\n<p class=\"article-text\">\n        Doce rostros muy conocidos de la televisi\u00f3n, el cine, la m\u00fasica, el arte o las redes sociales<strong> competir\u00e1n por ser los primeros en llegar a un destino final <\/strong>que desconocen, en un gran desaf\u00edo por toda Am\u00e9rica Latina durante m\u00e1s de dos meses. Un formato de \u00e9xito en la <strong>BBC<\/strong>, adaptado por otras televisiones p\u00fablicas y privadas, que explora las capacidades y relaciones humanas sin filtros, da ejemplo de sostenibilidad y act\u00faa como embajador cultural y tur\u00edstico.\n    <\/p>\n<p class=\"article-text\">\n        Los participantes tendr\u00e1n que <strong>viajar sin utilizar aviones ni dispositivos electr\u00f3nicos<\/strong>, como tel\u00e9fonos m\u00f3viles o GPS, y con una<strong> peque\u00f1a cantidad de dinero.<\/strong> En cada episodio, las parejas deben llegar a un checkpoint y firmar en un libro de viajes que registra su orden de llegada. Esto determinar\u00e1 el orden de salida en la siguiente etapa, respetando las diferencias horarias entre los equipos.\n    <\/p>\n<p>    <a href=\"https:\/\/www.eldiario.es\/vertele\/noticias\/cuanto-cuanto-cuanto-rtve-acertada-parodia-tele-90-cambio-planes-mejorar-broncano-jorge-ponce-revuelta_1_12677073.html\" data-mrf-recirculation=\"saber-mas-abajo\" data-dl-event=\"saber-mas-abajo\" rel=\"nofollow noopener\" target=\"_blank\"><\/p>\n<p class=\"know-more__title\">&#8216;Cu\u00e1nto, cu\u00e1nto, cu\u00e1nto&#8217;, una acertada parodia de la tele de los 90, con cambio de planes y algo a mejorar en RTVE\n<\/p>\n<p>            <img decoding=\"async\" class=\"lazy\" loading=\"lazy\" data-src=\"https:\/\/static.eldiario.es\/clip\/b96331c8-cd86-41b5-a872-9d9cbb3476e0_16-9-aspect-ratio_default_0.jpg\" src=\"data:image\/svg+xml,%3Csvg xmlns=\" http:=\"\" viewbox=\"0 0 880 495\" alt=\"'Cu\u00e1nto, cu\u00e1nto, cu\u00e1nto', una acertada parodia de la tele de los 90, con cambio de planes y algo a mejorar en RTVE\"\/><\/p>\n<p>                        <\/a><\/p>\n<p class=\"article-text\">\n        Los concursantes tomar\u00e1n decisiones sobre<strong> qu\u00e9 transporte usar, d\u00f3nde dormir y c\u00f3mo administrar sus recursos.<\/strong> Si se quedan sin fondos, pueden trabajar para ganar algo de dinero extra. En Hasta el fin del mundo se unen valores como el compromiso con lo genuino o la exploraci\u00f3n interior, con una gran fortaleza narrativa y log\u00edstica para enfrentarse a imprevistos reales.\n    <\/p>\n<p>                                    <script async src=\"https:\/\/platform.twitter.com\/widgets.js\" charset=\"utf-8\"><\/script><\/p>\n","protected":false},"excerpt":{"rendered":"RTVE ha comenzado a calentar ya el estreno de Hasta el fin del mundo, la adaptaci\u00f3n espa\u00f1ola de&hellip;\n","protected":false},"author":2,"featured_media":171891,"comment_status":"","ping_status":"","sticky":false,"template":"","format":"standard","meta":{"footnotes":""},"categories":[171],"tags":[9623,49758,3153,24039,146,147,25,24,5604,2629,20486,3013,21541,3152,518,23,214,2338],"class_list":{"0":"post-171890","1":"post","2":"type-post","3":"status-publish","4":"format-standard","5":"has-post-thumbnail","7":"category-tv","8":"tag-alba","9":"tag-bajon","10":"tag-carrasco","11":"tag-carrillo","12":"tag-entertainment","13":"tag-entretenimiento","14":"tag-es","15":"tag-espana","16":"tag-espectacular","17":"tag-lanza","18":"tag-llanto","19":"tag-mundo","20":"tag-promo","21":"tag-rocio","22":"tag-rtve","23":"tag-spain","24":"tag-tv","25":"tag-video"},"share_on_mastodon":{"url":"","error":""},"_links":{"self":[{"href":"https:\/\/www.europesays.com\/es\/wp-json\/wp\/v2\/posts\/171890","targetHints":{"allow":["GET"]}}],"collection":[{"href":"https:\/\/www.europesays.com\/es\/wp-json\/wp\/v2\/posts"}],"about":[{"href":"https:\/\/www.europesays.com\/es\/wp-json\/wp\/v2\/types\/post"}],"author":[{"embeddable":true,"href":"https:\/\/www.europesays.com\/es\/wp-json\/wp\/v2\/users\/2"}],"replies":[{"embeddable":true,"href":"https:\/\/www.europesays.com\/es\/wp-json\/wp\/v2\/comments?post=171890"}],"version-history":[{"count":0,"href":"https:\/\/www.europesays.com\/es\/wp-json\/wp\/v2\/posts\/171890\/revisions"}],"wp:featuredmedia":[{"embeddable":true,"href":"https:\/\/www.europesays.com\/es\/wp-json\/wp\/v2\/media\/171891"}],"wp:attachment":[{"href":"https:\/\/www.europesays.com\/es\/wp-json\/wp\/v2\/media?parent=171890"}],"wp:term":[{"taxonomy":"category","embeddable":true,"href":"https:\/\/www.europesays.com\/es\/wp-json\/wp\/v2\/categories?post=171890"},{"taxonomy":"post_tag","embeddable":true,"href":"https:\/\/www.europesays.com\/es\/wp-json\/wp\/v2\/tags?post=171890"}],"curies":[{"name":"wp","href":"https:\/\/api.w.org\/{rel}","templated":true}]}}