{"id":171904,"date":"2025-10-12T14:36:09","date_gmt":"2025-10-12T14:36:09","guid":{"rendered":"https:\/\/www.europesays.com\/es\/171904\/"},"modified":"2025-10-12T14:36:09","modified_gmt":"2025-10-12T14:36:09","slug":"asi-sera-el-intercambio-de-rehenes-por-presos-sin-actos-propagandisticos-y-con-ataudes-examinados-por-artificieros","status":"publish","type":"post","link":"https:\/\/www.europesays.com\/es\/171904\/","title":{"rendered":"As\u00ed ser\u00e1 el intercambio de rehenes por presos: sin actos propagand\u00edsticos y con ata\u00fades examinados por artificieros"},"content":{"rendered":"<p>Ma\u00f1ana lunes, previsiblemente en menos de 24 horas, Ham\u00e1s entregar\u00e1 a Israel los 22 rehenes que mantiene con vida (hay gran preocupaci\u00f3n por la salud  &#8230; de dos de ellos) y los cad\u00e1veres de otras tantas personas (son 26, pero algunos a\u00fan no est\u00e1n localizados). A cambio, Israel liberar\u00e1 a cerca de 2.000 presos palestinos, 250 de ellos con penas muy elevadas. Bajar a la realidad todo este planteamiento, la gesti\u00f3n de este proceso, no ser\u00e1 f\u00e1cil. Y muchos detalles a\u00fan no est\u00e1n claros. Por ejemplo, si Ham\u00e1s tiene a todos los cautivos juntos en una ubicaci\u00f3n, o si los ir\u00e1 liberando en distintos puntos.<\/p>\n<p class=\"v-p\">Pero hay aspectos que s\u00ed est\u00e1n preparados ya. El esencial, que Ham\u00e1s entregar\u00e1 a los rehenes vivos a representantes de la Cruz Roja. En esta ocasi\u00f3n lo har\u00e1 sin ceremonia alguna, es decir, sin un acto propagand\u00edstico como el que tens\u00f3 a\u00fan m\u00e1s las relaciones con Israel a principios de a\u00f1o. Posteriormente, la ONG los entregar\u00e1 al ej\u00e9rcito israel\u00ed que se mantiene en suelo gazat\u00ed, que los escoltar\u00e1 fuera de la franja, hasta la base militar de Reim, cerca de la frontera, donde se les har\u00e1 un primer chequeo m\u00e9dico. Se espera que algunos familiares de los rehenes est\u00e9n all\u00ed para recibirlos, seg\u00fan ha informado &#8216;The Times of Israel&#8217;.<\/p>\n<p class=\"v-p\">El siguiente paso ser\u00e1 trasladarlos a hospitales en el centro de Israel para recibir tratamiento m\u00e9dico y reunirse con otros familiares. Los rehenes cuyo estado de salud sea m\u00e1s delicado ser\u00e1n trasladados en avi\u00f3n al Centro M\u00e9dico Soroka, en Beersheba, sin pasar por Reim.<\/p>\n<p class=\"v-p\">Por su parte, los cad\u00e1veres ser\u00e1n recibidos por las tropas israel\u00edes en Gaza, donde se celebrar\u00e1 una ceremonia en su honor presidida por un rabino militar. Los ata\u00fades tambi\u00e9n ser\u00e1n examinados por artificieros \u00abpor motivos de seguridad\u00bb, seg\u00fan ha avanzado el ej\u00e9rcito israel\u00ed.<\/p>\n<p class=\"v-p\">Pese a todo, algunas fuentes israel\u00edes admiten que persiste un alto grado de incertidumbre. Ayer, el medio local Canal 12 inform\u00f3 de que un alto funcionario israel\u00ed declar\u00f3 que \u00abIsrael no tiene claros todos los detalles del cronograma\u00bb. El funcionario explic\u00f3 que la ambig\u00fcedad se debe aparentemente a los preparativos log\u00edsticos del grupo terrorista.<\/p>\n<p class=\"v-p\">De momento, Israel ha movilizado en las \u00faltimas horas a miles de funcionarios de prisiones para, bajo estrictos controles de seguridad, trasladar a los presos palestinos a las prisiones de Ofer y Ketziot. Los destinados a recuperar la libertad en Cisjordania son los que han sido trasladados a Ofer, al oeste de Ramallah. Por otro lado, los que ser\u00e1n retornados a la Franja de Gaza o deportados, especialmente aquellos con condenas perpetuas, son los que permanecen en Ketziot, en el desierto del sur de Israel. <\/p>\n","protected":false},"excerpt":{"rendered":"Ma\u00f1ana lunes, previsiblemente en menos de 24 horas, Ham\u00e1s entregar\u00e1 a Israel los 22 rehenes que mantiene con&hellip;\n","protected":false},"author":2,"featured_media":171905,"comment_status":"","ping_status":"","sticky":false,"template":"","format":"standard","meta":{"footnotes":""},"categories":[42],"tags":[17,18,13,14,11,42035,61,62,63,64,19,20,9,10,15,16,2578,12651,12,21,22,65,66,67],"class_list":{"0":"post-171904","1":"post","2":"type-post","3":"status-publish","4":"format-standard","5":"has-post-thumbnail","7":"category-internacional","8":"tag-breaking-news","9":"tag-breakingnews","10":"tag-featured-news","11":"tag-featurednews","12":"tag-headlines","13":"tag-intercambio","14":"tag-internacional","15":"tag-international","16":"tag-international-news","17":"tag-internationalnews","18":"tag-latest-news","19":"tag-latestnews","20":"tag-news","21":"tag-noticias","22":"tag-noticias-destacadas","23":"tag-noticiasdestacadas","24":"tag-presos","25":"tag-rehenes","26":"tag-titulares","27":"tag-ultimas-noticias","28":"tag-ultimasnoticias","29":"tag-world","30":"tag-world-news","31":"tag-worldnews"},"share_on_mastodon":{"url":"","error":""},"_links":{"self":[{"href":"https:\/\/www.europesays.com\/es\/wp-json\/wp\/v2\/posts\/171904","targetHints":{"allow":["GET"]}}],"collection":[{"href":"https:\/\/www.europesays.com\/es\/wp-json\/wp\/v2\/posts"}],"about":[{"href":"https:\/\/www.europesays.com\/es\/wp-json\/wp\/v2\/types\/post"}],"author":[{"embeddable":true,"href":"https:\/\/www.europesays.com\/es\/wp-json\/wp\/v2\/users\/2"}],"replies":[{"embeddable":true,"href":"https:\/\/www.europesays.com\/es\/wp-json\/wp\/v2\/comments?post=171904"}],"version-history":[{"count":0,"href":"https:\/\/www.europesays.com\/es\/wp-json\/wp\/v2\/posts\/171904\/revisions"}],"wp:featuredmedia":[{"embeddable":true,"href":"https:\/\/www.europesays.com\/es\/wp-json\/wp\/v2\/media\/171905"}],"wp:attachment":[{"href":"https:\/\/www.europesays.com\/es\/wp-json\/wp\/v2\/media?parent=171904"}],"wp:term":[{"taxonomy":"category","embeddable":true,"href":"https:\/\/www.europesays.com\/es\/wp-json\/wp\/v2\/categories?post=171904"},{"taxonomy":"post_tag","embeddable":true,"href":"https:\/\/www.europesays.com\/es\/wp-json\/wp\/v2\/tags?post=171904"}],"curies":[{"name":"wp","href":"https:\/\/api.w.org\/{rel}","templated":true}]}}