{"id":171914,"date":"2025-10-12T14:42:07","date_gmt":"2025-10-12T14:42:07","guid":{"rendered":"https:\/\/www.europesays.com\/es\/171914\/"},"modified":"2025-10-12T14:42:07","modified_gmt":"2025-10-12T14:42:07","slug":"fin-de-open-caliente-para-sergio-todavia-hay-mucho-que-arreglar-con-el-dp-world-tour","status":"publish","type":"post","link":"https:\/\/www.europesays.com\/es\/171914\/","title":{"rendered":"Fin de Open caliente para Sergio: \u201cTodav\u00eda hay mucho que arreglar con el DP World Tour\u201d"},"content":{"rendered":"<p class=\"\">El <a href=\"https:\/\/as.com\/masdeporte\/golf\/\" target=\"_blank\" rel=\"noreferrer nofollow noopener\" title=\"https:\/\/as.com\/masdeporte\/golf\/\">Open de Espa\u00f1a<\/a> no fue el deseado para <b>Sergio Garc\u00eda<\/b>, ganador del torneo all\u00e1 por 2002, hace m\u00e1s de dos d\u00e9cadas. A sus 45 a\u00f1os, el de Borriol <b>dio por finalizada la temporada con un -3 en el torneo tras una ronda final al par<\/b>, confirm\u00e1ndose as\u00ed que no jugar\u00e1 los cuatro torneos necesarios para mantener los derechos de juego en el DP World Tour tal y como estaban este curso. A pesar de ello, en su tensa comparecencia ante los medios de comunicaci\u00f3n en el Real Club de Campo Villa de Madrid, el castellonense no pareci\u00f3 muy preocupado por ello, y se mostr\u00f3 deseoso por comenzar sus vacaciones. Estas fueron las palabras de Sergio.<\/p>\n<p class=\"\"><b>Balance de la semana:<\/b> \u00abLa experiencia muy buena por la gente, de juego, no muy bien. La gente muy bien, el apoyo incre\u00edble, pero la semana s\u00ed, mala. Es una semana en la que no sale nada y bueno\u201d.<\/p>\n<p class=\"\"><b>Ahora, mucho tiempo sin competir:<\/b> \u201cPues probablemente hasta febrero. Lo llevo encantado, lo mejor que tengo en mi vida en este momento. No he desconectado en toda mi vida. Tener la posibilidad de estar tres o cuatro meses sin jugar ning\u00fan torneo es muy bueno\u201d. <\/p>\n<p class=\"\"><b>Objetivos para el a\u00f1o que viene:<\/b> \u201cA la hora de empezar la temporada es intentar hacerlo lo mejor posible y jugar todos los grandes que pueda. Y bueno, pues intentar hacer lo mejor posible en todos los torneos\u201d.<\/p>\n<p class=\"\"><b>Situaci\u00f3n con el DP World Tour: <\/b>\u201cNo se ha arreglado todav\u00eda. Hay muchas cosas que est\u00e1n por arreglar todav\u00eda. Ya veremos (si vuelve al Open de Espa\u00f1a el a\u00f1o que viene). Obviamente, s\u00ed que me encantar\u00eda. Yo he dicho siempre que jugar en Espa\u00f1a es muy especial y me encanta. Pero bueno, va a depender un poquito de c\u00f3mo vayan las cosas<\/p>\n<p class=\"\"><b>Sin tarjeta para 2026:<\/b> \u201cPues nada. Suspendido, y al a\u00f1o siguiente a hacerlo mejor\u201d.<\/p>\n<p>Noticias relacionadas<\/p>\n<p class=\"\"><b>\u00a1Tus opiniones importan!<\/b> Comenta en los art\u00edculos y suscr\u00edbete gratis a nuestra <a href=\"https:\/\/asfan.as.com\/newsletters\/\" target=\"_blank\" rel=\"nofollow noopener\" title=\"https:\/\/asfan.as.com\/newsletters\/\">newsletter<\/a> y a las alertas informativas en la <a href=\"https:\/\/as.com\/aplicacion-de-as-n\/\" target=\"_blank\" rel=\"nofollow noopener\" title=\"https:\/\/as.com\/aplicacion-de-as-n\/\">App<\/a> o el canal de <a href=\"https:\/\/www.whatsapp.com\/channel\/0029VaAasdA7j6g745nz9M10\" target=\"_blank\" rel=\"nofollow noopener\" title=\"https:\/\/www.whatsapp.com\/channel\/0029VaAasdA7j6g745nz9M10\">WhatsApp<\/a>. <\/p>\n<p class=\"\">\u00bfBuscas licenciar contenido? Haz clic <a href=\"https:\/\/profesional.elpais.com\/soluciones-sindicacion?utm_medium=interno&amp;utm_source=crosslinking&amp;utm_campaign=sindicacion_as_pie_articulos\" target=\"_blank\" rel=\"nofollow noopener\" title=\"https:\/\/profesional.elpais.com\/soluciones-sindicacion?utm_medium=interno&amp;utm_source=crosslinking&amp;utm_campaign=sindicacion_as_pie_articulos\">aqu\u00ed<\/a><\/p>\n","protected":false},"excerpt":{"rendered":"El Open de Espa\u00f1a no fue el deseado para Sergio Garc\u00eda, ganador del torneo all\u00e1 por 2002, hace&hellip;\n","protected":false},"author":2,"featured_media":171915,"comment_status":"","ping_status":"","sticky":false,"template":"","format":"standard","meta":{"footnotes":""},"categories":[275],"tags":[168,25,24,329,23,167],"class_list":{"0":"post-171914","1":"post","2":"type-post","3":"status-publish","4":"format-standard","5":"has-post-thumbnail","7":"category-golf","8":"tag-deportes","9":"tag-es","10":"tag-espana","11":"tag-golf","12":"tag-spain","13":"tag-sports"},"share_on_mastodon":{"url":"","error":""},"_links":{"self":[{"href":"https:\/\/www.europesays.com\/es\/wp-json\/wp\/v2\/posts\/171914","targetHints":{"allow":["GET"]}}],"collection":[{"href":"https:\/\/www.europesays.com\/es\/wp-json\/wp\/v2\/posts"}],"about":[{"href":"https:\/\/www.europesays.com\/es\/wp-json\/wp\/v2\/types\/post"}],"author":[{"embeddable":true,"href":"https:\/\/www.europesays.com\/es\/wp-json\/wp\/v2\/users\/2"}],"replies":[{"embeddable":true,"href":"https:\/\/www.europesays.com\/es\/wp-json\/wp\/v2\/comments?post=171914"}],"version-history":[{"count":0,"href":"https:\/\/www.europesays.com\/es\/wp-json\/wp\/v2\/posts\/171914\/revisions"}],"wp:featuredmedia":[{"embeddable":true,"href":"https:\/\/www.europesays.com\/es\/wp-json\/wp\/v2\/media\/171915"}],"wp:attachment":[{"href":"https:\/\/www.europesays.com\/es\/wp-json\/wp\/v2\/media?parent=171914"}],"wp:term":[{"taxonomy":"category","embeddable":true,"href":"https:\/\/www.europesays.com\/es\/wp-json\/wp\/v2\/categories?post=171914"},{"taxonomy":"post_tag","embeddable":true,"href":"https:\/\/www.europesays.com\/es\/wp-json\/wp\/v2\/tags?post=171914"}],"curies":[{"name":"wp","href":"https:\/\/api.w.org\/{rel}","templated":true}]}}