{"id":171918,"date":"2025-10-12T14:45:12","date_gmt":"2025-10-12T14:45:12","guid":{"rendered":"https:\/\/www.europesays.com\/es\/171918\/"},"modified":"2025-10-12T14:45:12","modified_gmt":"2025-10-12T14:45:12","slug":"este-es-el-calendario-para-la-maxima-categoria-del-automovilismo","status":"publish","type":"post","link":"https:\/\/www.europesays.com\/es\/171918\/","title":{"rendered":"Este es el calendario para la M\u00e1xima Categor\u00eda del Automovilismo"},"content":{"rendered":"<p>La <a href=\"https:\/\/www.record.com.mx\/formula1\/red-bull-influyo-en-desempeno-de-colapinto-segun-jefe-de-la-escuderia-williams\" rel=\"nofollow noopener\" target=\"_blank\"><strong>F\u00f3rmula 1 <\/strong><\/a>termin\u00f3 su temporada europea y, cuando restan seis carreras en el a\u00f1o, la m\u00e1xima categor\u00eda del automovilismo se quedar\u00e1 un rato en el continente americano, viviendo cuatro carreras en estos d\u00edas.<\/p>\n<p>La primera del calendario ser\u00e1 el <a href=\"https:\/\/www.record.com.mx\/formula1\/red-bull-influyo-en-desempeno-de-colapinto-segun-jefe-de-la-escuderia-williams\" rel=\"nofollow noopener\" target=\"_blank\"><strong>Gran Premio de Austin<\/strong><\/a>, carrera que se correr\u00e1 el pr\u00f3ximo 19 de octubre en el circuito de Las Am\u00e9ricas, donde<a href=\"https:\/\/www.record.com.mx\/formula1\/red-bull-influyo-en-desempeno-de-colapinto-segun-jefe-de-la-escuderia-williams\" rel=\"nofollow noopener\" target=\"_blank\"> <strong>Oscar Piastri<\/strong><\/a> podr\u00eda sentenciar el campeonato de pilotos.<\/p>\n<p><img loading=\"lazy\" decoding=\"async\" data-entity-uuid=\"c8f4f196-ed7e-4e44-9ae5-54a377a2d349\" data-entity-type=\"file\" src=\"https:\/\/www.europesays.com\/es\/wp-content\/uploads\/2025\/10\/F2_3.jpg\" width=\"800\" height=\"534\" alt=\"Estos son los Grandes Premios que se correr\u00e1n en Am\u00e9rica | AP\"\/><\/p>\n<p>Estos son los Grandes Premios que se correr\u00e1n en Am\u00e9rica | AP<\/p>\n<p>Despu\u00e9s, el <strong>Aut\u00f3dromo de los Hermanos Rodr\u00edguez<\/strong> recibir\u00e1 el <strong>Gran Premio de M\u00e9xico<\/strong>, que ser\u00e1 la edici\u00f3n n\u00famero 10 de la carrera en tierras mexicanas, donde <strong>Max Verstappen<\/strong> es el m\u00e1ximo vencedor en el premio que ser\u00e1 corre en la Magdalena Mixhiuca.<\/p>\n<p>A principios de noviembre Brasil recibir\u00e1 el <strong>Gran Premio de Interlagos<\/strong>, la \u00fanica carrera del calendario que se disputa en Sudam\u00e9rica, en Interlagos <strong>Alain Prost <\/strong>es el m\u00e1ximo vencedor con seis triunfos.<\/p>\n<p><img loading=\"lazy\" decoding=\"async\" data-entity-uuid=\"117f474a-7090-4a92-bdb4-ce7d596584da\" data-entity-type=\"file\" src=\"https:\/\/www.europesays.com\/es\/wp-content\/uploads\/2025\/10\/F1_1.jpg\" width=\"800\" height=\"534\" alt=\"Estos son los Grandes Premios que se correr\u00e1n en Am\u00e9rica | AP\"\/><\/p>\n<p>Estos son los Grandes Premios que se correr\u00e1n en Am\u00e9rica | AP<\/p>\n<p><strong>Estados Unidos <\/strong>cerrar\u00e1 este mes de carreras en el continente americano, cuando se largue el <strong>Gran Premio de Las Vegas<\/strong>, que se largar\u00e1 el pr\u00f3ximo 22 de noviembre, en este Gran Premio han ganado <strong>George Russell<\/strong> y <strong>Max Verstappen<\/strong>.<\/p>\n<p>Despu\u00e9s de Las Vegas, la <strong>F\u00f3rmula 1<\/strong> volver\u00e1 a Asia, donde se correr\u00e1 en <strong>Qatar<\/strong> y en <strong>Abu Dabi<\/strong>, siendo el <strong>Gran Premio de Yas Marina<\/strong> el \u00faltimo de la temporada 2025.<\/p>\n<p><img loading=\"lazy\" decoding=\"async\" data-entity-uuid=\"66b544b2-481b-404b-b656-1fc11e1e4b38\" data-entity-type=\"file\" src=\"https:\/\/www.europesays.com\/es\/wp-content\/uploads\/2025\/10\/F_2.jpg\" width=\"800\" height=\"534\" alt=\"Estos son los Grandes Premios que se correr\u00e1n en Am\u00e9rica | AP\"\/><\/p>\n<p>Estos son los Grandes Premios que se correr\u00e1n en Am\u00e9rica | AP<\/p>\n","protected":false},"excerpt":{"rendered":"La F\u00f3rmula 1 termin\u00f3 su temporada europea y, cuando restan seis carreras en el a\u00f1o, la m\u00e1xima categor\u00eda&hellip;\n","protected":false},"author":2,"featured_media":171919,"comment_status":"","ping_status":"","sticky":false,"template":"","format":"standard","meta":{"footnotes":""},"categories":[270],"tags":[168,25,24,306,271,272,49760,23,167],"class_list":{"0":"post-171918","1":"post","2":"type-post","3":"status-publish","4":"format-standard","5":"has-post-thumbnail","7":"category-formula-1","8":"tag-deportes","9":"tag-es","10":"tag-espana","11":"tag-f1","12":"tag-formula-1","13":"tag-formula1","14":"tag-la-formula-1-llega-a-america-este-es-el-calendario-para-la-maxima-categoria-del-automovilismo","15":"tag-spain","16":"tag-sports"},"share_on_mastodon":{"url":"","error":""},"_links":{"self":[{"href":"https:\/\/www.europesays.com\/es\/wp-json\/wp\/v2\/posts\/171918","targetHints":{"allow":["GET"]}}],"collection":[{"href":"https:\/\/www.europesays.com\/es\/wp-json\/wp\/v2\/posts"}],"about":[{"href":"https:\/\/www.europesays.com\/es\/wp-json\/wp\/v2\/types\/post"}],"author":[{"embeddable":true,"href":"https:\/\/www.europesays.com\/es\/wp-json\/wp\/v2\/users\/2"}],"replies":[{"embeddable":true,"href":"https:\/\/www.europesays.com\/es\/wp-json\/wp\/v2\/comments?post=171918"}],"version-history":[{"count":0,"href":"https:\/\/www.europesays.com\/es\/wp-json\/wp\/v2\/posts\/171918\/revisions"}],"wp:featuredmedia":[{"embeddable":true,"href":"https:\/\/www.europesays.com\/es\/wp-json\/wp\/v2\/media\/171919"}],"wp:attachment":[{"href":"https:\/\/www.europesays.com\/es\/wp-json\/wp\/v2\/media?parent=171918"}],"wp:term":[{"taxonomy":"category","embeddable":true,"href":"https:\/\/www.europesays.com\/es\/wp-json\/wp\/v2\/categories?post=171918"},{"taxonomy":"post_tag","embeddable":true,"href":"https:\/\/www.europesays.com\/es\/wp-json\/wp\/v2\/tags?post=171918"}],"curies":[{"name":"wp","href":"https:\/\/api.w.org\/{rel}","templated":true}]}}