{"id":171922,"date":"2025-10-12T14:47:08","date_gmt":"2025-10-12T14:47:08","guid":{"rendered":"https:\/\/www.europesays.com\/es\/171922\/"},"modified":"2025-10-12T14:47:08","modified_gmt":"2025-10-12T14:47:08","slug":"zamora-2-3-real-aviles-triunfo-agonico-para-los-avilesinos-el-comercio","status":"publish","type":"post","link":"https:\/\/www.europesays.com\/es\/171922\/","title":{"rendered":"Zamora 2-3 Real Avil\u00e9s | Triunfo ag\u00f3nico para los avilesinos &#8211; El Comercio"},"content":{"rendered":"<ol>\n<li><a href=\"https:\/\/news.google.com\/rss\/articles\/CBMiogFBVV95cUxOaWlpejZucTBCRUJsXzRYNWRsUEQtdm5DWE5HU21IZVZleW1ybHFaclMyeWJIZm0wMmRNeDQ5Um0xZFhKMi1KQmpfaDZzZm9WRE5EWHluV1hra2ZhMlRMWUVDZWRWekt4MDRSc19GcmdiSXl5QnRDc25JMVdTRW9fSl9LQ1VxTmh3Y0tXUDRIUTFtM2x3c1R6c0hfSHFQMFlZYWfSAacBQVVfeXFMUHBodmlxMFNPOHkwRkZfVFJxOWo5VGQzc0FUQ3BsT1hQWGgwN0ZTUHoyTzBVTmZ5aHphcjd0Q0dycTVsT21FdnZycEF6aXNmUmwwYkxMMW1FTHhwNmRySlhvdE8wT05lcDhwVTR3RDlLUHhXZnk1eWRZS0FSNjdoa2tiX1ZOTXJNdDNIM2E0bFBtcmV6d3dUSEhXVFBKWmU0eTMwQ1dvZ3M?oc=5\" target=\"_blank\" rel=\"nofollow noopener\">Zamora 2-3 Real Avil\u00e9s | Triunfo ag\u00f3nico para los avilesinos<\/a>&nbsp;&nbsp;El Comercio<\/li>\n<li><a href=\"https:\/\/news.google.com\/rss\/articles\/CBMingFBVV95cUxNT01PUUhFd0NMbjVLSTlYc1ZLSnlOdzZtRWdQLUt6STJPR3VweWhQYl82Yjhsd2gxdFRzX1VuRElVeFlFQWdPUDdkQVdzeVpaX1VLalBLLUJQbWVPNUh1bVBtcnUxbnYxRWVHMkFNOUJoa29UU0d1dDZnMG9JLVhFSllCaEFYMDNpRUxnWERIS2s5Zi1LWGlTMEo1d2F6Zw?oc=5\" target=\"_blank\" rel=\"nofollow noopener\">DIRECTO | Zamora CF &#8211; Real Avil\u00e9s: sigue el encuentro con nosotros<\/a>&nbsp;&nbsp;La Opini\u00f3n de Zamora<\/li>\n<li><a href=\"https:\/\/news.google.com\/rss\/articles\/CBMinwFBVV95cUxNLVA1V0hlbUNhTWxOZmJ3NnRxTnhwak51Q0RfWmI3UnhrNENueUl5Y0Q5VWJ0eS1hQXB5T29hNEVDUDJfbjBZMkhmbHJBNloyRFdPLTVpWjdnUzB3VXdvZkxhb0UzZFZFVk93VDl3NmUzQ0VCUzBMRUlCcEtXNGRLWkNiUXA4WmNnd04yU01sX3VyTUdrM3JnT0NZV3Z0WknSAaQBQVVfeXFMT3B3MklUUGdyMzY2dzNLSHZHVUJMWVkwR3EtNDdTQ2tHSzhybWxOYWUxbVFrRGFMV1MzUzhNNXBUVzhMU2ZwMWFuNzFhUVprOHBUSVN4YktfdHl0TFRvYkNZa3dvSWthdDB2WHBWQ0hSZmstZkRtSHB4UXB5TEk4QXRheTR4MlM3NE92Q1VkdDRXeEtmeFc2WmwxdS1HOWVQOW9HcGY?oc=5\" target=\"_blank\" rel=\"nofollow noopener\">El Avil\u00e9s sigue abonado a la \u00e9pica: otro gol en el descuento da la tercera victoria consecutiva a los blanquiazules<\/a>&nbsp;&nbsp;LNE<\/li>\n<li><a href=\"https:\/\/news.google.com\/rss\/articles\/CBMimAFBVV95cUxPalMwUVdvUmIwT3ZkX0R5c0ZnYXNpZDVyVy15bm1wM3lNZ3V4SmZTaGNJanF0akVjeHItN0FZdGdOZmNrQk5QODA0Q0stcFJiV0pLS1B2N3UxenJoU3ZHY19uRTV2TzgyYksxeVJFN1h4VHhpclpKUThPZDZJYW5zS2V6N0tMTElXZVhIaUJJcW13VkF6QlE4WA?oc=5\" target=\"_blank\" rel=\"nofollow noopener\">\u201cQue la solidaridad prenda m\u00e1s fuerte que el fuego\u201d: el \u2018detalle\u2019 que trae el Real Avil\u00e9s para el Zamora CF<\/a>&nbsp;&nbsp;Zamora24horas<\/li>\n<li><a href=\"https:\/\/news.google.com\/rss\/articles\/CBMilwFBVV95cUxPSFBhVU9uRmlBMllGOVlDSTc1bTlYR0t4S2l3NnFKU2RyR0pQT0h4YVB0ZUNGckxzd2hPSjZfTldJZzFrbXdIQzdYcG04YS1HU29NU2hOcENiOXhiMEk0WWJWSjFqanh3Sk9sT2NhdTQ1bmlUMG5PTl91NFpOSmNSRGNGMVBXeDhpbW5SS2F3YWRia09kdmZv?oc=5\" target=\"_blank\" rel=\"nofollow noopener\">Sabas cree que el equipo se encuentra en l\u00ednea ascendente<\/a>&nbsp;&nbsp;El D\u00eda de Zamora<\/li>\n<\/ol>\n","protected":false},"excerpt":{"rendered":"Zamora 2-3 Real Avil\u00e9s | Triunfo ag\u00f3nico para los avilesinos&nbsp;&nbsp;El Comercio DIRECTO | Zamora CF &#8211; Real Avil\u00e9s:&hellip;\n","protected":false},"author":2,"featured_media":171923,"comment_status":"","ping_status":"","sticky":false,"template":"","format":"standard","meta":{"footnotes":""},"categories":[268],"tags":[13849,168,2125,25,24,280,282,798,281,23,167,2946],"class_list":{"0":"post-171922","1":"post","2":"type-post","3":"status-publish","4":"format-standard","5":"has-post-thumbnail","7":"category-futbol","8":"tag-aviles","9":"tag-deportes","10":"tag-directo","11":"tag-es","12":"tag-espana","13":"tag-football","14":"tag-futbol","15":"tag-real","16":"tag-soccer","17":"tag-spain","18":"tag-sports","19":"tag-zamora"},"share_on_mastodon":{"url":"","error":""},"_links":{"self":[{"href":"https:\/\/www.europesays.com\/es\/wp-json\/wp\/v2\/posts\/171922","targetHints":{"allow":["GET"]}}],"collection":[{"href":"https:\/\/www.europesays.com\/es\/wp-json\/wp\/v2\/posts"}],"about":[{"href":"https:\/\/www.europesays.com\/es\/wp-json\/wp\/v2\/types\/post"}],"author":[{"embeddable":true,"href":"https:\/\/www.europesays.com\/es\/wp-json\/wp\/v2\/users\/2"}],"replies":[{"embeddable":true,"href":"https:\/\/www.europesays.com\/es\/wp-json\/wp\/v2\/comments?post=171922"}],"version-history":[{"count":0,"href":"https:\/\/www.europesays.com\/es\/wp-json\/wp\/v2\/posts\/171922\/revisions"}],"wp:featuredmedia":[{"embeddable":true,"href":"https:\/\/www.europesays.com\/es\/wp-json\/wp\/v2\/media\/171923"}],"wp:attachment":[{"href":"https:\/\/www.europesays.com\/es\/wp-json\/wp\/v2\/media?parent=171922"}],"wp:term":[{"taxonomy":"category","embeddable":true,"href":"https:\/\/www.europesays.com\/es\/wp-json\/wp\/v2\/categories?post=171922"},{"taxonomy":"post_tag","embeddable":true,"href":"https:\/\/www.europesays.com\/es\/wp-json\/wp\/v2\/tags?post=171922"}],"curies":[{"name":"wp","href":"https:\/\/api.w.org\/{rel}","templated":true}]}}