{"id":171924,"date":"2025-10-12T14:48:14","date_gmt":"2025-10-12T14:48:14","guid":{"rendered":"https:\/\/www.europesays.com\/es\/171924\/"},"modified":"2025-10-12T14:48:14","modified_gmt":"2025-10-12T14:48:14","slug":"los-reyes-la-princesa-leonor-y-la-infanta-sofia-presiden-el-desfile-de-la-fiesta-nacional","status":"publish","type":"post","link":"https:\/\/www.europesays.com\/es\/171924\/","title":{"rendered":"Los Reyes, la princesa Leonor y la infanta Sof\u00eda presiden el desfile de la Fiesta Nacional"},"content":{"rendered":"<p data-journey-content=\"true\" data-node-id=\"3\" class=\"css-6wxqfj emevuu60\">Los <a href=\"https:\/\/www.diezminutos.es\/rey-don-felipe-fotos\/\" target=\"_blank\" data-vars-ga-outbound-link=\"https:\/\/www.diezminutos.es\/rey-don-felipe-fotos\/\" data-vars-ga-ux-element=\"Hyperlink\" data-vars-ga-call-to-action=\"reyes Felipe VI\" data-node-id=\"3.1\" class=\"body-link css-177bzfx emevuu60\" rel=\"nofollow noopener\">reyes Felipe VI<\/a> y Letizia, acompa\u00f1ados por la <a href=\"https:\/\/www.diezminutos.es\/leonor-de-borbon\/\" target=\"_blank\" data-vars-ga-outbound-link=\"https:\/\/www.diezminutos.es\/leonor-de-borbon\/\" data-vars-ga-ux-element=\"Hyperlink\" data-vars-ga-call-to-action=\"Princesa Leonor\" data-node-id=\"3.3\" class=\"body-link css-177bzfx emevuu60\" rel=\"nofollow noopener\">Princesa Leonor<\/a> y la Infanta Sof\u00eda, han presido este domingo el acto central de los actos para conmemorar el D\u00eda de la Fiesta Nacional. <a href=\"https:\/\/www.diezminutos.es\/familia-real\/monarquia-espanola\/a34343270\/reyes-hijas-fiesta-nacional-coronavirus\/\" target=\"_blank\" data-vars-ga-outbound-link=\"https:\/\/www.diezminutos.es\/familia-real\/monarquia-espanola\/a34343270\/reyes-hijas-fiesta-nacional-coronavirus\/\" data-vars-ga-ux-element=\"Hyperlink\" data-vars-ga-call-to-action=\"Una imagen que no ve\u00edamos desde el a\u00f1o 2020\" data-node-id=\"3.5\" class=\"body-link css-177bzfx emevuu60\" rel=\"nofollow noopener\">Una imagen que no ve\u00edamos desde el a\u00f1o 2020<\/a>. Cinco a\u00f1os despu\u00e9s volvemos a ver a los Reyes junto a sus hijas presidiendo el tradicional desfile militar que acoge cada a\u00f1o la capital este espa\u00f1ola. Durante estos \u00faltimos cinco a\u00f1os esta imagen no se hab\u00eda producido debido a  que <strong data-node-id=\"3.7\">las hijas de los Reyes se encontraban estudiando en el extranjero. <\/strong><\/p>\n<p><img draggable=\"true\" alt=\"spain national day military\" title=\"SPAIN-NATIONAL DAY-MILITARY\" loading=\"lazy\" width=\"5144\" height=\"3429\" decoding=\"async\" data-nimg=\"1\" style=\"color:transparent;width:100%;height:auto;\"   src=\"https:\/\/www.europesays.com\/es\/wp-content\/uploads\/2025\/10\/spains-king-felipe-vi-reviews-the-troops-next-to-queen-news-photo-1760260844.pjpeg\" class=\"css-0 e1g79fud0\"\/><\/p>\n<p>OSCAR DEL POZO\/\/Getty Images<\/p>\n<p data-journey-content=\"true\" data-node-id=\"8\" class=\"css-6wxqfj emevuu60\">Primero fue <a href=\"https:\/\/www.diezminutos.es\/familia-real\/monarquia-espanola\/a40809786\/princesa-leonor-fecha-vuelta-gales\/\" target=\"_blank\" data-vars-ga-outbound-link=\"https:\/\/www.diezminutos.es\/familia-real\/monarquia-espanola\/a40809786\/princesa-leonor-fecha-vuelta-gales\/\" data-vars-ga-ux-element=\"Hyperlink\" data-vars-ga-call-to-action=\"la Princesa Leonor la ausente, pues se encontraba estudiando el Bachillerato Internacional en Gales\" data-node-id=\"8.1\" class=\"body-link css-177bzfx emevuu60\" rel=\"nofollow noopener\">la Princesa Leonor la ausente, pues se encontraba estudiando el Bachillerato Internacional en Gales<\/a> y los dos \u00faltimos a\u00f1os ha sido la infanta Sof\u00eda la que ha seguido los pasos de su hermana mayor en Inglaterra, convirti\u00e9ndose en la gran ausente.  <\/p>\n<p><img draggable=\"true\" alt=\"queen letizia, king felipe and family celebrate spain's national day\" title=\"Queen Letizia, King Felipe and family celebrate Spain's National Day\" loading=\"lazy\" width=\"4000\" height=\"2667\" decoding=\"async\" data-nimg=\"1\" style=\"color:transparent;width:100%;height:auto;\"   src=\"https:\/\/www.europesays.com\/es\/wp-content\/uploads\/2025\/10\/king-felipe-vi-of-spain-queen-letizia-of-spain-crown-news-photo-1760256555.pjpeg\" class=\"css-0 e1g79fud0\"\/>NurPhoto\/\/Getty Images<\/p>\n<p>La \u00faltima vez que vimos a los Reyes con la Princesa Leonor y la Infanta Sof\u00eda en el D\u00eda de la Fiesta Nacional. <\/p>\n<p data-journey-content=\"true\" data-node-id=\"11\" class=\"css-6wxqfj emevuu60\">Pero, ahora las circunstancias han cambiado. La infanta Sof\u00eda en Lisboa se encuentra cursando <a href=\"https:\/\/www.diezminutos.es\/familia-real\/monarquia-espanola\/a66002837\/infanta-sofia-fecha-inicio-carrera-universitaria-portugal\/\" target=\"_blank\" data-vars-ga-outbound-link=\"https:\/\/www.diezminutos.es\/familia-real\/monarquia-espanola\/a66002837\/infanta-sofia-fecha-inicio-carrera-universitaria-portugal\/\" data-vars-ga-ux-element=\"Hyperlink\" data-vars-ga-call-to-action=\"su primer a\u00f1o en el Forward College en Portugal \" data-node-id=\"11.1\" class=\"body-link css-177bzfx emevuu60\" rel=\"nofollow noopener\">su primer a\u00f1o en el Forward College en Portugal <\/a>y a<strong data-node-id=\"11.3\">mbas han podido acudir a la celebraci\u00f3n del D\u00eda de la Hispanidad.<\/strong>  Estar en Lisboa le ha permitido viajar a Madrid y que, por primera vez desde 2020, <strong data-node-id=\"11.5\">los cuatro miembros de la Familia Real espa\u00f1ola compartan juntos el tradicional desfile militar en las calles de Madrid<\/strong>.  <\/p>\n<p data-journey-content=\"true\" data-node-id=\"15\" class=\"css-6wxqfj emevuu60\">La lluvia no ha empa\u00f1ado este d\u00eda tan especial. Hasta la zona m\u00e1s c\u00e9ntrica de la capital espa\u00f1ola se han trasladado centenares de ciudadanos que no se han querido perder la exhibici\u00f3n militar que transcurre por el <strong data-node-id=\"15.1\">Paseo de la Castellana y en la que participan 4.000 efectivos, junto a 150 veh\u00edculos y 84 aeronaves.<\/strong> <\/p>\n<p data-journey-content=\"true\" data-node-id=\"17\" class=\"css-6wxqfj emevuu60\">Un acto institucional y de orgullo nacional que los Reyes y otras autoridades presencian desde el palco situado en la Plaza de Lima. Sobre las once de la ma\u00f1ana, Sus Majestades han llegado a bordo del tradicional veh\u00edculo cl\u00e1sico perteneciente al Ej\u00e9rcito de Tierra que les ha trasladado hasta su destino. Y la princesa Leonor y la infanta Sof\u00eda han llegado en un coche distinto detr\u00e1s. <\/p>\n<p><img draggable=\"true\" alt=\"spanish royals attend the national day military parade\" title=\"Spanish Royals Attend The National Day Military Parade\" loading=\"lazy\" width=\"2667\" height=\"4000\" decoding=\"async\" data-nimg=\"1\" style=\"color:transparent;width:100%;height:auto;\"   src=\"https:\/\/www.europesays.com\/es\/wp-content\/uploads\/2025\/10\/princess-sofia-of-spain-queen-letizia-of-spain-and-crown-news-photo-1760260830.pjpeg\" class=\"css-0 e1g79fud0\"\/><\/p>\n<p>Carlos Alvarez\/\/Getty Images<\/p>\n<p data-journey-content=\"true\" data-node-id=\"20\" class=\"css-6wxqfj emevuu60\">El rey Felipe VI ha pasado revista a las tropas. Em esta ocasi\u00f3n, don Felipe ha llevado el uniforme de gala La Armada. La reina Letizia ha apostado por un vestido verde y la<a href=\"https:\/\/www.diezminutos.es\/sofia-de-borbon\/\" target=\"_blank\" data-vars-ga-outbound-link=\"https:\/\/www.diezminutos.es\/sofia-de-borbon\/\" data-vars-ga-ux-element=\"Hyperlink\" data-vars-ga-call-to-action=\" infanta Sof\u00eda\" data-node-id=\"20.1\" class=\"body-link css-177bzfx emevuu60\" rel=\"nofollow noopener\"> infanta Sof\u00eda<\/a> un vestido corto de lunares y una capa negra por encima. Mientras <strong data-node-id=\"20.3\">la princesa Leonor ha lucido el uniforme de gala del Ej\u00e9rcito del Aire. <\/strong>El Rey y la Princesa de Asturias nunca han coincidido con el mismo uniforme en estos tres a\u00f1os de formaci\u00f3n militar de la heredera al trono. <br data-node-id=\"20.5\"\/><\/p>\n<p><img draggable=\"true\" alt=\"spanish royals attend the national day military parade\" title=\"Spanish Royals Attend The National Day Military Parade\" loading=\"lazy\" width=\"2667\" height=\"4000\" decoding=\"async\" data-nimg=\"1\" style=\"color:transparent;width:100%;height:auto;\"   src=\"https:\/\/www.europesays.com\/es\/wp-content\/uploads\/2025\/10\/princess-sofia-of-spain-queen-letizia-of-spain-and-crown-news-photo-1760261600.pjpeg\" class=\"css-0 e1g79fud0\"\/><\/p>\n<p>Carlos Alvarez\/\/Getty Images<\/p>\n<p data-journey-content=\"true\" data-node-id=\"23\" class=\"css-6wxqfj emevuu60\">A continuaci\u00f3n, ha llegado <strong data-node-id=\"23.1\">el presidente Gobierno, Pedro S\u00e1nchez<\/strong>, al que han saludado sus Majestades. Acto seguido se han acercado a saludar a la presidenta del Congreso de los Diputados o a la ministra de Defensa, Margarita Robles, junto a otros miembros del Ejecutivo.<\/p>\n<p data-journey-content=\"true\" data-node-id=\"25\" class=\"css-6wxqfj emevuu60\">Despu\u00e9s <strong data-node-id=\"25.1\">ha tenido lugar el tradicional salto en paraca\u00eddas con la bandera de Espa\u00f1a<\/strong> , donde el Rey ha tenido un gesto de complicidad con el paracaidista. A continuaci\u00f3n, se ha llevado a cabo<strong data-node-id=\"25.3\"> el izado de la bandera y el acto de homenaje a los ca\u00eddos por Espa\u00f1a<\/strong>.<br data-node-id=\"25.5\"\/><\/p>\n<p><img draggable=\"true\" alt=\"spain national day military\" title=\"SPAIN-NATIONAL DAY-MILITARY\" loading=\"lazy\" width=\"4775\" height=\"3183\" decoding=\"async\" data-nimg=\"1\" style=\"color:transparent;width:100%;height:auto;\"   src=\"https:\/\/www.europesays.com\/es\/wp-content\/uploads\/2025\/10\/spanish-army-parachutist-flies-the-national-flag-during-the-news-photo-1760261623.pjpeg\" class=\"css-0 e1g79fud0\"\/><\/p>\n<p>OSCAR DEL POZO\/\/Getty Images<\/p>\n<p data-journey-content=\"true\" data-node-id=\"28\" class=\"css-6wxqfj emevuu60\">Tras ello, tendr\u00e1 lugar el desfile terrestre y a\u00e9reo que se espera con gran expectaci\u00f3n despu\u00e9s de haber recuperado todo su esplendor tras la pandemia donde se vio reducido tanto el aforo como el n\u00famero de veh\u00edculos a\u00e9reos y terrestres. Despu\u00e9s,<strong data-node-id=\"28.1\"> los Reyes ofrecen una recepci\u00f3n en el Palacio Real con motivo de la Fiesta Nacional.  <\/strong>Este a\u00f1o, adem\u00e1s, la infanta Sof\u00eda da un paso m\u00e1s en su vida institucional. Tras haber cumplido la mayor\u00eda de edad en abril, no solo presenciar\u00e1 el desfile militar, sino que tambi\u00e9n participar\u00e1 en la tradicional recepci\u00f3n que los Reyes ofrecen a la sociedad civil en el Palacio Real de Madrid.<\/p>\n<p><img src=\"https:\/\/www.europesays.com\/es\/wp-content\/uploads\/2025\/10\/1760280494_852_4104b2dc-9d92-4a2f-a41f-327dc6377620_1734436473.jpg\" alt=\"Headshot of Valentina Vera\" title=\"Headshot of Valentina Vera\" width=\"100%\" height=\"100%\" decoding=\"async\" loading=\"lazy\" class=\"css-o0wq4v ev8dhu53\"\/><\/p>\n<p>Valentina Vera es una periodista experta en cr\u00f3nica rosa, realidad, &#8216;reality&#8217;, moda y belleza. Siempre al d\u00eda de las \u00faltimas novedades de los famosos nacionales e internacionales y de las casas reales europeas. Su trabajo como redactora le permite ser testigo de las bodas de los personajes m\u00e1s relevantes del panorama social; de alfombras rojas; de funerales de Estado o de acontecimientos hist\u00f3ricos: como la proclamaci\u00f3n de Felipe VI como Rey o la coronaci\u00f3n de Carlos III de Inglaterra.<br \/>\nLicenciada en Periodismo por la Universidad Complutense de Madrid. Comenz\u00f3 su andadura en el mundo del coraz\u00f3n en el a\u00f1o 2013 en la revista \u00a1Hola! Y desde 2014 forma parte del grupo Hearst, donde ha ido adquiriendo experiencia tanto en la edici\u00f3n impresa como en el formato web de la revista Diez Minutos.<br \/>\nEl medio digital le apasiona por la inmediatez en la que sus lectores pueden ser testigos de lo que sucede en la vida de los famosos desde cualquier parte del mundo. Instagram, Twitter y TikTok se han convertido en una herramienta m\u00e1s de informaci\u00f3n a la hora de crear, gestionar y organizar el contenido, ya que le permiten conocer la \u00faltima hora de lo que sucede en la vida de los famosos.<br \/>\nEn constante formaci\u00f3n de estrategias y t\u00e9cnicas de optimizaci\u00f3n digital para su trabajo como redactora, en la actualidad tambi\u00e9n se encuentra estudiando Diet\u00e9tica. Llevar un estilo de vida saludable es algo que le apasiona y cree que la nutrici\u00f3n es una parte fundamental.<\/p>\n","protected":false},"excerpt":{"rendered":"Los reyes Felipe VI y Letizia, acompa\u00f1ados por la Princesa Leonor y la Infanta Sof\u00eda, han presido este&hellip;\n","protected":false},"author":2,"featured_media":171925,"comment_status":"","ping_status":"","sticky":false,"template":"","format":"standard","meta":{"footnotes":""},"categories":[174],"tags":[255,253,146,147,25,24,256,23],"class_list":{"0":"post-171924","1":"post","2":"type-post","3":"status-publish","4":"format-standard","5":"has-post-thumbnail","7":"category-famosos","8":"tag-celebrities","9":"tag-discover","10":"tag-entertainment","11":"tag-entretenimiento","12":"tag-es","13":"tag-espana","14":"tag-famosos","15":"tag-spain"},"share_on_mastodon":{"url":"","error":""},"_links":{"self":[{"href":"https:\/\/www.europesays.com\/es\/wp-json\/wp\/v2\/posts\/171924","targetHints":{"allow":["GET"]}}],"collection":[{"href":"https:\/\/www.europesays.com\/es\/wp-json\/wp\/v2\/posts"}],"about":[{"href":"https:\/\/www.europesays.com\/es\/wp-json\/wp\/v2\/types\/post"}],"author":[{"embeddable":true,"href":"https:\/\/www.europesays.com\/es\/wp-json\/wp\/v2\/users\/2"}],"replies":[{"embeddable":true,"href":"https:\/\/www.europesays.com\/es\/wp-json\/wp\/v2\/comments?post=171924"}],"version-history":[{"count":0,"href":"https:\/\/www.europesays.com\/es\/wp-json\/wp\/v2\/posts\/171924\/revisions"}],"wp:featuredmedia":[{"embeddable":true,"href":"https:\/\/www.europesays.com\/es\/wp-json\/wp\/v2\/media\/171925"}],"wp:attachment":[{"href":"https:\/\/www.europesays.com\/es\/wp-json\/wp\/v2\/media?parent=171924"}],"wp:term":[{"taxonomy":"category","embeddable":true,"href":"https:\/\/www.europesays.com\/es\/wp-json\/wp\/v2\/categories?post=171924"},{"taxonomy":"post_tag","embeddable":true,"href":"https:\/\/www.europesays.com\/es\/wp-json\/wp\/v2\/tags?post=171924"}],"curies":[{"name":"wp","href":"https:\/\/api.w.org\/{rel}","templated":true}]}}