{"id":171947,"date":"2025-10-12T15:04:09","date_gmt":"2025-10-12T15:04:09","guid":{"rendered":"https:\/\/www.europesays.com\/es\/171947\/"},"modified":"2025-10-12T15:04:09","modified_gmt":"2025-10-12T15:04:09","slug":"un-rahi-sepisur-adesal-a-rachas-cae-contra-un-rival-directo-por-el-ascenso","status":"publish","type":"post","link":"https:\/\/www.europesays.com\/es\/171947\/","title":{"rendered":"Un Rahi Sepisur Adesal a rachas cae contra un rival directo por el ascenso"},"content":{"rendered":"<p class=\"ft-text\">El Rahi Sepisur <a class=\"ft-link ft-link--decoration\" href=\"https:\/\/www.diariocordoba.com\/tags\/adesal\/\" rel=\"nofollow noopener\" target=\"_blank\">Adesal <\/a>C\u00f3rdoba encaj\u00f3 una apretada por 28-30 ante el Ikasa Madrid, uno de sus rivales directos en la lucha por el ascenso a la m\u00e1xima categor\u00eda del<a class=\"ft-link ft-link--decoration\" href=\"https:\/\/www.diariocordoba.com\/tags\/balonmano\/\" rel=\"nofollow noopener\" target=\"_blank\"> balonmano <\/a>femenino.<\/p>\n<p class=\"ft-text\">Las jugadoras que entrena <a class=\"ft-link ft-link--decoration\" href=\"https:\/\/www.diariocordoba.com\/tags\/rafa-moreno\/\" rel=\"nofollow noopener\" target=\"_blank\">Rafa Moreno<\/a> fueron durante todo el partido a remolque de su rival, pues ya en el minuto 11 perd\u00edan por 5-7. Un parcial de 3-0 \u2013con dos goles de Carla Montero- les proporcion\u00f3 la primera ventaja (12-11). Una crisis de juego en la recta final de la primera parte le llev\u00f3 a irse al descanso a tres goles del rival (14-17).<\/p>\n<p class=\"ft-text\">Las locales empezaron la segunda parte encajando un parcial de 0-4 (14-21, minuto 35). Ese mal inicio acabar\u00eda conden\u00e1ndolo a la derrota. El Adesal reaccion\u00f3 con un parcial de 10-2 (24-23, minuto 46), culminado con el primer gol de Andrea Roda tras salir de su lesi\u00f3n.<\/p>\n<p>Un trepidante final<\/p>\n<p class=\"ft-text\">El encuentro se mantuvo ya igualado hasta el tramo decisivo. Con las cordobesas ganando por 28-27 en el minuto 57, un parcial de 0-3 le dej\u00f3 sin puntos a la conclusi\u00f3n del partido (28-30).<\/p>\n<p class=\"ft-text\">La derrota provoc\u00f3 que las cordobesas acabaran la jornada con 4 puntos, a dos de la zona de ascenso a la Liga Guerreras Iberdrola, que ahora ocupan el Atac Oviedo y el Pereda, ambos con 6 puntos. Seis puntos suma ya tambi\u00e9n el Ikasa Madrid.<\/p>\n","protected":false},"excerpt":{"rendered":"El Rahi Sepisur Adesal C\u00f3rdoba encaj\u00f3 una apretada por 28-30 ante el Ikasa Madrid, uno de sus rivales&hellip;\n","protected":false},"author":2,"featured_media":171948,"comment_status":"","ping_status":"","sticky":false,"template":"","format":"standard","meta":{"footnotes":""},"categories":[278],"tags":[1128,376,10722,168,25,24,375,49764,6562,6563,23,167],"class_list":{"0":"post-171947","1":"post","2":"type-post","3":"status-publish","4":"format-standard","5":"has-post-thumbnail","7":"category-balonmano","8":"tag-adesal","9":"tag-balonmano","10":"tag-cae","11":"tag-deportes","12":"tag-es","13":"tag-espana","14":"tag-handball","15":"tag-rachas","16":"tag-rahi","17":"tag-sepisur","18":"tag-spain","19":"tag-sports"},"share_on_mastodon":{"url":"","error":""},"_links":{"self":[{"href":"https:\/\/www.europesays.com\/es\/wp-json\/wp\/v2\/posts\/171947","targetHints":{"allow":["GET"]}}],"collection":[{"href":"https:\/\/www.europesays.com\/es\/wp-json\/wp\/v2\/posts"}],"about":[{"href":"https:\/\/www.europesays.com\/es\/wp-json\/wp\/v2\/types\/post"}],"author":[{"embeddable":true,"href":"https:\/\/www.europesays.com\/es\/wp-json\/wp\/v2\/users\/2"}],"replies":[{"embeddable":true,"href":"https:\/\/www.europesays.com\/es\/wp-json\/wp\/v2\/comments?post=171947"}],"version-history":[{"count":0,"href":"https:\/\/www.europesays.com\/es\/wp-json\/wp\/v2\/posts\/171947\/revisions"}],"wp:featuredmedia":[{"embeddable":true,"href":"https:\/\/www.europesays.com\/es\/wp-json\/wp\/v2\/media\/171948"}],"wp:attachment":[{"href":"https:\/\/www.europesays.com\/es\/wp-json\/wp\/v2\/media?parent=171947"}],"wp:term":[{"taxonomy":"category","embeddable":true,"href":"https:\/\/www.europesays.com\/es\/wp-json\/wp\/v2\/categories?post=171947"},{"taxonomy":"post_tag","embeddable":true,"href":"https:\/\/www.europesays.com\/es\/wp-json\/wp\/v2\/tags?post=171947"}],"curies":[{"name":"wp","href":"https:\/\/api.w.org\/{rel}","templated":true}]}}