{"id":171951,"date":"2025-10-12T15:07:08","date_gmt":"2025-10-12T15:07:08","guid":{"rendered":"https:\/\/www.europesays.com\/es\/171951\/"},"modified":"2025-10-12T15:07:08","modified_gmt":"2025-10-12T15:07:08","slug":"jon-rahm-cierra-un-ano-sin-victorias-con-un-vuelton-en-el-open-de-espana-la-ryder-pasa-factura","status":"publish","type":"post","link":"https:\/\/www.europesays.com\/es\/171951\/","title":{"rendered":"Jon Rahm cierra un a\u00f1o sin victorias con un vuelt\u00f3n en el Open de Espa\u00f1a: \u00abLa Ryder pasa factura\u00bb"},"content":{"rendered":"<p data-mrf-recirculation=\"Links P\u00e1rrafos\" class=\"ue-c-article__paragraph paragraph ue-c-article--first-letter-highlighted\">Jon Rahm ha echado el cierre a su temporada tras disputar este domingo la \u00faltima ronda del <strong>Open de Espa\u00f1a presented by Madrid<\/strong>. \u2018Rahmbo\u2019 clausur\u00f3 su participaci\u00f3n con una vuelta de <strong>65 golpes (274 total, -10)<\/strong> que lo empuja en la clasificaci\u00f3n hasta los puestos de cabeza, aunque cuando ya no ten\u00eda opciones de victoria. <strong>Ha ido de menos a m\u00e1s en el torneo<\/strong>, pero su 72 del primer obligaban a tres rondas posteriores impecables. Su juego general ha sido bueno, pero no lo suficientemente certero como para despegar en la clasificaci\u00f3n.<\/p>\n<p>Jon Rahm analiza el final del Open de Espa\u00f1a y su temporada<\/p>\n<p data-mrf-recirculation=\"Links P\u00e1rrafos\" class=\"ue-c-article__paragraph paragraph\">El \u2018Le\u00f3n de Barrika\u2019 pone una calificaci\u00f3n de 7 a su temporada, aunque podr\u00eda haber sido \u201cun 7,5\u201d si ganaba en el Club de Campo. <strong>El \u00fanico \u2018pero\u2019 de su temporada es que no ha ganado ning\u00fan torneo.<\/strong> Desde que se hizo profesional en el verano de 2016, todos los a\u00f1os en los que disput\u00f3 la temporada completa hab\u00eda ganado alg\u00fan torneo individual. La excepci\u00f3n es este 2025, aunque la regularidad del vizca\u00edno sigue ah\u00ed. <strong>Lleva dos temporadas como miembro del LIV Golf y siempre, salvo en un evento, acab\u00f3 en el \u2018top 10\u2019<\/strong>. <strong>Este curso gan\u00f3 su segundo anillo de campe\u00f3n<\/strong> gracias a sus cuatro segundos puestos y a estar bastante arriba en casi cada cita. Rahm, adem\u00e1s, es de los que se toma muy en serio el hecho de ser capit\u00e1n de un equipo (Legi\u00f3n XIII) y <strong>logr\u00f3 junto a Tyrrell Hatton, Tom McKibbin y Caleb Surrat el t\u00edtulo por equipos.<\/strong><\/p>\n<p data-mrf-recirculation=\"Links P\u00e1rrafos\" class=\"ue-c-article__paragraph paragraph\">Rahm no sale para nada descontento de esta temporada, sino todo lo contrario. Destaca el hecho de haberse visto mucho mejor colocado en los Majors y de haber <strong>peleado por el PGA Championship<\/strong>. En ese torneo nos hizo so\u00f1ar ya que estuvo cerca del triunfo, pero el riesgo en busca de la victoria lo llev\u00f3 a finalizar con un bogey y dos doble bogeys en tres hoyos que incluso lo relegaron al octavo puesto. <strong>En el Masters hab\u00eda hecho 14\u00ba , en el US Open acab\u00f3 s\u00e9ptimo y 34\u00ba en el British Open.<\/strong> Estos resultados han animado al de Barrika tras una campa\u00f1a 2024 en la que aclimatarse al cambio de circuito no fue sencillo.<\/p>\n<p data-mrf-recirculation=\"Links P\u00e1rrafos\" class=\"ue-c-article__paragraph paragraph\">En cualquier caso, s\u00ed que puede presumir de <strong>un gran triunfo en 2025, el de la Ryder Cup<\/strong> junto al equipo europeo. Firm\u00f3 tres puntos de cinco posibles y se consolid\u00f3 junto a Tyrrell Hatton como una pareja de foursomes perfecta (4-0 despu\u00e9s de dos Ryder). Cedi\u00f3 al final junto a Straka en los fourballs del viernes y luego a t\u00edtulo individual contra Schauffele el domingo, pero <strong>su contribuci\u00f3n para que Europa ganara la copa en Estados Unidos por primera vez desde el \u2018Milagro de Medinah\u2019 fue important\u00edsima.<\/strong><\/p>\n<p>Vacaciones<\/p>\n<p data-mrf-recirculation=\"Links P\u00e1rrafos\" class=\"ue-c-article__paragraph paragraph\"><strong>\u00abLa Ryder Cup fue muy dura y la semana pasada fue m\u00e1s bien de recuperaci\u00f3n. <\/strong>He jugado suficientemente bien este torneo para tener opciones de ganar, pero he cometido demasiados errores\u00bb, analizaba Jon tras finalizar. En principio, aunque no descarta competir antes, no regresar\u00eda hasta que comience la temporada del LIV en febrero de 2026:\u00a0<strong>\u00abNunca he tenido tres meses de vacaciones, pero tengo ganas.<\/strong> Otros deportistas lo tienen y veremos. Tengo la suerte de poder volver a casa ahora, tener una pretemporada, ser padre, estar con la familia. Y bueno, si veo que es demasiado, pues igual no lo hago el a\u00f1o que viene, pero tengo ganas\u00bb, coment\u00f3. <strong>\u00bfEste a\u00f1o? \u00abLo m\u00e1s emotivo, lo m\u00e1s especial ha sido la Ryder.<\/strong> La \u00fanica semana que tiene opciones de igualar esa Ryder a nivel emotivo, ser\u00e1 la Ryder de Espa\u00f1a en 2031. Ser\u00eda especial, pero lo duro que fue la Ryder de Nueva York y acabar ganando, veo dif\u00edcil que otra semana la iguale\u00bb.<\/p>\n<p>Acaba firmando 65 golpes<\/p>\n<p data-mrf-recirculation=\"Links P\u00e1rrafos\" class=\"ue-c-article__paragraph paragraph\">El domingo, ya sin presi\u00f3n, la ronda arranc\u00f3 con dos birdies. Jug\u00f3 ordenado de tee a green, aunque no pudo aprovechar el hoyo 4 (par 5) pues tir\u00f3 en su segundo golpe a bunker y tras sacarla no se dej\u00f3 un opci\u00f3n clara de birdie. En el 5 se fue a la izquierda de salida y en su camino al green un \u00e1rbol lo oblig\u00f3 a arriesgar y su bola termin\u00f3 en un bunker. La sac\u00f3 de la trampa, pero <strong>a\u00fan ten\u00eda un putt de ocho metros para firmar el par, que el vasco embocar\u00eda y por lo que recibir\u00eda una ovaci\u00f3n atronadora.<\/strong><\/p>\n<p data-mrf-recirculation=\"Links P\u00e1rrafos\" class=\"ue-c-article__paragraph paragraph\">Con una enorme cantidad de p\u00fablico en cada hoyo, Rahm comparti\u00f3 protagonismo con Luis Masaveu, un joven talento que cada vez ha disputado el Open de Espa\u00f1a ha brillado. El madrile\u00f1o estaba en casa y tambi\u00e9n fue seguido por muchos aficionados. <strong>El tercer birdie para Jon lleg\u00f3 en el hoyo 7 (par 5)<\/strong> en otra demostraci\u00f3n de juego largo y corto; de hecho, casi emboca un approach desde el semirough para hacer eagle. En el 10 puso el cuatro bajo par en su casillero tras pegar un hierro directo a bandera como segundo golpe. Cay\u00f3 un bogey en el 11 tras pasarse en el golpe a green y enredarse llevando la bola hasta el mismo. <strong>Lo recuper\u00f3 en el 14<\/strong> tras un buen hoyo 13 en el que casi la mete desde el semirough del antegreen.\u00a0<\/p>\n","protected":false},"excerpt":{"rendered":"Jon Rahm ha echado el cierre a su temporada tras disputar este domingo la \u00faltima ronda del Open&hellip;\n","protected":false},"author":2,"featured_media":171952,"comment_status":"","ping_status":"","sticky":false,"template":"","format":"standard","meta":{"footnotes":""},"categories":[275],"tags":[168,25,24,329,23,167],"class_list":{"0":"post-171951","1":"post","2":"type-post","3":"status-publish","4":"format-standard","5":"has-post-thumbnail","7":"category-golf","8":"tag-deportes","9":"tag-es","10":"tag-espana","11":"tag-golf","12":"tag-spain","13":"tag-sports"},"share_on_mastodon":{"url":"","error":""},"_links":{"self":[{"href":"https:\/\/www.europesays.com\/es\/wp-json\/wp\/v2\/posts\/171951","targetHints":{"allow":["GET"]}}],"collection":[{"href":"https:\/\/www.europesays.com\/es\/wp-json\/wp\/v2\/posts"}],"about":[{"href":"https:\/\/www.europesays.com\/es\/wp-json\/wp\/v2\/types\/post"}],"author":[{"embeddable":true,"href":"https:\/\/www.europesays.com\/es\/wp-json\/wp\/v2\/users\/2"}],"replies":[{"embeddable":true,"href":"https:\/\/www.europesays.com\/es\/wp-json\/wp\/v2\/comments?post=171951"}],"version-history":[{"count":0,"href":"https:\/\/www.europesays.com\/es\/wp-json\/wp\/v2\/posts\/171951\/revisions"}],"wp:featuredmedia":[{"embeddable":true,"href":"https:\/\/www.europesays.com\/es\/wp-json\/wp\/v2\/media\/171952"}],"wp:attachment":[{"href":"https:\/\/www.europesays.com\/es\/wp-json\/wp\/v2\/media?parent=171951"}],"wp:term":[{"taxonomy":"category","embeddable":true,"href":"https:\/\/www.europesays.com\/es\/wp-json\/wp\/v2\/categories?post=171951"},{"taxonomy":"post_tag","embeddable":true,"href":"https:\/\/www.europesays.com\/es\/wp-json\/wp\/v2\/tags?post=171951"}],"curies":[{"name":"wp","href":"https:\/\/api.w.org\/{rel}","templated":true}]}}