{"id":171967,"date":"2025-10-12T15:15:12","date_gmt":"2025-10-12T15:15:12","guid":{"rendered":"https:\/\/www.europesays.com\/es\/171967\/"},"modified":"2025-10-12T15:15:12","modified_gmt":"2025-10-12T15:15:12","slug":"10-libros-sobre-la-tragedia-de-los-andes","status":"publish","type":"post","link":"https:\/\/www.europesays.com\/es\/171967\/","title":{"rendered":"10 libros sobre la tragedia de los Andes"},"content":{"rendered":"<p><img alt=\"Escena de la adaptaci\u00f3n del\" class=\"global-image\" decoding=\"async\" fetchpriority=\"high\" height=\"1080\" loading=\"eager\" src=\"https:\/\/www.europesays.com\/es\/wp-content\/uploads\/2025\/10\/HOSQTIZWKND2XFQAACV4SPDWII.jpg\" width=\"1920\"\/>Escena de la adaptaci\u00f3n del libro \u00abLa sociedad de la nieve\u00bb (Netflix)<\/p>\n<p class=\"paragraph\">La <a href=\"https:\/\/www.infobae.com\/tag\/tragedia-de-los-andes\/\" target=\"_blank\" rel=\"noreferrer nofollow noopener\" title=\"https:\/\/www.infobae.com\/tag\/tragedia-de-los-andes\/\"><b>tragedia de los Andes<\/b><\/a> en 1972, en la que un avi\u00f3n con 45 ocupantes se estrell\u00f3 en la alta monta\u00f1a y solo 16 lograron sobrevivir tras 72 d\u00edas, sigue generando un caudal de testimonios y obras literarias que exploran tanto el sufrimiento como la resiliencia de sus protagonistas. <\/p>\n<p class=\"paragraph\">A m\u00e1s de medio siglo del accidente, la experiencia de los rugbiers uruguayos y sus familias contin\u00faa inspirando a lectores de todo el mundo, quienes encuentran en los relatos de los sobrevivientes y sus allegados una fuente inagotable de reflexi\u00f3n sobre la vida, la muerte y la esperanza.<\/p>\n<p class=\"paragraph\">Entre las obras m\u00e1s reconocidas figura <b>La sociedad de la nieve<\/b>, escrita por <b>Pablo Vierci<\/b>, que se convirti\u00f3 en un bestesller tras servir como base para la pel\u00edcula dirigida por <b>Mariano Bayona<\/b>, en la que ofrece una mirada coral sobre la odisea vivida en la cordillera, recogiendo las voces de quienes resistieron en condiciones extremas y de quienes los esperaban en casa.<\/p>\n<p class=\"paragraph\">Otra obra fundamental es <b>Viven: el triunfo del esp\u00edritu humano<\/b>, que fue escrita poco despu\u00e9s del accidente y recoge las vivencias de los supervivientes y sus familias cuando los recuerdos a\u00fan estaban a flor de piel. <\/p>\n<p><img alt=\"Solo 16 de los 53\" class=\"global-image\" decoding=\"async\" fetchpriority=\"low\" height=\"1080\" loading=\"lazy\" src=\"https:\/\/www.europesays.com\/es\/wp-content\/uploads\/2025\/10\/FG7VGLV2BBHIJPW6PLT2ICB4XI.jpg\" width=\"1920\"\/>Solo 16 de los 53 ocupantes lograron sobrevivir tras 72 d\u00edas (Gentileza Museo Andes 1972)<\/p>\n<p class=\"paragraph\">El impacto de la tragedia no solo se refleja en los testimonios de los sobrevivientes, sino tambi\u00e9n en los relatos de quienes perdieron a sus seres queridos. <b>Del otro lado de la monta\u00f1a<\/b>, narrado por <b>Claudia P\u00e9rez del Castillo<\/b>, hermana de <b>Marcelo P\u00e9rez del Castillo<\/b> \u2014capit\u00e1n y principal promotor del viaje\u2014, explora tanto la vida de los j\u00f3venes fallecidos como el proceso de duelo y superaci\u00f3n de sus familias.<\/p>\n<p class=\"paragraph\">La perspectiva de los padres tambi\u00e9n ha quedado plasmada en la literatura. <b>Carlos P\u00e1ez<\/b>, quien se neg\u00f3 a aceptar la desaparici\u00f3n de su hijo y organiz\u00f3 b\u00fasquedas en la monta\u00f1a, relat\u00f3 dos d\u00e9cadas despu\u00e9s su experiencia de angustia y reencuentro en <b>Entre mi hijo y yo, la luna<\/b>.<\/p>\n<p class=\"paragraph\">Los propios sobrevivientes han aportado relatos directos de la experiencia. <b>Jos\u00e9 Luis \u201cCoche\u201d Inciarte<\/b>, fallecido en julio pasado, dej\u00f3 sus memorias en <b>Diario de un superviviente: Memorias de los Andes<\/b>.<\/p>\n<p><img alt=\"La noticia en un peri\u00f3dico\" class=\"global-image\" decoding=\"async\" fetchpriority=\"low\" height=\"1080\" loading=\"lazy\" src=\"https:\/\/www.europesays.com\/es\/wp-content\/uploads\/2025\/10\/CEXH3USEMDRBURQ5DE56XZQMF4.jpg\" width=\"1920\"\/>La noticia en un peri\u00f3dico de \u00e9poca <\/p>\n<p class=\"paragraph\"><b>Ten\u00eda que sobrevivir<\/b> es \u201cun iluminador relato de esperanza y determinaci\u00f3n, solidaridad e ingenio, que aporta una nueva perspectiva a una historia mundialmente conocida\u201d, seg\u00fan su sinopsis. <\/p>\n<p class=\"paragraph\">El testimonio de <b>Nando Parrado<\/b> se recoge en <b>Milagro en los Andes<\/b>, donde narra su rescate tras una larga agon\u00eda y presenta su historia como un ejemplo de superaci\u00f3n personal frente a la adversidad. <\/p>\n<p class=\"paragraph\"><b>Pedro Algorta<\/b>, otro de los sobrevivientes, volc\u00f3 sus emociones y recuerdos en <b>Las monta\u00f1as siguen all\u00ed<\/b>, un relato que ha sido calificado como \u201capasionante y esperanzador\u201d.<\/p>\n<p><img alt=\"\" class=\"global-image\" decoding=\"async\" fetchpriority=\"low\" height=\"1080\" loading=\"lazy\" src=\"https:\/\/www.europesays.com\/es\/wp-content\/uploads\/2025\/10\/PLMEAG3K2ZDZNEDZOQW4OYH3OQ.jpg\" width=\"1920\"\/><\/p>\n<p class=\"paragraph\">Por su parte, <b>Carlitos P\u00e1ez<\/b> reflexiona en <b>Desde la cordillera del alma<\/b> sobre el impacto que tuvo el accidente en su vida, afirmando: \u201cEn la Cordillera yo di lo que pod\u00eda dar. Lo que vino despu\u00e9s es otra historia&#8230; El accidente en los Andes, y s\u00e9 que muchos no entender\u00e1n esto, me permiti\u00f3 ser yo mismo, ser valorado y responder a esa valoraci\u00f3n de cada d\u00eda\u201d.<\/p>\n<p class=\"paragraph\">Finalmente, <b>Eduardo Strauch<\/b> ofrece en <b>Desde el silencio: Cuarenta a\u00f1os despu\u00e9s<\/b> una introspecci\u00f3n sobre c\u00f3mo la experiencia en la cordillera lo transform\u00f3, describiendo su proceso como \u201cun largo viaje al interior de s\u00ed mismo desde el silencio de la m\u00edtica cordillera andina\u201d.<\/p>\n","protected":false},"excerpt":{"rendered":"Escena de la adaptaci\u00f3n del libro \u00abLa sociedad de la nieve\u00bb (Netflix) La tragedia de los Andes en&hellip;\n","protected":false},"author":2,"featured_media":171968,"comment_status":"","ping_status":"","sticky":false,"template":"","format":"standard","meta":{"footnotes":""},"categories":[172],"tags":[224,146,147,25,24,225,23],"class_list":{"0":"post-171967","1":"post","2":"type-post","3":"status-publish","4":"format-standard","5":"has-post-thumbnail","7":"category-libros","8":"tag-books","9":"tag-entertainment","10":"tag-entretenimiento","11":"tag-es","12":"tag-espana","13":"tag-libros","14":"tag-spain"},"share_on_mastodon":{"url":"","error":""},"_links":{"self":[{"href":"https:\/\/www.europesays.com\/es\/wp-json\/wp\/v2\/posts\/171967","targetHints":{"allow":["GET"]}}],"collection":[{"href":"https:\/\/www.europesays.com\/es\/wp-json\/wp\/v2\/posts"}],"about":[{"href":"https:\/\/www.europesays.com\/es\/wp-json\/wp\/v2\/types\/post"}],"author":[{"embeddable":true,"href":"https:\/\/www.europesays.com\/es\/wp-json\/wp\/v2\/users\/2"}],"replies":[{"embeddable":true,"href":"https:\/\/www.europesays.com\/es\/wp-json\/wp\/v2\/comments?post=171967"}],"version-history":[{"count":0,"href":"https:\/\/www.europesays.com\/es\/wp-json\/wp\/v2\/posts\/171967\/revisions"}],"wp:featuredmedia":[{"embeddable":true,"href":"https:\/\/www.europesays.com\/es\/wp-json\/wp\/v2\/media\/171968"}],"wp:attachment":[{"href":"https:\/\/www.europesays.com\/es\/wp-json\/wp\/v2\/media?parent=171967"}],"wp:term":[{"taxonomy":"category","embeddable":true,"href":"https:\/\/www.europesays.com\/es\/wp-json\/wp\/v2\/categories?post=171967"},{"taxonomy":"post_tag","embeddable":true,"href":"https:\/\/www.europesays.com\/es\/wp-json\/wp\/v2\/tags?post=171967"}],"curies":[{"name":"wp","href":"https:\/\/api.w.org\/{rel}","templated":true}]}}