{"id":171975,"date":"2025-10-12T15:19:09","date_gmt":"2025-10-12T15:19:09","guid":{"rendered":"https:\/\/www.europesays.com\/es\/171975\/"},"modified":"2025-10-12T15:19:09","modified_gmt":"2025-10-12T15:19:09","slug":"el-open-de-espana-deja-en-blanco-a-jon-rahm-por-primera-vez-en-toda-su-carrera","status":"publish","type":"post","link":"https:\/\/www.europesays.com\/es\/171975\/","title":{"rendered":"El Open de Espa\u00f1a deja en blanco a Jon Rahm por primera vez en toda su carrera"},"content":{"rendered":"\n<p> Nadie fue <strong>m\u00e1s duro con Jon Rahm que el propio Jon Rahm<\/strong>. Una frase fue suficiente para describir <strong>el decepcionante rendimiento <\/strong>del golfista de Barrika en el Open de Espa\u00f1a<a href=\"https:\/\/www.elconfidencial.com\/deportes\/golf\/2025-10-11\/jon-rahm-penge-ayora-golf-open-de-madrid_4226626\/pass_c3f792ef3f23a6dc0576a5f639205a57\/?_overwrite=true&amp;m=1760200295093\" target=\"_blank\" rel=\"nofollow noopener\"> celebrado en Madrid<\/a>. \u00abHe <strong>cometido errores est\u00fapidos\u00bb<\/strong>, dijo el vasco al finalizar la tercera ronda, sabedor de que se hab\u00eda quedado sin opciones de ganar el torneo delante de una afici\u00f3n que le brind\u00f3 un cari\u00f1o enorme en el Club de Campo Villa de Madrid. <\/p>\n<p> El golfista espa\u00f1ol aterriz\u00f3 en la cuarta ronda sin posibilidades de triunfo, por lo que <strong>no pudo levantar su cuarto t\u00edtulo nacional.<\/strong> El desempate con el m\u00edtico <a href=\"https:\/\/www.elconfidencial.com\/deportes\/golf\/2025-10-11\/jon-rahm-open-espana-severiano-ballesteros-viento-remontada_4225832\/pass_b8a343b203945c5a62d93688ec28c2eb\/?_overwrite=true&amp;m=1760115997318\" target=\"_blank\" rel=\"nofollow noopener\">Severiano Ballesteros <\/a>deber\u00e1 esperar, porque Rahm <strong>nunca alcanz\u00f3 la regularidad y excelencia suficiente<\/strong> para estar entre los candidatos al torneo. Con un -10 final, Rahm se despidi\u00f3 con siete birdies y un bogey tras realizar, ya sin opciones de triunfo, su <strong>mejor vuelta<\/strong> en el Open de Espa\u00f1a 2025 con 65 golpes. <\/p>\n<p> Eso s\u00ed, el Le\u00f3n de Barrika acab\u00f3 como <a href=\"https:\/\/www.elconfidencial.com\/tags\/personajes\/jon-rahm-14023\/\" target=\"_blank\" rel=\"nofollow noopener\">el mejor espa\u00f1ol <\/a>y en puestos de TOP10. <strong>\u00abAhora quiero comer algo. Ganar, malamente; a ver si puedo acabar el Open de Espa\u00f1a cerca del top 10 <\/strong>y completar una vuelta sin errores est\u00fapidos, que es lo que he hecho toda la semana. Ya sean putts cortos, ya sean golpes equivocados. <strong>No s\u00e9 si es mal proceso. <\/strong>Pero quiero jugar 18 hoyos s\u00f3lidos\u00bb, hab\u00eda avisado tras el s\u00e1bado. <\/p>\n<blockquote class=\"twitter-tweet\">\n<p lang=\"es\" dir=\"ltr\">\ud83e\udd81 Aunque no salgan las cosas, \ud835\ude45\ud835\ude64\ud835\ude63 \ud835\ude4d\ud835\ude56\ud835\ude5d\ud835\ude62 siempre pelea hasta el final. <a href=\"https:\/\/twitter.com\/hashtag\/Aqu%C3%ADGritamosGolf?src=hash&amp;ref_src=twsrc%5Etfw\" rel=\"nofollow noopener\" target=\"_blank\">#Aqu\u00edGritamosGolf<\/a> <a href=\"https:\/\/twitter.com\/hashtag\/OpenEspana?src=hash&amp;ref_src=twsrc%5Etfw\" rel=\"nofollow noopener\" target=\"_blank\">#OpenEspana<\/a> <a href=\"https:\/\/t.co\/iaaTScp3l4\" rel=\"nofollow\">pic.twitter.com\/iaaTScp3l4<\/a><\/p>\n<p>\u2014 Golf en Movistar Plus+ (@MovistarGolf) <a href=\"https:\/\/twitter.com\/MovistarGolf\/status\/1977362762108924189?ref_src=twsrc%5Etfw\" rel=\"nofollow noopener\" target=\"_blank\">October 12, 2025<\/a><\/p><\/blockquote>\n<p>            Rahm se gan\u00f3 la ovaci\u00f3n           <\/p>\n<p> El golfista espa\u00f1ol, que <strong>este a\u00f1o no ha podido ganar un torneo desde que es profesional<\/strong>, demostr\u00f3 su mejor nivel durante el \u00faltimo d\u00eda. El de Barrika abri\u00f3 fuego con dos birdies para restar dos golpeos en su tarjeta y contentar al p\u00fablico, que este a\u00f1o <a href=\"https:\/\/www.elconfidencial.com\/deportes\/golf\/2025-10-08\/carlos-alcaraz-jon-rahm-golf-secreto-mentalidad-concentracion_4224299\/\" target=\"_blank\" rel=\"nofollow noopener\">acudi\u00f3 en masa <\/a>para seguir <strong>al mejor golfista espa\u00f1ol del momento.<\/strong> Despu\u00e9s llegar\u00eda su tercer birdie del d\u00eda <strong>a pesar de sufrir con los putts largos <\/strong>en los siguientes hoyos (7 par 5) y baj\u00f3 la persiana de la primera mitad de vuelta <strong>con un -3.<\/strong> <\/p>\n<blockquote class=\"twitter-tweet\">\n<p lang=\"en\" dir=\"ltr\">Jon Rahm finishes with a round of 65 \ud83d\udc4f\ud83c\uddea\ud83c\uddf8<a href=\"https:\/\/twitter.com\/hashtag\/OpenEspana?src=hash&amp;ref_src=twsrc%5Etfw\" rel=\"nofollow noopener\" target=\"_blank\">#OpenEspana<\/a> <a href=\"https:\/\/t.co\/cAl4cLQ6Tv\" rel=\"nofollow\">pic.twitter.com\/cAl4cLQ6Tv<\/a><\/p>\n<p>\u2014 DP World Tour (@DPWorldTour) <a href=\"https:\/\/twitter.com\/DPWorldTour\/status\/1977362567287673242?ref_src=twsrc%5Etfw\" rel=\"nofollow noopener\" target=\"_blank\">October 12, 2025<\/a><\/p><\/blockquote>\n<p> <strong>Un golpeo maravilloso<\/strong> en su segundo intent\u00f3 en el par cuatro del 10 anot\u00f3 otro birdie. El momento m\u00e1s complicado lleg\u00f3 en el hoyo 11, directamente al b\u00fanker y corto en la salida, pero <a href=\"https:\/\/www.elconfidencial.com\/deportes\/golf\/2024-10-19\/jon-rahm-golf-entrenamiento-cinco-minutos_3986615\/\" target=\"_blank\" rel=\"nofollow noopener\">lo recuper\u00f3 m\u00e1s adelante<\/a> en el 14, con otros birdies en el 16 y en el 18. <\/p>\n<p>            El desgaste de la Ryder Cup           <\/p>\n<p> Al finalizar el torneo, Rahm se sinceraba:<strong> \u00abUna pena no poder tener opciones de ganar. <\/strong>Ya no de ganar, sino de estar ah\u00ed arriba, en los \u00faltimos grupos, con el p\u00fablico apoy\u00e1ndome. Pero bueno, <strong>por lo menos hoy (por este domingo), una buena vuelta<\/strong>, un buen d\u00eda final\u00bb, asegur\u00f3. El p\u00fablico se lo reconoci\u00f3 con una sonora ovaci\u00f3n. <\/p>\n<p> Rahm, que <strong>se proclam\u00f3 campe\u00f3n en la general individual <\/strong><a href=\"https:\/\/www.elconfidencial.com\/deportes\/golf\/2024-09-24\/pga-tour-liv-negocio-milmillonario_3968436\/\" target=\"_blank\" rel=\"nofollow noopener\">del LIV Golf <\/a>a pesar de no ganar ni un torneo,<strong> liga que tambi\u00e9n levant\u00f3 por equipos<\/strong> junto a Tyrrell Hatton, Tom McKibbin y Caleb Surrat. Y a pesar de su a\u00f1o en blanco a t\u00edtulo individual, tambi\u00e9n jug\u00f3 un papel importante en la Ryder Cup. Ahora el vasco se ha ganado un merecido descanso. <\/p>\n<p>                   Rahm, este domingo. (AFP7)             <\/p>\n<p> \u00abEsta semana creo que he jugado suficientemente bien para tener opciones de ganar, pero <strong>he cometido demasiados errores\u00bb<\/strong>, a\u00f1adi\u00f3. Preguntado por la nota que se pone en esta temporada: \u00ab<strong>Un siete de diez. Pero he jugado muy bien,<\/strong> muy consistente. No me siento c<strong>omo que no haya conseguido nada este a\u00f1o<\/strong>. Me voy muy satisfecho. De cara a mi juego, podr\u00eda ser mejor\u00bb, remat\u00f3 el golfista vizca\u00edno al referirse a que no se adjudic\u00f3 ning\u00fan torneo individual. <\/p>\n<p> El deportista vasco, que habl\u00f3 del <strong>cansancio que supuso la Ryder Cup,<\/strong> y de c\u00f3mo va a encarar sus vacaciones, donde quiz\u00e1s no competir\u00e1<a href=\"https:\/\/www.elconfidencial.com\/deportes\/golf\/2025-08-18\/jon-rahm-liv-golf-triunfo-ganancias-victorias_4192755\/\" target=\"_blank\" rel=\"nofollow noopener\"> hasta febrero de 2026,<\/a> cuando arranque la temporada del LIV, confirm\u00f3 que la temporada que viene volver\u00e1 a disputar el Open de Espa\u00f1a. <\/p>\n<p> Nadie fue <strong>m\u00e1s duro con Jon Rahm que el propio Jon Rahm<\/strong>. Una frase fue suficiente para describir <strong>el decepcionante rendimiento <\/strong>del golfista de Barrika en el Open de Espa\u00f1a<a href=\"https:\/\/www.elconfidencial.com\/deportes\/golf\/2025-10-11\/jon-rahm-penge-ayora-golf-open-de-madrid_4226626\/pass_c3f792ef3f23a6dc0576a5f639205a57\/?_overwrite=true&amp;m=1760200295093\" target=\"_blank\" rel=\"nofollow noopener\"> celebrado en Madrid<\/a>. \u00abHe <strong>cometido errores est\u00fapidos\u00bb<\/strong>, dijo el vasco al finalizar la tercera ronda, sabedor de que se hab\u00eda quedado sin opciones de ganar el torneo delante de una afici\u00f3n que le brind\u00f3 un cari\u00f1o enorme en el Club de Campo Villa de Madrid. <\/p>\n<p>              <script async src=\"https:\/\/platform.twitter.com\/widgets.js\" charset=\"utf-8\"><\/script><\/p>\n","protected":false},"excerpt":{"rendered":"Nadie fue m\u00e1s duro con Jon Rahm que el propio Jon Rahm. Una frase fue suficiente para describir&hellip;\n","protected":false},"author":2,"featured_media":171976,"comment_status":"","ping_status":"","sticky":false,"template":"","format":"standard","meta":{"footnotes":""},"categories":[93],"tags":[168,25,24,23,167],"class_list":{"0":"post-171975","1":"post","2":"type-post","3":"status-publish","4":"format-standard","5":"has-post-thumbnail","7":"category-deportes","8":"tag-deportes","9":"tag-es","10":"tag-espana","11":"tag-spain","12":"tag-sports"},"share_on_mastodon":{"url":"","error":""},"_links":{"self":[{"href":"https:\/\/www.europesays.com\/es\/wp-json\/wp\/v2\/posts\/171975","targetHints":{"allow":["GET"]}}],"collection":[{"href":"https:\/\/www.europesays.com\/es\/wp-json\/wp\/v2\/posts"}],"about":[{"href":"https:\/\/www.europesays.com\/es\/wp-json\/wp\/v2\/types\/post"}],"author":[{"embeddable":true,"href":"https:\/\/www.europesays.com\/es\/wp-json\/wp\/v2\/users\/2"}],"replies":[{"embeddable":true,"href":"https:\/\/www.europesays.com\/es\/wp-json\/wp\/v2\/comments?post=171975"}],"version-history":[{"count":0,"href":"https:\/\/www.europesays.com\/es\/wp-json\/wp\/v2\/posts\/171975\/revisions"}],"wp:featuredmedia":[{"embeddable":true,"href":"https:\/\/www.europesays.com\/es\/wp-json\/wp\/v2\/media\/171976"}],"wp:attachment":[{"href":"https:\/\/www.europesays.com\/es\/wp-json\/wp\/v2\/media?parent=171975"}],"wp:term":[{"taxonomy":"category","embeddable":true,"href":"https:\/\/www.europesays.com\/es\/wp-json\/wp\/v2\/categories?post=171975"},{"taxonomy":"post_tag","embeddable":true,"href":"https:\/\/www.europesays.com\/es\/wp-json\/wp\/v2\/tags?post=171975"}],"curies":[{"name":"wp","href":"https:\/\/api.w.org\/{rel}","templated":true}]}}