{"id":171977,"date":"2025-10-12T15:20:07","date_gmt":"2025-10-12T15:20:07","guid":{"rendered":"https:\/\/www.europesays.com\/es\/171977\/"},"modified":"2025-10-12T15:20:07","modified_gmt":"2025-10-12T15:20:07","slug":"la-soledad-puede-acelerar-el-deterioro-tanto-como-una-mala-alimentacion-o-la-falta-de-ejercicio","status":"publish","type":"post","link":"https:\/\/www.europesays.com\/es\/171977\/","title":{"rendered":"\u00abLa soledad puede acelerar el deterioro tanto como una mala alimentaci\u00f3n o la falta de ejercicio\u00bb"},"content":{"rendered":"<p style=\"\">La vivencia de lo tedioso es patol\u00f3gica <strong>hasta el extremo de relacionarse a la enfermedad<\/strong>. El aburrimiento y la soledad no es pecada minuta. Porque pese a que suene exagerado aquello de <strong>morir de aburrimiento<\/strong>, no lo es tanto seg\u00fan la literatura cient\u00edfica.  &#8230; Y es que cuanto m\u00e1s aburrido es tu d\u00eda a d\u00eda, tu esperanza de vida es m\u00e1s corta.<\/p>\n<p class=\"voc-p\" style=\"\">Lo justifica la investigadora y doctora en Filosof\u00eda <a href=\"https:\/\/www.alianzaeditorial.es\/libro\/alianza-ensayo\/la-enfermedad-del-aburrimiento-josefa-ros-velasco-9788413628011\/\" title=\"www.alianzaeditorial.es\" data-voc-vtm-id=\"in-text-traffic\" data-mrf-link=\"www.alianzaeditorial.es\" rel=\"nofollow noopener\" target=\"_blank\">Josefa Ros en su ensayo &#8216;La enfermedad del aburrimiento&#8217; (Alianza)<\/a> y lo corroboran numerosos estudios a los que hace referencia en una de sus \u00faltimas publicaciones el <strong>doctor Sebasti\u00e1n La Rosa<\/strong>, que comparte en las plataformas digitales sus conocimientos sobre alimentaci\u00f3n, longevidad, h\u00e1bitos saludables y bienestar integral.<\/p>\n<p class=\"voc-p\" style=\"\">Ambos conceptos est\u00e1n estrechamente vinculados desde el punto de vista cient\u00edfico, que muestra que la sensaci\u00f3n de estar solo de manera cr\u00f3nica tiene un impacto negativo muy importante en la salud f\u00edsica y mental de las personas mayores. Y es que hablamos que m\u00e1s que un simple sentimiento, la soledad prolongada puede afectar al cuerpo y mente, acelerando el envejecimiento biol\u00f3gico y aumentando el riesgo de enfermedades graves y muerte prematura.<\/p>\n<p class=\"voc-p\" style=\"\">Seg\u00fan explica el divulgador argentino, alrededor del 85% de los resultados <strong>en t\u00e9rminos de bienestar y longevidad pueden alcanzarse con tres pilares fundamentales<\/strong>: un sue\u00f1o de calidad, alimentaci\u00f3n equilibrada y actividad f\u00edsica regular. Unos componentes, aunque a simple vista sencillos, representan una poderosa combinaci\u00f3n capaz de <strong>prevenir enfermedades, aumentar la energ\u00eda vital y optimizar los procesos biol\u00f3gicos<\/strong> que determinan la duraci\u00f3n y calidad de la vida. <\/p>\n<p class=\"voc-p\" style=\"\">De la Rosa advierte que hay un nuevo factor que adquiere cada vez mayor relevancia en el campo del envejecimiento: <strong>el aislamiento psicosocial<\/strong>. Este fen\u00f3meno, describe, no solo implica estar f\u00edsicamente solo, sino la percepci\u00f3n interna de desconexi\u00f3n con los dem\u00e1s. Es decir, <strong>sentirnos solos, aunque estemos rodeados de personas, tiene efectos biol\u00f3gicos similares a los de otras formas de estr\u00e9s cr\u00f3nico<\/strong>. \u00abHoy se sabe que el aislamiento psicosocial puede acelerar el deterioro tanto como una mala alimentaci\u00f3n o la falta de ejercicio\u00bb, afirma en un v\u00eddeo publicado en su cuenta de Tik Tok.<\/p>\n<blockquote class=\"tiktok-embed\" cite=\"https:\/\/www.tiktok.com\/@dr.larosa\/video\/7558835031393832248\" data-video-id=\"7558835031393832248\" style=\"max-width: 605px;min-width: 325px;\"><p>  <a target=\"_blank\" title=\"@dr.larosa\" href=\"https:\/\/www.tiktok.com\/@dr.larosa?refer=embed\" rel=\"nofollow noopener\">@dr.larosa<\/a> \ud83d\udde3\ufe0f Conectar con otros, compartir proyectos y mantener la mente activa parecen ser factores tan potentes como cualquier rutina f\u00edsica. La interacci\u00f3n social estimula el cerebro, reduce el estr\u00e9s y sostiene un prop\u00f3sito vital, elementos que se asocian con un envejecimiento m\u00e1s lento y una mejor calidad de vida. . \ud83e\udde0 La clave para la longevidad no est\u00e1 en suplementos caros ni en terapias futuristas. El 85% del resultado depende de tres pilares simples: dormir bien, comer bien y moverse lo suficiente. La base sigue siendo el sentido com\u00fan, pero aplicado con constancia. . \ud83d\udcaa A eso se le suma un nuevo frente de estudio: los mecanismos sociales del envejecimiento. Hoy se sabe que el aislamiento psicosocial puede acelerar el deterioro tanto como una mala alimentaci\u00f3n o la falta de ejercicio. . \ud83d\udcac \u00bfConocias esta relaci\u00f3n entre la longevidad y la soledad? . <a title=\"longevidad\" target=\"_blank\" href=\"https:\/\/www.tiktok.com\/tag\/longevidad?refer=embed\" rel=\"nofollow noopener\">#Longevidad<\/a> <a title=\"saludmental\" target=\"_blank\" href=\"https:\/\/www.tiktok.com\/tag\/saludmental?refer=embed\" rel=\"nofollow noopener\">#SaludMental<\/a> <a title=\"envejecimiento\" target=\"_blank\" href=\"https:\/\/www.tiktok.com\/tag\/envejecimiento?refer=embed\" rel=\"nofollow noopener\">#Envejecimiento<\/a> <a title=\"bienestar\" target=\"_blank\" href=\"https:\/\/www.tiktok.com\/tag\/bienestar?refer=embed\" rel=\"nofollow noopener\">#Bienestar<\/a> <a title=\"salud\" target=\"_blank\" href=\"https:\/\/www.tiktok.com\/tag\/salud?refer=embed\" rel=\"nofollow noopener\">#Salud<\/a> <a target=\"_blank\" title=\"\u266c sonido original - Doctor La Rosa\" href=\"https:\/\/www.tiktok.com\/music\/sonido-original-Doctor-La-Rosa-7558835061601110796?refer=embed\" rel=\"nofollow noopener\">\u266c sonido original &#8211; Doctor La Rosa<\/a>  <\/p><\/blockquote>\n<p class=\"voc-p\" style=\"\">Las investigaciones actuales muestran que la soledad prolongada puede alterar marcadores inflamatorios, afectar la funci\u00f3n inmunol\u00f3gica y acelerar el deterioro celular, contribuyendo a un envejecimiento prematuro. <\/p>\n<p class=\"voc-p\" style=\"\">\u00abEnvejecer bien no es solo vivir m\u00e1s a\u00f1os, sino vivirlos con sentido, con v\u00ednculos y con prop\u00f3sito\u00bb, indica el experto, que ahonda en que fomentar la conexi\u00f3n social es clave para una vida m\u00e1s saludable y longeva. Algo que destaca adem\u00e1s en el libro <strong>&#8216;Gu\u00eda para vivir sanos 120 a\u00f1os&#8217;<\/strong> Manuel de la Pe\u00f1a, cardi\u00f3logo y director de la C\u00e1tedra del Coraz\u00f3n y Longevidad del Instituto Europeo de Salud y Bienestar social, con la importancia del pensamiento positivo.<\/p>\n<ul class=\"oc-d-c-list__list\">\n<li class=\"voc-d-c-list__item\">\n<p class=\"voc-d-c-list__paragraph\">&#8211; Alimentaci\u00f3n saludable: Dietas como la mediterr\u00e1nea, DASH y el \u00cdndice Alternativo de Alimentaci\u00f3n Saludable (AHEI) est\u00e1n correlacionadas con un envejecimiento m\u00e1s saludable.\u200b<\/p>\n<\/li>\n<li class=\"voc-d-c-list__item\">\n<p class=\"voc-d-c-list__paragraph\">&#8211; Actividad f\u00edsica regular: Se recomienda hacer al menos 150 minutos semanales de actividad f\u00edsica moderada a vigorosa para preservar la funci\u00f3n f\u00edsica y mental.\u200b<\/p>\n<\/li>\n<li class=\"voc-d-c-list__item\">\n<p class=\"voc-d-c-list__paragraph\">&#8211; Salud mental y prop\u00f3sito vital: Mantener la mente activa con actividades que estimulen la memoria y el aprendizaje protege la funci\u00f3n cognitiva. Adem\u00e1s, tener un prop\u00f3sito vital claro, proyectos o rutinas con sentido reduce el riesgo de mortalidad y promueve una longevidad activa y plena. \u200b<\/p>\n<\/li>\n<li class=\"voc-d-c-list__item\">\n<p class=\"voc-d-c-list__paragraph\">&#8211; Relaciones sociales y manejo del estr\u00e9s: Las relaciones sociales s\u00f3lidas, el apoyo emocional y evitar el aislamiento contribuyen a la salud emocional, disminuci\u00f3n del estr\u00e9s y mejor calidad de vida.\u200b<\/p>\n<\/li>\n<\/ul>\n<p class=\"voc-p\" style=\"\">La conexi\u00f3n con los dem\u00e1s, la pertenencia a una comunidad y el intercambio afectivo se convierten as\u00ed en elementos terap\u00e9uticos y preventivos.<\/p>\n<p>\nSoledad como factor de riesgo para la salud\n<\/p>\n<p class=\"voc-p\" style=\"\">La soledad cr\u00f3nica est\u00e1 asociada a un mayor riesgo de enfermedades card\u00edacas, diabetes, c\u00e1ncer, presi\u00f3n arterial alta, obesidad, <strong>depresi\u00f3n, ansiedad y problemas cognitivos<\/strong> como el deterioro cognitivo y la demencia, incluyendo el Alzheimer.<\/p>\n<p class=\"voc-p\" style=\"\">Adem\u00e1s, las personas solas suelen adoptar conductas menos saludables, como fumar, beber alcohol en exceso, tener una dieta poco saludable y moverse menos, lo que agrava a\u00fan m\u00e1s su estado de salud. <\/p>\n<p class=\"voc-p\" style=\"\">La inflamaci\u00f3n cr\u00f3nica y la alteraci\u00f3n del sistema endocrino, con niveles elevados de cortisol (la hormona del estr\u00e9s), son mecanismos biol\u00f3gicos que vinculan la soledad con el deterioro f\u00edsico y el envejecimiento acelerado.<\/p>\n<p><script async src=\"\/\/www.tiktok.com\/embed.js\"><\/script><\/p>\n","protected":false},"excerpt":{"rendered":"La vivencia de lo tedioso es patol\u00f3gica hasta el extremo de relacionarse a la enfermedad. El aburrimiento y&hellip;\n","protected":false},"author":2,"featured_media":171978,"comment_status":"","ping_status":"","sticky":false,"template":"","format":"standard","meta":{"footnotes":""},"categories":[92],"tags":[3896,3214,11100,4808,25,24,19366,1998,165,19199,4879,12753,789,2465,166,11678,32840,23],"class_list":{"0":"post-171977","1":"post","2":"type-post","3":"status-publish","4":"format-standard","5":"has-post-thumbnail","7":"category-salud","8":"tag-acelerar","9":"tag-alimentacion","10":"tag-deterioro","11":"tag-ejercicio","12":"tag-es","13":"tag-espana","14":"tag-especialista","15":"tag-falta","16":"tag-health","17":"tag-longevidad","18":"tag-mala","19":"tag-medico","20":"tag-puede","21":"tag-rosa","22":"tag-salud","23":"tag-sebastian","24":"tag-soledad","25":"tag-spain"},"share_on_mastodon":{"url":"","error":""},"_links":{"self":[{"href":"https:\/\/www.europesays.com\/es\/wp-json\/wp\/v2\/posts\/171977","targetHints":{"allow":["GET"]}}],"collection":[{"href":"https:\/\/www.europesays.com\/es\/wp-json\/wp\/v2\/posts"}],"about":[{"href":"https:\/\/www.europesays.com\/es\/wp-json\/wp\/v2\/types\/post"}],"author":[{"embeddable":true,"href":"https:\/\/www.europesays.com\/es\/wp-json\/wp\/v2\/users\/2"}],"replies":[{"embeddable":true,"href":"https:\/\/www.europesays.com\/es\/wp-json\/wp\/v2\/comments?post=171977"}],"version-history":[{"count":0,"href":"https:\/\/www.europesays.com\/es\/wp-json\/wp\/v2\/posts\/171977\/revisions"}],"wp:featuredmedia":[{"embeddable":true,"href":"https:\/\/www.europesays.com\/es\/wp-json\/wp\/v2\/media\/171978"}],"wp:attachment":[{"href":"https:\/\/www.europesays.com\/es\/wp-json\/wp\/v2\/media?parent=171977"}],"wp:term":[{"taxonomy":"category","embeddable":true,"href":"https:\/\/www.europesays.com\/es\/wp-json\/wp\/v2\/categories?post=171977"},{"taxonomy":"post_tag","embeddable":true,"href":"https:\/\/www.europesays.com\/es\/wp-json\/wp\/v2\/tags?post=171977"}],"curies":[{"name":"wp","href":"https:\/\/api.w.org\/{rel}","templated":true}]}}