{"id":171987,"date":"2025-10-12T15:25:07","date_gmt":"2025-10-12T15:25:07","guid":{"rendered":"https:\/\/www.europesays.com\/es\/171987\/"},"modified":"2025-10-12T15:25:07","modified_gmt":"2025-10-12T15:25:07","slug":"una-mujer-se-atraganta-con-el-desayuno-y-muere-en-el-acto-en-un-bar-de-los-palacios","status":"publish","type":"post","link":"https:\/\/www.europesays.com\/es\/171987\/","title":{"rendered":"Una mujer se atraganta con el desayuno y muere en el acto en un bar de Los Palacios"},"content":{"rendered":"<p class=\"voc-p\" style=\"\">Una mujer ha fallecido este domingo por la ma\u00f1ana al <strong>atragantarse mientras desayunaba<\/strong> en un bar de Los Palacios y Villafranca. Los servicios sanitarios desplazados al lugar de los hechos no han podido hacer nada por salvar su vida.<\/p>\n<p class=\"voc-p\" style=\"\">El aviso lleg\u00f3 al servicio  &#8230; de Emergencias 112 <strong>a eso de las diez de la ma\u00f1ana<\/strong> de este 12 de octubre procedente de un establecimiento hostelero localizado en la calle Comunidad Aut\u00f3noma de La Rioja de la mencionada localidad sevillana.<\/p>\n<p class=\"voc-p\" style=\"\">La alarma advert\u00eda de una persona que se estaba ahogando y no pod\u00eda respirar, ante lo cual <strong>se desplaz\u00f3 al bar el 061<\/strong>. Sin embargo, los profesionales del servicio <strong>no consiguieron salvar la vida de la mujer<\/strong>, que muri\u00f3 en el acto all\u00ed mismo. La Polic\u00eda Local tambi\u00e9n estuvo en el lugar de los hechos.<\/p>\n<p>\nArt\u00edculo solo para suscriptores\n<\/p>\n<p>Reportar un error<\/p>\n","protected":false},"excerpt":{"rendered":"Una mujer ha fallecido este domingo por la ma\u00f1ana al atragantarse mientras desayunaba en un bar de Los&hellip;\n","protected":false},"author":2,"featured_media":171988,"comment_status":"","ping_status":"","sticky":false,"template":"","format":"standard","meta":{"footnotes":""},"categories":[8],"tags":[10357,42231,6172,17,18,7016,25,24,13,14,11,19,20,8938,2461,9,10,15,16,2619,23,12,21,22],"class_list":{"0":"post-171987","1":"post","2":"type-post","3":"status-publish","4":"format-standard","5":"has-post-thumbnail","7":"category-espana","8":"tag-acto","9":"tag-atraganta","10":"tag-bar","11":"tag-breaking-news","12":"tag-breakingnews","13":"tag-desayuno","14":"tag-es","15":"tag-espana","16":"tag-featured-news","17":"tag-featurednews","18":"tag-headlines","19":"tag-latest-news","20":"tag-latestnews","21":"tag-muere","22":"tag-mujer","23":"tag-news","24":"tag-noticias","25":"tag-noticias-destacadas","26":"tag-noticiasdestacadas","27":"tag-palacios","28":"tag-spain","29":"tag-titulares","30":"tag-ultimas-noticias","31":"tag-ultimasnoticias"},"share_on_mastodon":{"url":"","error":""},"_links":{"self":[{"href":"https:\/\/www.europesays.com\/es\/wp-json\/wp\/v2\/posts\/171987","targetHints":{"allow":["GET"]}}],"collection":[{"href":"https:\/\/www.europesays.com\/es\/wp-json\/wp\/v2\/posts"}],"about":[{"href":"https:\/\/www.europesays.com\/es\/wp-json\/wp\/v2\/types\/post"}],"author":[{"embeddable":true,"href":"https:\/\/www.europesays.com\/es\/wp-json\/wp\/v2\/users\/2"}],"replies":[{"embeddable":true,"href":"https:\/\/www.europesays.com\/es\/wp-json\/wp\/v2\/comments?post=171987"}],"version-history":[{"count":0,"href":"https:\/\/www.europesays.com\/es\/wp-json\/wp\/v2\/posts\/171987\/revisions"}],"wp:featuredmedia":[{"embeddable":true,"href":"https:\/\/www.europesays.com\/es\/wp-json\/wp\/v2\/media\/171988"}],"wp:attachment":[{"href":"https:\/\/www.europesays.com\/es\/wp-json\/wp\/v2\/media?parent=171987"}],"wp:term":[{"taxonomy":"category","embeddable":true,"href":"https:\/\/www.europesays.com\/es\/wp-json\/wp\/v2\/categories?post=171987"},{"taxonomy":"post_tag","embeddable":true,"href":"https:\/\/www.europesays.com\/es\/wp-json\/wp\/v2\/tags?post=171987"}],"curies":[{"name":"wp","href":"https:\/\/api.w.org\/{rel}","templated":true}]}}