{"id":171991,"date":"2025-10-12T15:27:09","date_gmt":"2025-10-12T15:27:09","guid":{"rendered":"https:\/\/www.europesays.com\/es\/171991\/"},"modified":"2025-10-12T15:27:09","modified_gmt":"2025-10-12T15:27:09","slug":"el-carballal-merece-mas-ante-el-lider-pero-sigue-sin-puntuar","status":"publish","type":"post","link":"https:\/\/www.europesays.com\/es\/171991\/","title":{"rendered":"El Carballal merece m\u00e1s ante el l\u00edder pero sigue sin puntuar"},"content":{"rendered":"<p class=\"paragraph-atom &#10;        B-500-300-700-N B-550-300-700-N--md  \">La enorme igualdad mostrada por Pereda y <a href=\"https:\/\/www.atlantico.net\/temas\/balonmano\/\" rel=\"nofollow noopener\" target=\"_blank\">Carballal<\/a> ayer en tierras santanderinas s\u00f3lo pod\u00eda acabar de una manera: con una acci\u00f3n determinante en los \u00faltimos segundos. Por desgracia <strong>para las viguesas,<\/strong> en este caso fue una p\u00e9rdida suya en un ataque en el buscaban regresar con un punto que habr\u00eda hecho justicia a lo mostrado durante los casi 60 minutos previos ante el que era, y sigue siendo, el l\u00edder de grupo. Pero no pudo ser y contin\u00faan sin haber sumado un solo punto en las tres jornadas disputadas.<\/p>\n<p class=\"paragraph-atom &#10;        B-500-300-700-N B-550-300-700-N--md  \">Es de esperar que el Carballal saque grandes ense\u00f1anzas del duelo de ayer. La primera, que puede competir contra cualquier rival de la categor\u00eda si se lo cree; la segunda, <strong>que tiene que atar las acciones finales. <\/strong>Sancho empat\u00f3 a 27 dentro del minuto final, pero una mala defensa permiti\u00f3 a Barquin poner por delante a las suyas. Hubo tiempo muerto vigu\u00e9s para jugar con siete pero lleg\u00f3 la p\u00e9rdida.<\/p>\n<p>        Pereda-Carballal (28-27)<\/p>\n<p class=\"paragraph-atom &#10;        B-500-300-700-N B-550-300-700-N--md  \"><strong>Pereda:<\/strong><\/p>\n<p class=\"paragraph-atom &#10;        B-500-300-700-N B-550-300-700-N--md  \">San Jos\u00e9 (4), Andrea Pell\u00f3n (2), De Prado, Barquin (5), Noa Regato, Aldara Valles, Nataliua L\u00f3pez, Jana Pinilla (2), Luc\u00eda Guilabert (3), Aida Brull (8), Marina Ferrer (1), Emma Fanjul (1), Mera, San Juan (2).<\/p>\n<p class=\"paragraph-atom &#10;        B-500-300-700-N B-550-300-700-N--md  \"><strong>Carballal:<\/strong><\/p>\n<p class=\"paragraph-atom &#10;        B-500-300-700-N B-550-300-700-N--md  \">Helena Sancho (4), Ant\u00eda Seijo (4), Patricia Mallo (4), Daniela Carranza, Naihara Costas, Lidia Portela, Luc\u00eda Villamar\u00edn (2), Mar\u00eda Pereira (2), Alejandra Montenegro, Mar\u00eda \u00c1lvarez (1), Nerea Arias (1), Ux\u00eda Fern\u00e1ndez (1), Sabela V\u00e1zquez (3), Salma Aakcha, Laura R\u00faa (2), Yaiza Alonso (3).<\/p>\n<p class=\"paragraph-atom &#10;        B-500-300-700-N B-550-300-700-N--md  \"><strong>Parciales:<\/strong><\/p>\n<p class=\"paragraph-atom &#10;        B-500-300-700-N B-550-300-700-N--md  \">3-3, 4-5, 6-6, 9-10, 12-12, 13-14 (descanso); 15-18, 19-18, 21-20, 22-23, 24-24, 28-27.<\/p>\n<p class=\"paragraph-atom &#10;        B-500-300-700-N B-550-300-700-N--md  \"><strong>\u00c1rbitros:<\/strong><\/p>\n<p class=\"paragraph-atom &#10;        B-500-300-700-N B-550-300-700-N--md  \">Cristian Da Silva y Tom\u00e1s Garc\u00eda. Excluyeron a la local Fanjul y a las visitantes Seijo, \u00c1lvarez y R\u00faa.<\/p>\n","protected":false},"excerpt":{"rendered":"La enorme igualdad mostrada por Pereda y Carballal ayer en tierras santanderinas s\u00f3lo pod\u00eda acabar de una manera:&hellip;\n","protected":false},"author":2,"featured_media":171992,"comment_status":"","ping_status":"","sticky":false,"template":"","format":"standard","meta":{"footnotes":""},"categories":[278],"tags":[376,34610,168,25,24,375,5564,13969,49769,1262,23,167],"class_list":{"0":"post-171991","1":"post","2":"type-post","3":"status-publish","4":"format-standard","5":"has-post-thumbnail","7":"category-balonmano","8":"tag-balonmano","9":"tag-carballal","10":"tag-deportes","11":"tag-es","12":"tag-espana","13":"tag-handball","14":"tag-lider","15":"tag-merece","16":"tag-puntuar","17":"tag-sigue","18":"tag-spain","19":"tag-sports"},"share_on_mastodon":{"url":"","error":""},"_links":{"self":[{"href":"https:\/\/www.europesays.com\/es\/wp-json\/wp\/v2\/posts\/171991","targetHints":{"allow":["GET"]}}],"collection":[{"href":"https:\/\/www.europesays.com\/es\/wp-json\/wp\/v2\/posts"}],"about":[{"href":"https:\/\/www.europesays.com\/es\/wp-json\/wp\/v2\/types\/post"}],"author":[{"embeddable":true,"href":"https:\/\/www.europesays.com\/es\/wp-json\/wp\/v2\/users\/2"}],"replies":[{"embeddable":true,"href":"https:\/\/www.europesays.com\/es\/wp-json\/wp\/v2\/comments?post=171991"}],"version-history":[{"count":0,"href":"https:\/\/www.europesays.com\/es\/wp-json\/wp\/v2\/posts\/171991\/revisions"}],"wp:featuredmedia":[{"embeddable":true,"href":"https:\/\/www.europesays.com\/es\/wp-json\/wp\/v2\/media\/171992"}],"wp:attachment":[{"href":"https:\/\/www.europesays.com\/es\/wp-json\/wp\/v2\/media?parent=171991"}],"wp:term":[{"taxonomy":"category","embeddable":true,"href":"https:\/\/www.europesays.com\/es\/wp-json\/wp\/v2\/categories?post=171991"},{"taxonomy":"post_tag","embeddable":true,"href":"https:\/\/www.europesays.com\/es\/wp-json\/wp\/v2\/tags?post=171991"}],"curies":[{"name":"wp","href":"https:\/\/api.w.org\/{rel}","templated":true}]}}