{"id":171993,"date":"2025-10-12T15:28:07","date_gmt":"2025-10-12T15:28:07","guid":{"rendered":"https:\/\/www.europesays.com\/es\/171993\/"},"modified":"2025-10-12T15:28:07","modified_gmt":"2025-10-12T15:28:07","slug":"curro-vazquez-y-cesar-rincon-abren-el-tunel-del-tiempo-y-la-puerta-grande-en-el-historico-festival-de-antonete-en-las-ventas-gracias-morante-el-mundo","status":"publish","type":"post","link":"https:\/\/www.europesays.com\/es\/171993\/","title":{"rendered":"Curro V\u00e1zquez y C\u00e9sar Rinc\u00f3n abren el t\u00fanel del tiempo y la Puerta Grande en el hist\u00f3rico festival de Anto\u00f1ete en Las Ventas: &quot;\u00a1Gracias, Morante!&quot; &#8211; El Mundo"},"content":{"rendered":"<ol>\n<li><a href=\"https:\/\/news.google.com\/rss\/articles\/CBMigwFBVV95cUxNTzBhSlRuUUpzYTNkQk4zNjJZZVZhbkNvaXVVMEdJWVZlSHhwTWdjelNRYko4UUxVR255OENfTzJVdFlpVV9udENLZnNfUTFfdms5VEptZ1MzazNOaG1xa1ZfNjhramxzRENZZEEwTFVOVWl0X2tCUUhHVklNQUxCd3NmZ9IBgwFBVV95cUxPWHRRdFg2VG5mYkEzN21nVHRQUDBZLW1wdWpIMmhGbHZDNVhtcmFkMWNyTUI1NE9UbHM4cTdIblZaYnNOYWgtSGlhekc3SVkxckI1RUg2TFNMZ0Vnc2YxRWktZDRYUXUwX3dmNzVTTE1rOFpIQ1ZTWkhSMHhQbS1FRjNlMA?oc=5\" target=\"_blank\" rel=\"nofollow noopener\">Curro V\u00e1zquez y C\u00e9sar Rinc\u00f3n abren el t\u00fanel del tiempo y la Puerta Grande en el hist\u00f3rico festival de Anto\u00f1ete en Las Ventas: \u00ab\u00a1Gracias, Morante!\u00bb<\/a>&nbsp;&nbsp;El Mundo<\/li>\n<li><a href=\"https:\/\/news.google.com\/rss\/articles\/CBMitgFBVV95cUxNSEQ0RTc4M1dpZi03ZWtBOFdpcEV3dXBqS2RTczF3bFlXdTAwM1NkWFlUa01ydWpIS1hBaFU2b1h3c1hZWWZHYmk5TlVQSlpoYkk2RjdWYm52SDE1a25DVVBod3JXRWU0MmJaV3NyYmlxSXQwNGt0UmF1b05QeEVFcW5YR1dHazV2Snc5U2V4dkpPMHN3aVUwR0RLTUV2eW1jcWJXZ3BMVFhVYnVPNmVUdXlvQmViZ9IBuwFBVV95cUxPOW5ZSzN0M192UklIaV83R2tDb0JQNW5VVjRHWlBkc0QzUk1vamdFeU1mZWFlVjZ5UFNEVklCWTBoLVVRaHF0NU1LeEs0WlFTY0lVMl9rN3JWTVVob2xCMlc0Y0Ntd2h6NHl1T3M4YkRDell0WEltUmRtSlhMTUE3dlc2QXZKUFVJRWFZUWlCaFhQUHV4R04wLWFBdDExZFg2bTdHSkE4bkJTc0lSc3ZySGdndkU1WFoybXZF?oc=5\" target=\"_blank\" rel=\"nofollow noopener\">Plaza Monumental de Las Ventas, 12 de octubre de 2025<\/a>&nbsp;&nbsp;El Confidencial<\/li>\n<li><a href=\"https:\/\/news.google.com\/rss\/articles\/CBMif0FVX3lxTE4xRmY0bzMzSlFibXhsNVF1ZXlxM21tX1lMMUNveUgtdzNuOEplTlRsc01IOTFiQUFPSjdQUlFyR2d1dzFLYlJMZHAtTUtyUFR2UTE3Q2dfRHowLWNUX28wbUN2VWNGdjl6NS1Kemw0bjFBWWM0U3BrZlE3b0lyWGc?oc=5\" target=\"_blank\" rel=\"nofollow noopener\">Festival taurino en Las Ventas: Un emocionante t\u00fanel del tiempo | Cultura<\/a>&nbsp;&nbsp;EL PA\u00cdS<\/li>\n<li><a href=\"https:\/\/news.google.com\/rss\/articles\/CBMitwFBVV95cUxPTmJqTVI1QWwtZ2JpOU9ocXZiQ19QRUlmV2NWc0FkaXdtaHpDczBWSlJydml0clMyNVAtMkxMUDQ3R2lTdTFQVEV3UVVkUm9hOEUyYVp5dUlBQWNTVHAyNnY4VGRDVEVWdGZnY2lHWDBmY0J2dDBvWmNLZ3huaFNmbUhpUXVCSW93cVNQbFl3T1J6UHA1U1hSQWNocmpPMlZ3NzEzWTJtc3F1c0RENVp5aUdwaGc1RFU?oc=5\" target=\"_blank\" rel=\"nofollow noopener\">Morante inaugura el monumento a Anto\u00f1ete: \u00abEspero que mis compa\u00f1eros puedan disfrutar en el festival por el enredo en el que les he metido\u00bb<\/a>&nbsp;&nbsp;ABC<\/li>\n<li><a href=\"https:\/\/news.google.com\/rss\/articles\/CBMimgFBVV95cUxOS1Q4bFBtTHJkVjF4ME5HeWVWaUlzR0Vrai05ZGNxWVEtT2pxYWVJWHFseXdMVGwzOUZaUS1KZHA1bHM2WnhUVlB0d0VVYXhzY0ZEa25FaUwwdmR2SU4tYWRjZnluNmpKaE5zVHptaWhWakQ5UVVnZHFlR0hvWXk4elhhcmhZLTU1c2FidWZaa0ozcTJMYi1ya2tn?oc=5\" target=\"_blank\" rel=\"nofollow noopener\">Descubierta en Las Ventas la estatua homenaje a Anto\u00f1ete<\/a>&nbsp;&nbsp;las-ventas.com<\/li>\n<\/ol>\n","protected":false},"excerpt":{"rendered":"Curro V\u00e1zquez y C\u00e9sar Rinc\u00f3n abren el t\u00fanel del tiempo y la Puerta Grande en el hist\u00f3rico festival&hellip;\n","protected":false},"author":2,"featured_media":171994,"comment_status":"","ping_status":"","sticky":false,"template":"","format":"standard","meta":{"footnotes":""},"categories":[277],"tags":[373,819,168,25,24,205,1392,23,167,374,444],"class_list":{"0":"post-171993","1":"post","2":"type-post","3":"status-publish","4":"format-standard","5":"has-post-thumbnail","7":"category-toreo","8":"tag-bullfighting","9":"tag-cultura-toros","10":"tag-deportes","11":"tag-es","12":"tag-espana","13":"tag-madrid","14":"tag-morante-de-la-puebla","15":"tag-spain","16":"tag-sports","17":"tag-toreo","18":"tag-toros"},"share_on_mastodon":{"url":"","error":""},"_links":{"self":[{"href":"https:\/\/www.europesays.com\/es\/wp-json\/wp\/v2\/posts\/171993","targetHints":{"allow":["GET"]}}],"collection":[{"href":"https:\/\/www.europesays.com\/es\/wp-json\/wp\/v2\/posts"}],"about":[{"href":"https:\/\/www.europesays.com\/es\/wp-json\/wp\/v2\/types\/post"}],"author":[{"embeddable":true,"href":"https:\/\/www.europesays.com\/es\/wp-json\/wp\/v2\/users\/2"}],"replies":[{"embeddable":true,"href":"https:\/\/www.europesays.com\/es\/wp-json\/wp\/v2\/comments?post=171993"}],"version-history":[{"count":0,"href":"https:\/\/www.europesays.com\/es\/wp-json\/wp\/v2\/posts\/171993\/revisions"}],"wp:featuredmedia":[{"embeddable":true,"href":"https:\/\/www.europesays.com\/es\/wp-json\/wp\/v2\/media\/171994"}],"wp:attachment":[{"href":"https:\/\/www.europesays.com\/es\/wp-json\/wp\/v2\/media?parent=171993"}],"wp:term":[{"taxonomy":"category","embeddable":true,"href":"https:\/\/www.europesays.com\/es\/wp-json\/wp\/v2\/categories?post=171993"},{"taxonomy":"post_tag","embeddable":true,"href":"https:\/\/www.europesays.com\/es\/wp-json\/wp\/v2\/tags?post=171993"}],"curies":[{"name":"wp","href":"https:\/\/api.w.org\/{rel}","templated":true}]}}