{"id":172027,"date":"2025-10-12T15:46:17","date_gmt":"2025-10-12T15:46:17","guid":{"rendered":"https:\/\/www.europesays.com\/es\/172027\/"},"modified":"2025-10-12T15:46:17","modified_gmt":"2025-10-12T15:46:17","slug":"buena-calidad-tecnologia-premium-para-salir-al-campo-amigo-de-las-mascotas-y-a-un-precio-sorprendente","status":"publish","type":"post","link":"https:\/\/www.europesays.com\/es\/172027\/","title":{"rendered":"buena calidad, tecnolog\u00eda premium, para salir al campo, amigo de las mascotas\u2026 y a un precio sorprendente"},"content":{"rendered":"<p>El nuevo Jaecoo 5 llega al disputado segmento C-SUV ofreciendo un producto que no desmerece en calidad, equipamiento y comportamiento din\u00e1mico, y todo a un precio muy competitivo. Lo hemos conducido, tanto en carretera como fuera del asfalto.<\/p>\n<p>La marca <b>Jaecoo<\/b>, parte del <b>gigante chino Chery<\/b>, sigue consolidando su presencia en Europa y en el mercado espa\u00f1ol con el lanzamiento del <b>nuevo Jaecoo 5,<\/b> un SUV compacto que se presenta como una alternativa muy seria en el segmento C-SUV. Ya se pone a la venta en <b>versiones de gasolina y el\u00e9ctrica desde 19.990 euros en la versi\u00f3n de entrada <\/b>(con descuento de marca y concesionario, descuento por permuta (entregar tu coche viejo) y financiaci\u00f3n con la marca incluidos, adem\u00e1s del Moves en la variante EV) y para<b> final de a\u00f1o llegar\u00e1 una versi\u00f3n h\u00edbrida,<\/b> completando as\u00ed una <b>gama multienerg\u00eda que contar\u00e1 con las etiquetas C, ECO y CERO.<\/b><\/p>\n<p>Descuento de marca y concesionario, descuento por permuta (entregar tu coche viejo) y por financiaci\u00f3n con la marca<\/p>\n<p>                            <img decoding=\"async\" src=\"https:\/\/www.europesays.com\/es\/wp-content\/uploads\/2025\/10\/770x_1648D13A2196.jpg\" loading=\"lazy\"\/><\/p>\n<p>\u00abCon Jaecoo 5 queremos consolidar nuestra posici\u00f3n en el segmento C-SUV pero <b>tambi\u00e9n queremos atacar al segmento B-SUV<\/b>, liderado por el <a href=\"https:\/\/www.eleconomista.es\/motor\/noticias\/13003111\/09\/24\/el-mg-zs-hybrid-ya-tiene-precio-en-espana-asi-el-el-suv-etiqueta-eco-mas-barato-del-mercado.html\" title=\"El MG ZS Hybrid ya tiene precio en Espa\u00f1a: as\u00ed es el SUV etiqueta ECO m\u00e1s barato del mercado\" rel=\"nofollow noopener\" target=\"_blank\">MG ZS<\/a> y el <a href=\"https:\/\/www.eleconomista.es\/motor\/noticias\/13503698\/08\/25\/seat-arona-2025-cada-vez-mas-cerca-la-actualizacion-del-suv-espanol-mas-vendido.html\" title=\"Seat Arona 2025: cada vez m\u00e1s cerca la actualizaci\u00f3n del SUV espa\u00f1ol m\u00e1s vendido\" rel=\"nofollow noopener\" target=\"_blank\">Seat Arona<\/a>. Con su tama\u00f1o, caracter\u00edsticas y precio queremos atraer a los clientes de esta franja del mercado\u00bb, nos confiesa <b>Francesco Colonnese<\/b>, vicepresidente en Omoda &amp; Jaecoo Espa\u00f1a.<\/p>\n<p>El nuevo modelo mide <b>4,38 metros de largo<\/b> (12 cent\u00edmetros menos que el Jaecoo 7), 1,86 de ancho y 1,65 m de alto. A nivel est\u00e9tico destaca su dise\u00f1o c\u00fabico y robusto. Su <b>versi\u00f3n de gasolina luce una parrilla frontal con barras verticales<\/b> tipo cascada, mientras que la <b>versi\u00f3n el\u00e9ctrica opta por un frontal m\u00e1s limpio<\/b> (particularmente me gusta m\u00e1s), con una banda multicapa que refuerza su car\u00e1cter tecnol\u00f3gico.<\/p>\n<p>                            <img decoding=\"async\" src=\"https:\/\/www.europesays.com\/es\/wp-content\/uploads\/2025\/10\/770x_253D13A0801.jpg\" loading=\"lazy\"\/><\/p>\n<p>                            Diferencia de dise\u00f1o entre la versi\u00f3n de gasolina (arriba) y la variante 100% el\u00e9ctrica.<\/p>\n<p>                            <img decoding=\"async\" src=\"https:\/\/www.europesays.com\/es\/wp-content\/uploads\/2025\/10\/770x_218D13A0766.jpg\" loading=\"lazy\"\/><\/p>\n<p>En ambos casos, las \u00f3pticas LED se extienden a lo largo del frontal y la zaga, donde destaca un spoiler prominente y una barra luminosa que cruza el port\u00f3n trasero. Las llantas de 18 pulgadas y el techo flotante completan un dise\u00f1o.<\/p>\n<p>Interior tecnol\u00f3gico y amplio<\/p>\n<p>Nada m\u00e1s entrar en el habit\u00e1culo, <b>se respira amplitud.<\/b> El protagonismo se lo lleva una<b> pantalla vertical t\u00e1ctil de 13,2 pulgadas<\/b>, con una interfaz fluida y bien resuelta, desde la que se controlan casi todas las funciones del veh\u00edculo. No obstante, echamos en falta interruptores f\u00edsicos que agilicen en paso a ciertas funciones b\u00e1sicas.<\/p>\n<p>                            <img decoding=\"async\" src=\"https:\/\/www.europesays.com\/es\/wp-content\/uploads\/2025\/10\/770x_0C4A0739.jpg\" loading=\"lazy\"\/><\/p>\n<p>                            Pantalla central en cascada unida a la consola central.<\/p>\n<p>Se complementa con una <b>pantalla digital de instrumentaci\u00f3n de 8,88 pulgadas<\/b> y un<b> volante de doble radio en forma de D,<\/b> ya visto en modelos de Omoda. Se ofrece con <b>dos versiones, Pure y Exclusive <\/b>(3.000 euros de diferencia entre ambas).<\/p>\n<p>                            <img decoding=\"async\" src=\"https:\/\/www.europesays.com\/es\/wp-content\/uploads\/2025\/10\/770x_0C4A0794.jpg\" loading=\"lazy\"\/><\/p>\n<p>                            Cuadro de instrumentos de 8,8 pulgadas.<\/p>\n<p>La calidad de materiales es muy buena. Los <b>asientos de cuero sint\u00e9tico (o tela en la versi\u00f3n b\u00e1sica)<\/b> cuentan con calefacci\u00f3n y ventilaci\u00f3n en el acabado Exclusive, y la consola central flotante incorpora m\u00faltiples huecos, una superficie refrigerada y<b> carga inal\u00e1mbrica r\u00e1pida de hasta 50W.<\/b><\/p>\n<p>El <b>techo panor\u00e1mico practicable de 1,45 m2<\/b>, disponible en el acabado alto, refuerza la sensaci\u00f3n de amplitud, al igual que los <b>2,63 metros de batalla<\/b>, que permiten una muy buena habitabilidad trasera.<\/p>\n<p>                            <img decoding=\"async\" src=\"https:\/\/www.europesays.com\/es\/wp-content\/uploads\/2025\/10\/770x_0C4A0811.jpg\" loading=\"lazy\"\/><\/p>\n<p>                            Los pasajeros de las plazas traseras viajar\u00e1n c\u00f3modos.<\/p>\n<p>Confort a bordo<\/p>\n<p>Durante la <b>prueba din\u00e1mica<\/b>, el Jaecoo 5 se comport\u00f3 de forma m\u00e1s que <b>solvente tanto en carretera como en una ruta off-road<\/b> ligera que la marca nos ten\u00eda preparada (su <b>distancia al suelo es de 17 cm <\/b>y la capacidad de vadeo de 45 cm).<\/p>\n<p>                            <img decoding=\"async\" src=\"https:\/\/www.europesays.com\/es\/wp-content\/uploads\/2025\/10\/770x_1823D13A2371.jpg\" loading=\"lazy\"\/><\/p>\n<p>                            Buen comportamiento del Jaecoo 5 (tracci\u00f3n delantera) durante la ruta off-road.<\/p>\n<p>A los mandos de la <b>versi\u00f3n el\u00e9ctrica<\/b> (211 CV), el SUV responde con agilidad en ciudad y <b>se desenvuelve con bastante soltura<\/b> respondiendo perfectamente en v\u00eda r\u00e1pida con un <b>0 a 100 km\/h en 7,7 segundos.<\/b><\/p>\n<p>El modelo declara <b>402 km de autonom\u00eda<\/b> (WLTP) con un consumo medio de 16,5 kWh\/100 km (nosotros alcanzamos los 19 kWh\/100 km, una cifra muy buena sobre todo porque la mayor\u00eda del recorrido fue a velocidades altas). Dispone adem\u00e1s de <b>carga bidireccional V2L<\/b> con una toma de 220V en el maletero. El modelo no cuenta con levas en el volante, como en otros competidores, para \u00abjugar\u00bb a nuestro antojo con los niveles de retenci\u00f3n (en el Jaecoo 5, de momento, se tienen que ajustar a trav\u00e9s de la pantalla central).<\/p>\n<p>La <b>variante de gasolina<\/b>, equipada con un <b>motor 1.6 T-GDI de 147 CV y 275 Nm,<\/b> transmite suavidad gracias a su caja autom\u00e1tica de doble embrague de 7 relaciones. Aunque no busca emociones fuertes, ofrece <b>buena respuesta<\/b> en modo Sport (el modelo cuenta con los modos Eco, Normal y Sport) y destaca por su insonorizaci\u00f3n, gracias al uso de doble acristalamiento.<\/p>\n<p>A <b>finales de a\u00f1o se incorporar\u00e1 una versi\u00f3n h\u00edbrida<\/b> autorrecargable (pensamos que ser\u00e1 la m\u00e1s exitosa) con un sistema de <b>224 CV combinados<\/b> y consumo medio de 5,3 l\/100 km, que ya se posiciona como uno de los candidatos a obtener la <b>etiqueta ECO<\/b> con mejor relaci\u00f3n entre precio, eficiencia y potencia.<\/p>\n<p>Comentar la capacidad de remolque con frenos es de hasta 1.250?kg y la baca soporta hasta 75?kg.<\/p>\n<p>Hasta 1.284 litros de maletero<\/p>\n<p>En <b>materia de seguridad<\/b>, el Jaecoo 5 destaca con <b>siete airbags y 19 asistentes ADAS de serie<\/b>, incluyendo control de crucero adaptativo, mantenimiento de carril o frenada autom\u00e1tica de emergencia. Tambi\u00e9n incluye una <b>c\u00e1mara panor\u00e1mica de 540\u00ba<\/b>, sistema de acceso y arranque sin llave, y climatizaci\u00f3n remota mediante App o llave inteligente.<\/p>\n<p>La capacidad del <b>maletero<\/b> tambi\u00e9n sorprende: <b>480 litros en gasolina y el\u00e9ctrico<\/b>, ampliables hasta 1.284 litros abatiendo los asientos traseros. <b>El h\u00edbrido ofrecer\u00e1 410 litros<\/b> debido a la bater\u00eda, hasta 1.214 litros.<\/p>\n<p>                            <img decoding=\"async\" src=\"https:\/\/www.europesays.com\/es\/wp-content\/uploads\/2025\/10\/770x_0C4A0774.jpg\" loading=\"lazy\"\/><\/p>\n<p>Uno de los <b>detalles m\u00e1s innovadores<\/b> es su <a href=\"https:\/\/www.eleconomista.es\/motor\/noticias\/13510131\/08\/25\/el-jaecoo-5-esta-al-llegar-el-suv-que-tu-perro-aprobaria-y-tu-tambien.html\" title=\"El Jaecoo 5 est\u00e1 al llegar: el SUV que tu perro aprobar\u00eda (y t\u00fa tambi\u00e9n)\" rel=\"nofollow noopener\" target=\"_blank\">interior Pet-Friendly<\/a>, avalado por T\u00dcV Rheinland, con <b>tapicer\u00edas resistentes a ara\u00f1azos y olores<\/b> y <b>accesorios espec\u00edficos para mascotas.<\/b> Hablamos de un transport\u00edn acolchado plegable f\u00e1cil de guardar, una barrera para el maletero con anillas de sujeci\u00f3n integradas, una alfombra de maletero o un rascador para gatos. Los asientos tienen tapizados antibacterianos, m\u00e1s resistentes y f\u00e1ciles de limpiar. Asimismo, se ha cuidado el dise\u00f1o y la <b>efectividad del filtro del aire acondicionado<\/b>, para retener mejor el pelo de las mascotas y garantizar que la atm\u00f3sfera a bordo permanezca m\u00e1s limpia y fresca.<\/p>\n<p>WhatsApp<a href=\"https:\/\/api.whatsapp.com\/send?text=https:\/\/www.eleconomista.es\/motor\/noticias\/13587464\/10\/25\/probamos-el-jaecoo-5-buena-calidad-tecnologia-premium-para-salir-al-campo-amigo-de-las-mascotas-y-a-un-precio-sorprendente.html?utm_source%3Dwhatsapp%26utm_medium%3Dshare_button&amp;id=1648118629957_whatsapp\" target=\"_blank\" data-action=\"share\/whatsapp\/share\" aria-label=\"Compartir en Whatsapp\" rel=\"nofollow noopener\"><\/a>Facebook<a id=\"fb-share\" href=\"#\" target=\"_blank\" rel=\"noopener noreferrer\" aria-label=\"Compartir en Facebook\"><\/a>Twitter<a href=\"https:\/\/twitter.com\/share?text=Probamos+el+Jaecoo+5%3A+buena+calidad%2C+tecnolog%C3%ADa+premium%2C+para+salir+al+campo%2C+amigo+de+las+mascotas%E2%80%A6+y+a+un+precio+sorprendente&amp;url=https:\/\/www.eleconomista.es\/motor\/noticias\/13587464\/10\/25\/probamos-el-jaecoo-5-buena-calidad-tecnologia-premium-para-salir-al-campo-amigo-de-las-mascotas-y-a-un-precio-sorprendente.html&amp;via=elEconomistaes&amp;id=1648118839245_twitter\" target=\"_blank\" aria-label=\"Compartir en Twitter\" rel=\"nofollow noopener\"><\/a>Linkedin<a href=\"https:\/\/linkedin.com\/share?text=https:\/\/www.eleconomista.es\/motor\/noticias\/13587464\/10\/25\/probamos-el-jaecoo-5-buena-calidad-tecnologia-premium-para-salir-al-campo-amigo-de-las-mascotas-y-a-un-precio-sorprendente.html&amp;via=elEconomistaes\" target=\"_blank\" aria-label=\"Compartir en linkedin\" rel=\"nofollow noopener\"><\/a>Beloud<a href=\"https:\/\/beloud.com\/share?text=Probamos+el+Jaecoo+5%3A+buena+calidad%2C+tecnolog%C3%ADa+premium%2C+para+salir+al+campo%2C+amigo+de+las+mascotas%E2%80%A6+y+a+un+precio+sorprendente&amp;url=https:\/\/www.eleconomista.es\/motor\/noticias\/13587464\/10\/25\/probamos-el-jaecoo-5-buena-calidad-tecnologia-premium-para-salir-al-campo-amigo-de-las-mascotas-y-a-un-precio-sorprendente.html&amp;via=elEconomistaes&amp;id=1648118839245_beloud\" target=\"_blank\" aria-label=\"Compartir en beloud\" rel=\"nofollow noopener\"><\/a>Bluesky<a href=\"https:\/\/bsky.app\/intent\/compose?text=https:\/\/bsky.app\/intent\/compose?text=https:\/\/www.eleconomista.es\/motor\/noticias\/13587464\/10\/25\/probamos-el-jaecoo-5-buena-calidad-tecnologia-premium-para-salir-al-campo-amigo-de-las-mascotas-y-a-un-precio-sorprendente.html&amp;url=https:\/\/www.eleconomista.es\/motor\/noticias\/13587464\/10\/25\/probamos-el-jaecoo-5-buena-calidad-tecnologia-premium-para-salir-al-campo-amigo-de-las-mascotas-y-a-un-precio-sorprendente.html&amp;via=elEconomistaes&amp;id=1648118839245_bluesky\" target=\"_blank\" aria-label=\"Compartir en bluesky\" rel=\"nofollow noopener\"><\/a><\/p>\n<p><script async src=\"https:\/\/platform.twitter.com\/widgets.js\" charset=\"utf-8\"><\/script><\/p>\n","protected":false},"excerpt":{"rendered":"El nuevo Jaecoo 5 llega al disputado segmento C-SUV ofreciendo un producto que no desmerece en calidad, equipamiento&hellip;\n","protected":false},"author":2,"featured_media":172028,"comment_status":"","ping_status":"","sticky":false,"template":"","format":"standard","meta":{"footnotes":""},"categories":[80],"tags":[82,95,94,25,24,2362,23],"class_list":{"0":"post-172027","1":"post","2":"type-post","3":"status-publish","4":"format-standard","5":"has-post-thumbnail","7":"category-economia","8":"tag-business","9":"tag-economia","10":"tag-economy","11":"tag-es","12":"tag-espana","13":"tag-motor","14":"tag-spain"},"share_on_mastodon":{"url":"","error":""},"_links":{"self":[{"href":"https:\/\/www.europesays.com\/es\/wp-json\/wp\/v2\/posts\/172027","targetHints":{"allow":["GET"]}}],"collection":[{"href":"https:\/\/www.europesays.com\/es\/wp-json\/wp\/v2\/posts"}],"about":[{"href":"https:\/\/www.europesays.com\/es\/wp-json\/wp\/v2\/types\/post"}],"author":[{"embeddable":true,"href":"https:\/\/www.europesays.com\/es\/wp-json\/wp\/v2\/users\/2"}],"replies":[{"embeddable":true,"href":"https:\/\/www.europesays.com\/es\/wp-json\/wp\/v2\/comments?post=172027"}],"version-history":[{"count":0,"href":"https:\/\/www.europesays.com\/es\/wp-json\/wp\/v2\/posts\/172027\/revisions"}],"wp:featuredmedia":[{"embeddable":true,"href":"https:\/\/www.europesays.com\/es\/wp-json\/wp\/v2\/media\/172028"}],"wp:attachment":[{"href":"https:\/\/www.europesays.com\/es\/wp-json\/wp\/v2\/media?parent=172027"}],"wp:term":[{"taxonomy":"category","embeddable":true,"href":"https:\/\/www.europesays.com\/es\/wp-json\/wp\/v2\/categories?post=172027"},{"taxonomy":"post_tag","embeddable":true,"href":"https:\/\/www.europesays.com\/es\/wp-json\/wp\/v2\/tags?post=172027"}],"curies":[{"name":"wp","href":"https:\/\/api.w.org\/{rel}","templated":true}]}}