{"id":172029,"date":"2025-10-12T15:47:07","date_gmt":"2025-10-12T15:47:07","guid":{"rendered":"https:\/\/www.europesays.com\/es\/172029\/"},"modified":"2025-10-12T15:47:07","modified_gmt":"2025-10-12T15:47:07","slug":"israel-preve-que-los-rehenes-en-manos-de-hamas-sean-liberados-el-lunes-temprano-internacional","status":"publish","type":"post","link":"https:\/\/www.europesays.com\/es\/172029\/","title":{"rendered":"Israel prev\u00e9 que los rehenes en manos de Ham\u00e1s sean liberados el lunes temprano | Internacional"},"content":{"rendered":"<p class=\"\">Israel y Ham\u00e1s se preparan para canjear en las pr\u00f3ximas horas a los \u00faltimos rehenes en Gaza por la excarcelaci\u00f3n de cerca de 2.000 presos palestinos. El intercambio comenzar\u00e1 a primera hora del lunes, con la entrega por Ham\u00e1s de los cautivos al Comit\u00e9 Internacional de la Cruz Roja, seg\u00fan ha informado la oficina del primer ministro israel\u00ed, Benjam\u00edn Netanyahu. La milicia islamista ya ha comenzado a concentrarlos desde los lugares donde los distintos grupos armados los manten\u00edan retenidos. Es <a href=\"https:\/\/elpais.com\/internacional\/2025-10-12\/el-alto-el-fuego-en-gaza-se-enfrenta-a-su-primera-gran-prueba.html\" target=\"_self\" rel=\"nofollow noopener\" title=\"https:\/\/elpais.com\/internacional\/2025-10-12\/el-alto-el-fuego-en-gaza-se-enfrenta-a-su-primera-gran-prueba.html\">la primera gran prueba de fuego<\/a> del plan de Donald Trump, que entr\u00f3 en vigor el viernes, para poner a fin a la masacre en Gaza. <\/p>\n<p class=\"\">La portavoz de la oficina de Netanyahu, Shosh Bedrosian, <a href=\"https:\/\/elpais.com\/internacional\/2025-10-12\/ultima-hora-del-conflicto-en-oriente-proximo-en-directo.html\" target=\"_self\" rel=\"nofollow noopener\" title=\"https:\/\/elpais.com\/internacional\/2025-10-12\/ultima-hora-del-conflicto-en-oriente-proximo-en-directo.html\">ha precisado<\/a> que los \u2015al menos 20\u2015 rehenes con vida ser\u00e1n entregados a la vez, a diferencia de los intercambios de las dos treguas anteriores, en 2023 y principios de 2025. No est\u00e1 claro, en cambio, cu\u00e1ntos cad\u00e1veres recibir\u00e1. <\/p>\n<p class=\"\">La portavoz ha precisado que Israel comenzar\u00e1 a liberar a los reclusos palestinos en cuanto confirme que ha recibido todos los rehenes que prev\u00e9. La frase indica que es consciente de que no ser\u00e1n todos los 48, ya que Ham\u00e1s tiene dificultades para juntar los restos de los fallecidos. Son entre 26 y 28, ya que hay dos (un israel\u00ed y un nepal\u00ed) cuyo estado se desconoce. <\/p>\n<p class=\"\">Se calcula que el proceso puede llevar incluso semanas o meses. De hecho, un subapartado del acuerdo rubricado en la localidad egipcia de Sharm el Sheij \u2014y cuyo contenido desvel\u00f3 en primer lugar la radiotelevisi\u00f3n p\u00fablica israel\u00ed\u2014 consiste en la creaci\u00f3n de un mecanismo para que Israel y Ham\u00e1s compartan informaci\u00f3n (por medio de los mediadores y del Comit\u00e9 Internacional de la Cruz Roja) sobre aquellos cad\u00e1veres que no puedan entregar este lunes. La milicia se compromete adem\u00e1s en el texto a <a href=\"https:\/\/elpais.com\/internacional\/2025-10-09\/el-alto-el-fuego-en-gaza-entrara-en-vigor-24-horas-despues-de-que-el-gobierno-israeli-lo-ratifique-esta-tarde.html\" target=\"_self\" rel=\"nofollow noopener\" title=\"https:\/\/elpais.com\/internacional\/2025-10-09\/el-alto-el-fuego-en-gaza-entrara-en-vigor-24-horas-despues-de-que-el-gobierno-israeli-lo-ratifique-esta-tarde.html\">\u201cejercer los m\u00e1ximos esfuerzos posibles\u201d<\/a> para asegurarse de que todos los rehenes israel\u00edes sin vida acaban recibiendo la exhumaci\u00f3n m\u00e1s digna posible. <\/p>\n<p class=\"\">Israel tambi\u00e9n ha ido moviendo presos con vistas a la excarcelaci\u00f3n de 1.950 palestinos. La gran mayor\u00eda, 1.700, los arrestaron en Gaza las tropas israel\u00edes durante estos dos a\u00f1os de invasi\u00f3n, con un ojo puesto en usarlos m\u00e1s adelante como moneda de cambio. Ninguno de los detenidos particip\u00f3 en el ataque, organizado por Ham\u00e1s, de octubre de 2023, que desencaden\u00f3 la masacre de Gaza. <\/p>\n<p>Exclusiones<\/p>\n<p class=\"\">El Gobierno de Netanyahu se ha negado en redondo a la petici\u00f3n de Ham\u00e1s de incluir en la lista a dos l\u00edderes carism\u00e1ticos condenados por la justicia militar israel\u00ed como cerebros de ataques contra israel\u00edes. Son Ahmad Saadat, el hist\u00f3rico secretario general del Frente Popular para la Liberaci\u00f3n de Palestina \u2015la segunda facci\u00f3n m\u00e1s importante, por detr\u00e1s de Al Fatah, de la Organizaci\u00f3n para la Liberaci\u00f3n de Palestina (OLP)\u2015 y <a href=\"https:\/\/elpais.com\/internacional\/2024-03-07\/la-familia-del-reo-palestino-mas-destacado-denuncia-torturas-en-prisiones-israelies.html\" target=\"_self\" rel=\"nofollow noopener\" title=\"https:\/\/elpais.com\/internacional\/2024-03-07\/la-familia-del-reo-palestino-mas-destacado-denuncia-torturas-en-prisiones-israelies.html\">Marw\u00e1n Barghuti<\/a>. <\/p>\n<p class=\"\">Este \u00faltimo es un icono para los palestinos: el m\u00e1s popular y m\u00e1s capaz de generar consenso entre las distintas facciones, como hizo el hist\u00f3rico rais Yasir Arafat. Es, por tanto, la ant\u00edtesis del actual presidente y l\u00edder de Al Fatah, Mahmud Abbas, <a href=\"https:\/\/elpais.com\/internacional\/2022-11-25\/cada-vez-mas-solo-y-autoritario-mahmud-abbas-lucha-por-designar-a-su-sucesor.html\" target=\"_self\" rel=\"nofollow noopener\" title=\"https:\/\/elpais.com\/internacional\/2022-11-25\/cada-vez-mas-solo-y-autoritario-mahmud-abbas-lucha-por-designar-a-su-sucesor.html\">con \u00edndices \u00ednfimos de aprobaci\u00f3n<\/a> y que apoya el desarme de Ham\u00e1s y el plan de Trump, pese a que apenas le reserva un rol futuro y condicionado en la gesti\u00f3n de Gaza.<\/p>\n<p class=\"\">La misma ma\u00f1ana del canje, el presidente de Estados Unidos, Donald Trump, ser\u00e1 recibido por Netanyahu y por Amir Ohana, el presidente del Parlamento israel\u00ed, donde pronunciar\u00e1 un discurso. Ser\u00e1 el cuarto presidente de Estados Unidos en dirigirse a la Kneset, despu\u00e9s de Jimmy Carter (1979), Bill Clinton (1994) y George W. Bush (2008). En preparaci\u00f3n, el edificio est\u00e1 iluminado con los colores presentes en las banderas de Israel y Estados Unidos: azul, blanco y rojo. <\/p>\n<p class=\"\">Ser\u00e1 una visita rel\u00e1mpago antes de volar a la localidad egipcia de Sharm el Sheij para participar en la cumbre internacional de firma de su plan para Gaza, ese mismo d\u00eda. Acudir\u00e1n l\u00edderes de una veintena de pa\u00edses, pero no de Israel. <\/p>\n","protected":false},"excerpt":{"rendered":"Israel y Ham\u00e1s se preparan para canjear en las pr\u00f3ximas horas a los \u00faltimos rehenes en Gaza por&hellip;\n","protected":false},"author":2,"featured_media":172030,"comment_status":"","ping_status":"","sticky":false,"template":"","format":"standard","meta":{"footnotes":""},"categories":[42],"tags":[17,18,68,70,71,72,13,14,73,69,75,11,61,62,63,64,74,19,20,9,10,15,16,77,76,12,21,22,65,66,67],"class_list":{"0":"post-172029","1":"post","2":"type-post","3":"status-publish","4":"format-standard","5":"has-post-thumbnail","7":"category-internacional","8":"tag-breaking-news","9":"tag-breakingnews","10":"tag-conflicto-arabe-israeli","11":"tag-conflictos","12":"tag-conflictos-armados","13":"tag-conflictos-internacionales","14":"tag-featured-news","15":"tag-featurednews","16":"tag-franja-gaza","17":"tag-guerra","18":"tag-hamas","19":"tag-headlines","20":"tag-internacional","21":"tag-international","22":"tag-international-news","23":"tag-internationalnews","24":"tag-israel","25":"tag-latest-news","26":"tag-latestnews","27":"tag-news","28":"tag-noticias","29":"tag-noticias-destacadas","30":"tag-noticiasdestacadas","31":"tag-oriente-proximo","32":"tag-palestina","33":"tag-titulares","34":"tag-ultimas-noticias","35":"tag-ultimasnoticias","36":"tag-world","37":"tag-world-news","38":"tag-worldnews"},"share_on_mastodon":{"url":"","error":""},"_links":{"self":[{"href":"https:\/\/www.europesays.com\/es\/wp-json\/wp\/v2\/posts\/172029","targetHints":{"allow":["GET"]}}],"collection":[{"href":"https:\/\/www.europesays.com\/es\/wp-json\/wp\/v2\/posts"}],"about":[{"href":"https:\/\/www.europesays.com\/es\/wp-json\/wp\/v2\/types\/post"}],"author":[{"embeddable":true,"href":"https:\/\/www.europesays.com\/es\/wp-json\/wp\/v2\/users\/2"}],"replies":[{"embeddable":true,"href":"https:\/\/www.europesays.com\/es\/wp-json\/wp\/v2\/comments?post=172029"}],"version-history":[{"count":0,"href":"https:\/\/www.europesays.com\/es\/wp-json\/wp\/v2\/posts\/172029\/revisions"}],"wp:featuredmedia":[{"embeddable":true,"href":"https:\/\/www.europesays.com\/es\/wp-json\/wp\/v2\/media\/172030"}],"wp:attachment":[{"href":"https:\/\/www.europesays.com\/es\/wp-json\/wp\/v2\/media?parent=172029"}],"wp:term":[{"taxonomy":"category","embeddable":true,"href":"https:\/\/www.europesays.com\/es\/wp-json\/wp\/v2\/categories?post=172029"},{"taxonomy":"post_tag","embeddable":true,"href":"https:\/\/www.europesays.com\/es\/wp-json\/wp\/v2\/tags?post=172029"}],"curies":[{"name":"wp","href":"https:\/\/api.w.org\/{rel}","templated":true}]}}