{"id":172034,"date":"2025-10-12T15:50:11","date_gmt":"2025-10-12T15:50:11","guid":{"rendered":"https:\/\/www.europesays.com\/es\/172034\/"},"modified":"2025-10-12T15:50:11","modified_gmt":"2025-10-12T15:50:11","slug":"el-balonmano-leganes-ya-mira-a-lo-mas-alto","status":"publish","type":"post","link":"https:\/\/www.europesays.com\/es\/172034\/","title":{"rendered":"el Balonmano Legan\u00e9s ya mira a lo m\u00e1s alto"},"content":{"rendered":"<p>El Healthy Poke Balonmano Legan\u00e9s ha arrancado la temporada 2025\/2026 en Divisi\u00f3n de Honor Plata Femenina demostrando que va muy en serio. Tras tres jornadas disputadas, <strong>las pepineras suman dos victorias y una derrota por la m\u00ednima<\/strong>, un balance que confirma su excelente estado de forma y las coloca entre los equipos m\u00e1s s\u00f3lidos del grupo.<\/p>\n<p>El conjunto dirigido por <strong>C\u00e9sar \u00c1lvarez ha dado un golpe en la mesa<\/strong>: Legan\u00e9s est\u00e1 preparado para mirar hacia arriba.<\/p>\n<p><strong>Un inicio que invita al optimismo<\/strong><\/p>\n<p>El debut liguero, ante su afici\u00f3n en el Pabell\u00f3n Manuel Cadenas, fue un aut\u00e9ntico festival ofensivo. <strong>Las leganenses arrollaron al Balonmano Fuentes Carrionas por 45-20,<\/strong> con un juego r\u00e1pido, contundente y coral.<\/p>\n<p>&#8211; Publicidad Contin\u00fae leyendo &#8211;<\/p>\n<p>El equipo domin\u00f3 todos los aspectos del partido, mostrando una defensa f\u00e9rrea y una efectividad goleadora que ilusion\u00f3 a una grada volcada. <strong>Jugadoras como Mar\u00eda Lucero M\u00e1rquez, Edurne Donderis y Paula Jerez<\/strong> brillaron en un encuentro que sirvi\u00f3 como carta de presentaci\u00f3n de un proyecto ambicioso.<\/p>\n<p><strong>Una derrota que reforz\u00f3 al equipo<\/strong><\/p>\n<p>Una semana m\u00e1s tarde, <strong>el Legan\u00e9s cay\u00f3 en el \u00faltimo segundo en A Ca\u00f1iza por un ajustado 27-26<\/strong>, en un choque marcado por la igualdad y las decisiones arbitrales en el tramo final. Pese al resultado, el grupo mostr\u00f3 madurez, car\u00e1cter y una gran capacidad para competir lejos de casa, dejando claro que este a\u00f1o el equipo no se viene abajo ante la adversidad.<\/p>\n<p><strong>Golpe de autoridad en Legan\u00e9s<\/strong><\/p>\n<p>De vuelta al Manuel Cadenas este fin de semana, el BM Legan\u00e9s femenino ha vuelto a dar un golpe de autoridad con un contundente resultado ante el Sar Rodavigo. Un 40-27 a favor de las locales, que las consolida como uno de los<strong> favoritos para ascender <\/strong>esta temporada.<\/p>\n<p>&#8211; Publicidad Contin\u00fae leyendo &#8211;<\/p>\n<p>Edurne Donderis fue sin duda la m\u00e1s destacada del encuentro. Su precisi\u00f3n en los tiros<strong> le permiti\u00f3 anotar m\u00faltiples goles decisivos<\/strong> adem\u00e1s de asistir eficazmente a sus compa\u00f1eros cuando era necesario.<\/p>\n<p><strong>En forma y con ambici\u00f3n<\/strong><\/p>\n<p>El Balonmano Legan\u00e9s ha arrancado la temporada con un nivel que recuerda al de los equipos que acaban arriba. La mezcla de<strong> juventud, experiencia y solidez t\u00e1ctica<\/strong> ha dado forma a un bloque competitivo y ambicioso que ya sue\u00f1a con pelear por el ascenso. El objetivo est\u00e1 claro: <strong>mantener el ritmo, seguir creciendo <\/strong>y convertir cada partido en un paso m\u00e1s hacia la \u00e9lite.<\/p>\n","protected":false},"excerpt":{"rendered":"El Healthy Poke Balonmano Legan\u00e9s ha arrancado la temporada 2025\/2026 en Divisi\u00f3n de Honor Plata Femenina demostrando que&hellip;\n","protected":false},"author":2,"featured_media":172035,"comment_status":"","ping_status":"","sticky":false,"template":"","format":"standard","meta":{"footnotes":""},"categories":[278],"tags":[376,49796,168,25,24,375,23,167],"class_list":{"0":"post-172034","1":"post","2":"type-post","3":"status-publish","4":"format-standard","5":"has-post-thumbnail","7":"category-balonmano","8":"tag-balonmano","9":"tag-club-balonmano-leganes","10":"tag-deportes","11":"tag-es","12":"tag-espana","13":"tag-handball","14":"tag-spain","15":"tag-sports"},"share_on_mastodon":{"url":"","error":""},"_links":{"self":[{"href":"https:\/\/www.europesays.com\/es\/wp-json\/wp\/v2\/posts\/172034","targetHints":{"allow":["GET"]}}],"collection":[{"href":"https:\/\/www.europesays.com\/es\/wp-json\/wp\/v2\/posts"}],"about":[{"href":"https:\/\/www.europesays.com\/es\/wp-json\/wp\/v2\/types\/post"}],"author":[{"embeddable":true,"href":"https:\/\/www.europesays.com\/es\/wp-json\/wp\/v2\/users\/2"}],"replies":[{"embeddable":true,"href":"https:\/\/www.europesays.com\/es\/wp-json\/wp\/v2\/comments?post=172034"}],"version-history":[{"count":0,"href":"https:\/\/www.europesays.com\/es\/wp-json\/wp\/v2\/posts\/172034\/revisions"}],"wp:featuredmedia":[{"embeddable":true,"href":"https:\/\/www.europesays.com\/es\/wp-json\/wp\/v2\/media\/172035"}],"wp:attachment":[{"href":"https:\/\/www.europesays.com\/es\/wp-json\/wp\/v2\/media?parent=172034"}],"wp:term":[{"taxonomy":"category","embeddable":true,"href":"https:\/\/www.europesays.com\/es\/wp-json\/wp\/v2\/categories?post=172034"},{"taxonomy":"post_tag","embeddable":true,"href":"https:\/\/www.europesays.com\/es\/wp-json\/wp\/v2\/tags?post=172034"}],"curies":[{"name":"wp","href":"https:\/\/api.w.org\/{rel}","templated":true}]}}